{"id":2589,"date":"2022-11-10T13:09:39","date_gmt":"2022-11-10T12:09:39","guid":{"rendered":"https:\/\/www.blakors.no\/borgestadklinikken\/?p=2589"},"modified":"2023-03-29T09:06:26","modified_gmt":"2023-03-29T07:06:26","slug":"trygghet-og-mot-til-a-vaere-en-rusfri-mamma","status":"publish","type":"post","link":"https:\/\/www.blakors.no\/klinikk-skien\/nyheter\/trygghet-og-mot-til-a-vaere-en-rusfri-mamma\/","title":{"rendered":"Trygghet og mot til \u00e5 v\u00e6re en rusfri mamma"},"content":{"rendered":"\n<figure class=\"wp-block-image size-large\"><img loading=\"lazy\" decoding=\"async\" width=\"768\" height=\"1024\" src=\"https:\/\/www.blakors.no\/content\/uploads\/sites\/16\/2022\/11\/pasient-gravide-okt-2022-768x1024.jpeg\" alt=\"kvinne med ryggen til prater med jordmor\" class=\"wp-image-2596\" srcset=\"https:\/\/www.blakors.no\/content\/uploads\/sites\/16\/2022\/11\/pasient-gravide-okt-2022-768x1024.jpeg 768w, https:\/\/www.blakors.no\/content\/uploads\/sites\/16\/2022\/11\/pasient-gravide-okt-2022-225x300.jpeg 225w, https:\/\/www.blakors.no\/content\/uploads\/sites\/16\/2022\/11\/pasient-gravide-okt-2022-1152x1536.jpeg 1152w, https:\/\/www.blakors.no\/content\/uploads\/sites\/16\/2022\/11\/pasient-gravide-okt-2022-scaled.jpeg 1536w\" sizes=\"auto, (max-width: 768px) 100vw, 768px\" \/><\/figure>\n\n\n\n<div class=\"wp-block-lib-header alignfull hide\"><div class=\"image-wrapper\"><img decoding=\"async\" src=\"https:\/\/www.blakors.no\/content\/uploads\/sites\/16\/2022\/11\/pasient-gravide-okt-2022-scaled.jpeg\"\/><\/div><div class=\"header-innercontent\">\n\n<\/div><\/div>\n\n\n\n<p><em>Hun er nybakt mamma til ei lita jente og er som ferske m\u00f8dre flest, litt sliten og matt, men veldig glad. Det meste av svangerskapet har hun v\u00e6rt p\u00e5 seksjon for gravide ved Bl\u00e5 Kors Borgestadklinikken. N\u00e5 er hun tydelig p\u00e5 at hun skal v\u00e6re en rusfri mamma.<\/em><\/p>\n\n\n\n<p>12 uker gravid kom den unge kvinnen, som er i 30-\u00e5rene, til klinikken. Bakgrunnen var bruk av cannabis og hun kom inn p\u00e5 \u00abtvang\u00bb etter et \u00a7 10-3 vedtak om innleggelse mot eget samtykke.<\/p>\n\n\n\n<p>-Jeg ble henta hjemme og fikk ikke noe annet valg enn \u00e5 bli med. Det var vanskelig og t\u00f8ft den f\u00f8rste tiden. Jeg kjente p\u00e5 mye tristhet rundt det egentlig. To ganger var jeg i fylkesnemda for sosiale saker for \u00e5 f\u00e5 vedtaket ugyldig, men fikk ikke medhold. Etter det bestemte meg for \u00e5 gj\u00f8re det beste ut av det. I dag er jeg veldig glad for at jeg kom hit. Det ble en god ro etterhvert, og jeg er takknemlig for at jeg kom hit s\u00e5pass tidlig i svangerskapet.<\/p>\n\n\n\n<p>Hun forteller at hun ruste seg hver dag p\u00e5 cannabis. Da hun oppdaget graviditeten fors\u00f8kte hun \u00e5 trappe ned.<\/p>\n\n\n\n<p>-Det er vondt \u00e5 tenke p\u00e5 n\u00e5 at jeg fortsatt r\u00f8ykte cannabis selv om jeg visste jeg var gravid, og jeg hadde nok ikke klart \u00e5 slutte p\u00e5 egen h\u00e5nd.<\/p>\n\n\n\n<h2 class=\"wp-block-heading\" id=\"h-avhengig-av-cannabis\"><strong>Avhengig av cannabis<\/strong><\/h2>\n\n\n\n<p>Cannabisavhengigheten har vart i rundt 10 \u00e5r, sier hun og forteller at i hennes milj\u00f8 er det helt vanlig \u00e5 bruke mye cannabis. Hun har ikke tidligere hatt kontakt med behandlingsapparatet eller kommunal rustjeneste.<\/p>\n\n\n\n<p>&#8211;<em>Men tenker du p\u00e5 deg selv som en rusmiddelmisbruker?<\/em><\/p>\n\n\n\n<p>-Det var jo det jeg var. Jeg var helt avhengig. Har jobbet med den erkjennelsen i samtaler med behandler her. M\u00e5tte ha cannabis for \u00e5 sove blant annet. Avhengigheten gikk ut over psyken, jeg gikk fort \u00abi kjelleren\u00bb, og hadde d\u00e5rlig selvtillit. En blir liksom i en boble og er litt fjern. Bruken gikk jo ogs\u00e5 utover \u00f8konomien. &nbsp;Jeg er helt ferdig med det livet, men jeg har m\u00e5ttet bli kjent med meg selv p\u00e5 nytt.<\/p>\n\n\n\n<div class=\"wp-block-lib-accentuated-link\"><a class=\"lib-link__link\" href=\"https:\/\/www.blakors.no\/fagside\/gravide-og-rus\/\" rel=\"noreferrer noopener\" target=\"_blank\"><div class=\"lib-link__text-content\"><h6 id=\"les-mer-om\"  class=\"lib-link__tagline\" >LEs MER OM<\/h6><h3 id=\"gravide-og-rus\"  class=\"lib-link__title\" >Gravide og rus<\/h3><\/div><\/a><\/div>\n\n\n\n<h2 id=\"a-skape-tro-pa-at-endring-er-mulig\"  class=\"wp-block-heading\" ><strong>\u00c5 skape tro p\u00e5 at endring er mulig<\/strong><\/h2>\n\n\n\n<p>-Pasienten har virkelig jobbet hardt her, sier jordmor anerkjennende. Sentralt i tilbudet for gravide er \u00e5 skjerme det uf\u00f8dte barnet mot rus, st\u00f8tte og veilede kvinnen og m\u00f8te henne med respekt, gi trygghet og mot. Vi \u00f8nsker ogs\u00e5 \u00e5 skape tro p\u00e5 muligheter og at endring er mulig, sier jordmor.<\/p>\n\n\n\n<p>-Jeg sa ja-takk til alle tilbud i avdelingen, noe som jo er frivillig selv om en er lagt inn p\u00e5 tvang, forteller hun. Det innebar samtaler med behandler, oppf\u00f8lging av jordmor, undervisning, turer og milj\u00f8terapi som er sentrale deler av tilbudet.<\/p>\n\n\n\n<blockquote class=\"wp-block-quote is-layout-flow wp-block-quote-is-layout-flow\">\n<p>Jordmor Elisabeth Skreosen: Vi \u00f8nsker \u00e5 skape tro p\u00e5 muligheter og at endring er mulig<\/p>\n<\/blockquote>\n\n\n\n<p>Hun forteller ogs\u00e5 at selv om rammene p\u00e5 en behandlingspost med pasienter som er innlagt uten eget samtykke kan v\u00e6re strenge med l\u00e5ste d\u00f8rer, s\u00e5 fikk hun raskt mulighet til \u00e5 ha permisjoner og fulgte ogs\u00e5 opp en deltidsjobb der hun bor.<\/p>\n\n\n\n<div class=\"wp-block-lib-accentuated-link\"><a class=\"lib-link__link\" href=\"https:\/\/www.blakors.no\/klinikk-skien\/seksjon-for-gravide\/\" rel=\"\"><div class=\"lib-link__text-content\"><h6 id=\"les-ogsa\"  class=\"lib-link__tagline\" >Les ogs\u00e5<\/h6><h3 id=\"seksjon-for-gravide\"  class=\"lib-link__title\" >Seksjon for gravide<\/h3><\/div><\/a><\/div>\n\n\n\n<h2 id=\"barseltid-og-veien-videre\"  class=\"wp-block-heading\" ><strong>Barseltid og veien videre<\/strong><\/h2>\n\n\n\n<p>De f\u00f8rste ukene etter f\u00f8dselen har pasienten v\u00e6rt&nbsp; i barselopphold p\u00e5 seksjon for gravide, &nbsp;noe klinikken tilbyr etter f\u00f8dsel. Mange takker ja til det den f\u00f8rste s\u00e5rbare tiden, og f\u00e5r st\u00f8tte og oppf\u00f8lging fra personalet. N\u00e5r det gjelder videre behandling s\u00e5 er familietilbudet ved klinikken et godt alternativ for mange. Noen ogs\u00e5 da med barnefar\/partner. Der er rusbehandling sentralt og det&nbsp; jobbes mer med foreldreskapet og samspill\/utvikling hos barnet. Noen pasienter drar videre til ett mor\/barn senter for utredning av omsorgsevne, mens andre drar hjem slik denne pasienten \u00f8nsker. &nbsp;<\/p>\n\n\n\n<p>-Jeg er alene, men dette skal jeg klare! Nettverket mitt er dessverre begrenset, men det er godt \u00e5 ha egen leilighet og det blir oppf\u00f8lging fra barnevern, rusteam og andre i kommunen, forteller hun.<\/p>\n<div class=\"article-meta--info\">\n<div class=\"dekode-module-was-this-helpful\">\n\t<div class=\"\">\n\t\t<h2>Var dette nyttig?<\/h2>\n\t\t<form id=\"dekode-wth-form\">\n\t\t\t<button id=\"dekode-wth-yes\" class=\"button\" name=\"dekode-wth-feedback\" type=\"submit\"\n\t\t\t\t\tvalue=\"1\">Ja<\/button>\n\t\t\t<button id=\"dekode-wth-no\" class=\"button\" name=\"dekode-wth-feedback\" type=\"submit\"\n\t\t\t\t\tvalue=\"0\">Nei<\/button>\n\t\t\t<input type=\"hidden\" name=\"post_id\" value=\"2589\"\/>\n\t\t<\/form>\n\t<\/div>\n<\/div>\n\n<div class=\"relations\">\n\t<div class=\"latest-updated\">\n\t\t<span class=\"label\">Senest oppdatert: <\/span>\n\t\t<span class=\"content\">29.03.2023<\/span>\n\t<\/div>\n\t\t\t<div class=\"author\">\n\t\t\t<span class=\"label\">Skribent: <\/span>\n\t\t\t<span class=\"content\">\n\t\t\t\t<a href=\"https:\/\/www.blakors.no\/klinikk-skien\/?post_type=person&#038;p=555\">Hilde Evensen Holm (Kommunikasjonsansvarlig)<\/a>\n\t\t\t\t\t\t\t<\/span>\n\t\t<\/div>\n\t<\/div>\n<\/div>","protected":false},"excerpt":{"rendered":"<p>Hun er nybakt mamma til ei lita jente og er som ferske m\u00f8dre flest, litt sliten og matt, men veldig glad. Det meste av svangerskapet har hun v\u00e6rt p\u00e5 seksjon for gravide ved Bl\u00e5 Kors Borgestadklinikken. N\u00e5 er hun tydelig p\u00e5 at hun skal v\u00e6re en rusfri mamma. 12 uker gravid kom den unge kvinnen, [&hellip;]<\/p>\n","protected":false},"author":7,"featured_media":2596,"comment_status":"closed","ping_status":"closed","sticky":true,"template":"","format":"standard","meta":{"_acf_changed":false,"_relevanssi_hide_post":"","_relevanssi_hide_content":"","_relevanssi_pin_for_all":"","_relevanssi_pin_keywords":"","_relevanssi_unpin_keywords":"","_relevanssi_related_keywords":"","_relevanssi_related_include_ids":"","_relevanssi_related_exclude_ids":"","_relevanssi_related_no_append":"","_relevanssi_related_not_related":"","_relevanssi_related_posts":"2292,1672,1898,1842,1311,1416","_relevanssi_noindex_reason":"","_custom_cards_description":"","footnotes":""},"categories":[7],"tags":[],"internal_tags":[],"class_list":["post-2589","post","type-post","status-publish","format-standard","has-post-thumbnail","hentry","category-aktuelt"],"acf":[],"_links":{"self":[{"href":"https:\/\/www.blakors.no\/klinikk-skien\/wp-json\/wp\/v2\/posts\/2589","targetHints":{"allow":["GET"]}}],"collection":[{"href":"https:\/\/www.blakors.no\/klinikk-skien\/wp-json\/wp\/v2\/posts"}],"about":[{"href":"https:\/\/www.blakors.no\/klinikk-skien\/wp-json\/wp\/v2\/types\/post"}],"author":[{"embeddable":true,"href":"https:\/\/www.blakors.no\/klinikk-skien\/wp-json\/wp\/v2\/users\/7"}],"replies":[{"embeddable":true,"href":"https:\/\/www.blakors.no\/klinikk-skien\/wp-json\/wp\/v2\/comments?post=2589"}],"version-history":[{"count":5,"href":"https:\/\/www.blakors.no\/klinikk-skien\/wp-json\/wp\/v2\/posts\/2589\/revisions"}],"predecessor-version":[{"id":2921,"href":"https:\/\/www.blakors.no\/klinikk-skien\/wp-json\/wp\/v2\/posts\/2589\/revisions\/2921"}],"wp:featuredmedia":[{"embeddable":true,"href":"https:\/\/www.blakors.no\/klinikk-skien\/wp-json\/wp\/v2\/media\/2596"}],"wp:attachment":[{"href":"https:\/\/www.blakors.no\/klinikk-skien\/wp-json\/wp\/v2\/media?parent=2589"}],"wp:term":[{"taxonomy":"category","embeddable":true,"href":"https:\/\/www.blakors.no\/klinikk-skien\/wp-json\/wp\/v2\/categories?post=2589"},{"taxonomy":"post_tag","embeddable":true,"href":"https:\/\/www.blakors.no\/klinikk-skien\/wp-json\/wp\/v2\/tags?post=2589"},{"taxonomy":"internal_tags","embeddable":true,"href":"https:\/\/www.blakors.no\/klinikk-skien\/wp-json\/wp\/v2\/internal_tags?post=2589"}],"curies":[{"name":"wp","href":"https:\/\/api.w.org\/{rel}","templated":true}]}}