{"id":3541,"date":"2024-04-24T13:14:27","date_gmt":"2024-04-24T11:14:27","guid":{"rendered":"https:\/\/www.blakors.no\/klinikk-skien\/?p=3541"},"modified":"2024-12-30T09:29:25","modified_gmt":"2024-12-30T08:29:25","slug":"et-farvel-til-rusen","status":"publish","type":"post","link":"https:\/\/www.blakors.no\/klinikk-skien\/nyheter\/et-farvel-til-rusen\/","title":{"rendered":"Et farvel til rusen"},"content":{"rendered":"\n<div class=\"wp-block-lib-header alignfull hide\"><div class=\"image-wrapper\"><img decoding=\"async\" src=\"https:\/\/www.blakors.no\/content\/uploads\/sites\/16\/2024\/12\/christ-brigante.jpeg\" alt=\"header\"\/><\/div><div class=\"header-innercontent\"><\/div><\/div>\n\n\n\n<p><em>Christer markerer fire \u00e5r som rusfri med utgivelse av en ny l\u00e5t. Musikk er medisinen min, dette er mitt farvel til rusen, sier han.<\/em><\/p>\n\n\n\n<p>Christer (37) var 19 m\u00e5neder i behandling hos oss ved Bl\u00e5 Kors klinikk Skien. I dag lever han et stabilt og godt familieliv og er under utdanning med m\u00e5l om \u00e5 bli vernepleier. Christer er ogs\u00e5 musiker. Han er aktuell n\u00e5 med l\u00e5ten \u00abHvis jeg faller\u00bb. Dette er hans farvel til rusen, forteller han.&nbsp;<\/p>\n\n\n\n<figure class=\"wp-block-image size-large is-resized\"><img loading=\"lazy\" decoding=\"async\" width=\"768\" height=\"1024\" src=\"https:\/\/www.blakors.no\/content\/uploads\/sites\/16\/2024\/12\/christ-brigante-768x1024.jpeg\" alt=\"\" class=\"wp-image-3666\" style=\"width:800px;height:auto\" srcset=\"https:\/\/www.blakors.no\/content\/uploads\/sites\/16\/2024\/12\/christ-brigante-768x1024.jpeg 768w, https:\/\/www.blakors.no\/content\/uploads\/sites\/16\/2024\/12\/christ-brigante-225x300.jpeg 225w, https:\/\/www.blakors.no\/content\/uploads\/sites\/16\/2024\/12\/christ-brigante-1152x1536.jpeg 1152w, https:\/\/www.blakors.no\/content\/uploads\/sites\/16\/2024\/12\/christ-brigante-1536x2048.jpeg 1536w, https:\/\/www.blakors.no\/content\/uploads\/sites\/16\/2024\/12\/christ-brigante-1080x1440.jpeg 1080w\" sizes=\"auto, (max-width: 768px) 100vw, 768px\" \/><\/figure>\n\n\n\n<h2 id=\"tung-rus-i-mange-ar\"  class=\"wp-block-heading\" >Tung rus i mange \u00e5r<\/h2>\n\n\n\n<p>Christer forteller at han ruste seg fra 17 \u00e5rs alder. Rusen opplevdes \u00e5 gi ro til en kropp og et hode som var konstant urolig.<\/p>\n\n\n\n<p>-Jeg brukte etter hvert stoffer som benzodiazepiner og amfetamin, men jeg innr\u00f8mte ikke at jeg hadde noe problem, jeg mente \u00e5 ha kontroll. Jeg var mye sint og finansierte dopet med salg og annen kriminalitet. Det var m\u00f8rkt, og det var t\u00f8ft.<\/p>\n\n\n\n<p>Musikken er viktig for han, ogs\u00e5 i \u00e5rene med tung rus. En tid ble artisttilv\u00e6relse og rus sjonglert. Han ble spilt med artistnavnet Dividizzl blant annet p\u00e5 Nrk P3 s \u00abUr\u00f8rt\u00bb, og var etterspurt artist p\u00e5 festivaler. Men n\u00e5r han ikke lenger m\u00f8tte opp til avtaler i studio eller holdt andre forpliktelser ble det slutt.<\/p>\n\n\n\n<h2 id=\"vendepunktet\"  class=\"wp-block-heading\" >Vendepunktet<\/h2>\n\n\n\n<figure class=\"wp-block-image size-large is-resized\"><img loading=\"lazy\" decoding=\"async\" width=\"1024\" height=\"1024\" src=\"https:\/\/www.blakors.no\/content\/uploads\/sites\/16\/2024\/04\/promobilde-2-christer-gjerstad-1024x1024.jpeg\" alt=\"mann med caps ser i kamera\" class=\"wp-image-3539\" style=\"width:800px;height:auto\" srcset=\"https:\/\/www.blakors.no\/content\/uploads\/sites\/16\/2024\/04\/promobilde-2-christer-gjerstad-1024x1024.jpeg 1024w, https:\/\/www.blakors.no\/content\/uploads\/sites\/16\/2024\/04\/promobilde-2-christer-gjerstad-300x300.jpeg 300w, https:\/\/www.blakors.no\/content\/uploads\/sites\/16\/2024\/04\/promobilde-2-christer-gjerstad-150x150.jpeg 150w, https:\/\/www.blakors.no\/content\/uploads\/sites\/16\/2024\/04\/promobilde-2-christer-gjerstad-768x768.jpeg 768w, https:\/\/www.blakors.no\/content\/uploads\/sites\/16\/2024\/04\/promobilde-2-christer-gjerstad-1536x1536.jpeg 1536w, https:\/\/www.blakors.no\/content\/uploads\/sites\/16\/2024\/04\/promobilde-2-christer-gjerstad-2048x2048.jpeg 2048w, https:\/\/www.blakors.no\/content\/uploads\/sites\/16\/2024\/04\/promobilde-2-christer-gjerstad-200x200.jpeg 200w, https:\/\/www.blakors.no\/content\/uploads\/sites\/16\/2024\/04\/promobilde-2-christer-gjerstad-1440x1440.jpeg 1440w\" sizes=\"auto, (max-width: 1024px) 100vw, 1024px\" \/><figcaption class=\"wp-element-caption\">Foto: Espen T\u00f8nnesen<\/figcaption><\/figure>\n\n\n\n<p>Han er pappa til to, og forteller at han p\u00e5 et tidspunkt fikk beskjed fra mor til det eldste barnet at han ikke kunne v\u00e6re i livet hennes s\u00e5 lenge han ruste seg. &nbsp;Da samboer blir gravid kommer vendepunktet. Christer vil ut av rusen, bli pappa igjen, leve \u00abnormalt\u00bb. Det ble starten p\u00e5 et 19 m\u00e5neders langt behandlingsl\u00f8p.<\/p>\n\n\n\n<h2 id=\"behandling-og-selvhjelp\"  class=\"wp-block-heading\" >Behandling og selvhjelp<\/h2>\n\n\n\n<p>Behandling var heftig, sier Christer.<\/p>\n\n\n\n<p>-Jeg m\u00e5tte l\u00e6re \u00e5 regulere f\u00f8lelser, kontrollere sinne, forst\u00e5 meg selv og jobbe med traumer. Jeg deltok ogs\u00e5 p\u00e5 mange selvhjelpsgrupper utenfor klinikken, og traff folk der som ble gode forbilder. De hadde en s\u00e5nn ro over seg\u2014kunne jeg f\u00e5 det?<\/p>\n\n\n\n<p>Christer sier han holdt p\u00e5 \u00e5 gi opp mange ganger. &#8211; \u00c5 bli kjent med selv uten rus; fytti! Det har v\u00e6rt utrolig hardt!<\/p>\n\n\n\n<p>Han sier videre at han likte veldig godt \u00e5 v\u00e6re med \u00e5 styre behandlingen gjennom jevnlige evalueringsm\u00f8ter.<br>Det ble et l\u00f8p med ulike behandlingsintervensjoner. Christer sier han \u00f8nsket mest mulig hjelp og sa ja til alt egentlig.<\/p>\n\n\n\n<p>Han fikk traumebehandling i poliklinikken som forlengelse av d\u00f8gnbehandlingen. Det opplevdes effektivt og han fikk gode verkt\u00f8y med seg videre.<\/p>\n\n\n\n\t\t<div class=\"wp-block-lib-accentuated-link\">\n\t\t\t<a\n\t\t\t\tclass=\"lib-link__link\"\n\t\t\t\thref=\"https:\/\/www.blakors.no\/klinikk-skien\/rusbehandling\/\"\n\t\t\t\ttarget=\"\"\n\t\t\t\trel=\"\"\n\t\t\t>\n\t\t\t\t\n\t\t\t\t<div class=\"lib-link__text-content\">\n\t\t\t\t\t<span class=\"lib-link__tagline\">\n\t\t\t\t\t\tLES MER\n\t\t\t\t\t<\/span>\n\n\t\t\t\t\t<h3 class=\"lib-link__title\">\n\t\t\t\t\t\tRUSBEHANDLING VED BL\u00c5 KORS KLINIKK SKIEN\n\t\t\t\t\t<\/h3>\n\n\t\t\t\t\t\n\t\t\t\t<\/div>\n\t\t\t<\/a>\n\t\t<\/div>\n\n\n<p>Etter behandling ble det et tomrom. Hva skulle han fylle dagene med? Han ble koblet p\u00e5 arbeidsmarkedstiltaket KEOPS og fikk en mulighet for praksisplass p\u00e5 Tyrili som erfaringsmedarbeider. Det har v\u00e6rt full klaff og han tar ekstravakter der fortsatt. N\u00e5 er det skole som er en viktig del av hverdagen og vernepleierstudier fra h\u00f8sten av.<\/p>\n\n\n\n<h2 id=\"den-livsviktige-musikken\"  class=\"wp-block-heading\" >Den livsviktige musikken<\/h2>\n\n\n\n<p>Musikken har alltid v\u00e6rt en viktig del av Christers liv, fra han var barn, forteller han. Er mest selvl\u00e6rt, men forteller at akkorder ble l\u00e6rt under et fengselsopphold for en del \u00e5r tilbake.<\/p>\n\n\n\n<p>-Jeg var spent p\u00e5 om jeg kunne skrive som nykter. Gjorde jo alltid det p\u00e5virket! Men ble &nbsp;oppmuntret av behandler til \u00e5 pr\u00f8ve, bare noen setninger. Og de f\u00f8rste l\u00e5tene kom da jeg var i behandling.<\/p>\n\n\n\n<p>-Musikken er rett og slett livsviktig medisin for meg! Der finner jeg ro.<\/p>\n\n\n\n\t\t<div class=\"wp-block-lib-accentuated-link\">\n\t\t\t<a class=\"lib-link__link\" href=\"https:\/\/open.spotify.com\/track\/3x85x21U7GzLSgn3I2I1XO?si=yqjcmFisSMWu-kV8JucePg&#038;context=spotify%3Aalbum%3A0Qy77YgIEupqbBxAZjlUjF&#038;nd=1&#038;dlsi=e71b583354124343\" target=\"\" rel=\"noopener\">\n\t\t\t\t\n\t\t\t\t<div class=\"lib-link__text-content\">\n\t\t\t\t\t<span class=\"lib-link__tagline\">\n\t\t\t\t\t\tH\u00d8R Dividizzl og LeXPRESS:\n\t\t\t\t\t<\/span>\n\n\t\t\t\t\t<h3 class=\"lib-link__title\">\n\t\t\t\t\t\tHVIS JEG FALLER\n\t\t\t\t\t<\/h3>\n\n\t\t\t\t\t\n\t\t\t<span class=\"lib-link__link-source\">\n\t\t\t\topen.spotify.com\n\t\t\t\t<svg xmlns=\"http:\/\/www.w3.org\/2000\/svg\" viewBox=\"0 0 24 24\" height=\"24\" width=\"24\" class=\"t2-icon t2-icon-linkexternal\" aria-hidden=\"true\" focusable=\"false\"><path d=\"M5 21c-.5 0-1-.2-1.4-.6S3 19.6 3 19V5c0-.6.2-1 .6-1.4S4.5 3 5 3h6c.3 0 .5.1.7.3.2.2.3.4.3.7 0 .3-.1.5-.3.7-.2.2-.4.3-.7.3H5v14h14v-6c0-.3.1-.5.3-.7.2-.2.4-.3.7-.3s.5.1.7.3c.2.2.3.4.3.7v6c0 .6-.2 1-.6 1.4s-.8.6-1.4.6H5zm4-6c-.2-.2-.3-.4-.3-.7s.1-.5.3-.7L17.6 5H15c-.3 0-.5-.1-.7-.3-.2-.2-.3-.4-.3-.7 0-.3.1-.5.3-.7.2-.2.4-.3.7-.3h5c.3 0 .5.1.7.3.2.2.3.4.3.7v5c0 .3-.1.5-.3.7-.2.2-.4.3-.7.3s-.5-.1-.7-.3c-.2-.2-.3-.4-.3-.7V6.4L10.4 15c-.2.2-.4.3-.7.3s-.5-.1-.7-.3z\" fill=\"currentColor\" \/><\/svg>\n\t\t\t<\/span>\n\t\t\t\t<\/div>\n\t\t\t<\/a>\n\t\t<\/div><div class=\"article-meta--info\">\n<div class=\"dekode-module-was-this-helpful\">\n\t<div class=\"\">\n\t\t<h2>Var dette nyttig?<\/h2>\n\t\t<form id=\"dekode-wth-form\">\n\t\t\t<button id=\"dekode-wth-yes\" class=\"button\" name=\"dekode-wth-feedback\" type=\"submit\"\n\t\t\t\t\tvalue=\"1\">Ja<\/button>\n\t\t\t<button id=\"dekode-wth-no\" class=\"button\" name=\"dekode-wth-feedback\" type=\"submit\"\n\t\t\t\t\tvalue=\"0\">Nei<\/button>\n\t\t\t<input type=\"hidden\" name=\"post_id\" value=\"3541\"\/>\n\t\t<\/form>\n\t<\/div>\n<\/div>\n\n<div class=\"relations\">\n\t<div class=\"latest-updated\">\n\t\t<span class=\"label\">Senest oppdatert: <\/span>\n\t\t<span class=\"content\">30.12.2024<\/span>\n\t<\/div>\n\t\t\t<div class=\"author\">\n\t\t\t<span class=\"label\">Skribent: <\/span>\n\t\t\t<span class=\"content\">\n\t\t\t\t<a href=\"https:\/\/www.blakors.no\/klinikk-skien\/?post_type=person&#038;p=555\">Hilde Evensen Holm (Kommunikasjonsansvarlig)<\/a>\n\t\t\t\t\t\t\t<\/span>\n\t\t<\/div>\n\t<\/div>\n<\/div>","protected":false},"excerpt":{"rendered":"<p>Christer markerer fire \u00e5r som rusfri med utgivelse av en ny l\u00e5t. Musikk er medisinen min, dette er mitt farvel til rusen, sier han. Christer (37) var 19 m\u00e5neder i behandling hos oss ved Bl\u00e5 Kors klinikk Skien. I dag lever han et stabilt og godt familieliv og er under utdanning med m\u00e5l om \u00e5 [&hellip;]<\/p>\n","protected":false},"author":7,"featured_media":3666,"comment_status":"closed","ping_status":"closed","sticky":false,"template":"","format":"standard","meta":{"_acf_changed":false,"_relevanssi_hide_post":"","_relevanssi_hide_content":"","_relevanssi_pin_for_all":"","_relevanssi_pin_keywords":"","_relevanssi_unpin_keywords":"","_relevanssi_related_keywords":"","_relevanssi_related_include_ids":"","_relevanssi_related_exclude_ids":"","_relevanssi_related_no_append":"","_relevanssi_related_not_related":"","_relevanssi_related_posts":"2292,1842,1311,1416,1672,1898","_relevanssi_noindex_reason":"","_custom_cards_description":"","footnotes":""},"categories":[7],"tags":[],"internal_tags":[],"class_list":["post-3541","post","type-post","status-publish","format-standard","has-post-thumbnail","hentry","category-aktuelt"],"acf":[],"_links":{"self":[{"href":"https:\/\/www.blakors.no\/klinikk-skien\/wp-json\/wp\/v2\/posts\/3541","targetHints":{"allow":["GET"]}}],"collection":[{"href":"https:\/\/www.blakors.no\/klinikk-skien\/wp-json\/wp\/v2\/posts"}],"about":[{"href":"https:\/\/www.blakors.no\/klinikk-skien\/wp-json\/wp\/v2\/types\/post"}],"author":[{"embeddable":true,"href":"https:\/\/www.blakors.no\/klinikk-skien\/wp-json\/wp\/v2\/users\/7"}],"replies":[{"embeddable":true,"href":"https:\/\/www.blakors.no\/klinikk-skien\/wp-json\/wp\/v2\/comments?post=3541"}],"version-history":[{"count":5,"href":"https:\/\/www.blakors.no\/klinikk-skien\/wp-json\/wp\/v2\/posts\/3541\/revisions"}],"predecessor-version":[{"id":3670,"href":"https:\/\/www.blakors.no\/klinikk-skien\/wp-json\/wp\/v2\/posts\/3541\/revisions\/3670"}],"wp:featuredmedia":[{"embeddable":true,"href":"https:\/\/www.blakors.no\/klinikk-skien\/wp-json\/wp\/v2\/media\/3666"}],"wp:attachment":[{"href":"https:\/\/www.blakors.no\/klinikk-skien\/wp-json\/wp\/v2\/media?parent=3541"}],"wp:term":[{"taxonomy":"category","embeddable":true,"href":"https:\/\/www.blakors.no\/klinikk-skien\/wp-json\/wp\/v2\/categories?post=3541"},{"taxonomy":"post_tag","embeddable":true,"href":"https:\/\/www.blakors.no\/klinikk-skien\/wp-json\/wp\/v2\/tags?post=3541"},{"taxonomy":"internal_tags","embeddable":true,"href":"https:\/\/www.blakors.no\/klinikk-skien\/wp-json\/wp\/v2\/internal_tags?post=3541"}],"curies":[{"name":"wp","href":"https:\/\/api.w.org\/{rel}","templated":true}]}}