{"id":3996,"date":"2025-07-25T11:21:43","date_gmt":"2025-07-25T09:21:43","guid":{"rendered":"https:\/\/www.blakors.no\/klinikk-skien\/?p=3996"},"modified":"2025-07-25T12:11:15","modified_gmt":"2025-07-25T10:11:15","slug":"nytt-behandlingstilbud-i-skien","status":"publish","type":"post","link":"https:\/\/www.blakors.no\/klinikk-skien\/nyheter\/nytt-behandlingstilbud-i-skien\/","title":{"rendered":"Nytt behandlingstilbud i Skien"},"content":{"rendered":"<figure class=\"wp-block-post-featured-image\"><img loading=\"lazy\" decoding=\"async\" width=\"4032\" height=\"3024\" src=\"https:\/\/v.imgi.no\/blakors-4052-280b09d503229dfc59bb182f75916ec7-4032x3024\/2025_07_linn-kjersti-og-lene.webp\" class=\"attachment-post-thumbnail size-post-thumbnail wp-post-image\" alt=\"to kvinner ser smilende i kamera\" style=\"object-fit:cover;\" srcset=\"https:\/\/v.imgi.no\/blakors-4052-280b09d503229dfc59bb182f75916ec7-150x113\/2025_07_linn-kjersti-og-lene.webp 150w, https:\/\/v.imgi.no\/blakors-4052-280b09d503229dfc59bb182f75916ec7-300x225\/2025_07_linn-kjersti-og-lene.webp 300w, https:\/\/v.imgi.no\/blakors-4052-280b09d503229dfc59bb182f75916ec7-768x576\/2025_07_linn-kjersti-og-lene.webp 768w, https:\/\/v.imgi.no\/blakors-4052-280b09d503229dfc59bb182f75916ec7-1024x768\/2025_07_linn-kjersti-og-lene.webp 1024w, https:\/\/v.imgi.no\/blakors-4052-280b09d503229dfc59bb182f75916ec7-1536x1152\/2025_07_linn-kjersti-og-lene.webp 1536w, https:\/\/v.imgi.no\/blakors-4052-280b09d503229dfc59bb182f75916ec7-2048x1536\/2025_07_linn-kjersti-og-lene.webp 2048w, https:\/\/v.imgi.no\/blakors-4052-280b09d503229dfc59bb182f75916ec7-300x225\/2025_07_linn-kjersti-og-lene.webp 300w, https:\/\/v.imgi.no\/blakors-4052-280b09d503229dfc59bb182f75916ec7-450x338\/2025_07_linn-kjersti-og-lene.webp 450w, https:\/\/v.imgi.no\/blakors-4052-280b09d503229dfc59bb182f75916ec7-200x150\/2025_07_linn-kjersti-og-lene.webp 200w, https:\/\/v.imgi.no\/blakors-4052-280b09d503229dfc59bb182f75916ec7-1920x1440\/2025_07_linn-kjersti-og-lene.webp 1920w, https:\/\/v.imgi.no\/blakors-4052-280b09d503229dfc59bb182f75916ec7-300x225\/2025_07_linn-kjersti-og-lene.webp 300w, https:\/\/v.imgi.no\/blakors-4052-280b09d503229dfc59bb182f75916ec7-400x300\/2025_07_linn-kjersti-og-lene.webp 400w, https:\/\/v.imgi.no\/blakors-4052-280b09d503229dfc59bb182f75916ec7-600x450\/2025_07_linn-kjersti-og-lene.webp 600w\" sizes=\"auto, (max-width: 2048px) 100vw, 2048px\" \/><\/figure>\n\n<p class=\"t2-ingress wp-block-t2-ingress\">1.september \u00e5pner vi nytt kort-tids behandlingstilbud i Skien. Dette er en d\u00f8gnpost med behandlingstid inntil 3 m\u00e5neder. Forberedelsene v\u00e5re er i full gang og vi er klare til \u00e5 ta imot henvisninger, forteller forl\u00f8pskoordinator Lene Larsen og seksjonsleder Linn Kjersti Kristiansen.<\/p>\n\n\n<p>Hos oss ved Bl\u00e5 Kors klinikk Skien er det hektisk aktivitet for tida. Det pusses opp rom og fellesareal, vi tar imot flere medarbeidere og forbereder oppstart av det nye behandlingstilbudet.<\/p>\n\n\n\n<p><br><em>Hvordan er behandlingen lagt opp?<\/em><\/p>\n\n\n\n<p>Seksjonsleder Linn Kjersti Kristiansen forteller at behandlingshverdagen blant annet vil best\u00e5 av gode rammer og struktur, individuelle samtaler og det blir lagt vekt p\u00e5 gruppebehandling. Vi har ogs\u00e5 treningsrom og andre aktivitetstilbud.<\/p>\n\n\n\n<p>&#8211; Vi har en bred sammensatt gruppe ansatte, som st\u00e5r klare til \u00e5 g\u00e5 sammen med den enkelte pasient i deres prosess. De ansatte er tverrfaglige med dyktige leger, psykologer, behandlere, sosionom, og en engasjert og kompetent stab av milj\u00f8terapeuter som vil v\u00e6re sammen med pasientene i det daglige.<\/p>\n\n\n\n<p>Vi har erfaringskonsulent som blant annet skal v\u00e6re et bindeledd til det gode nettverket av bruker- og p\u00e5r\u00f8rende organisasjoner i n\u00e6rmilj\u00f8et v\u00e5rt, sier Kristiansen.<\/p>\n\n\n\n<figure class=\"wp-block-image size-full\"><img loading=\"lazy\" decoding=\"async\" width=\"3840\" height=\"1750\" srcset=\"https:\/\/v.imgi.no\/blakors-3997-96e063cd9b0e761b8eed743f5f279480-150x68\/2025_07_seksjon-3-mnd-ansatte.webp 150w, https:\/\/v.imgi.no\/blakors-3997-96e063cd9b0e761b8eed743f5f279480-300x137\/2025_07_seksjon-3-mnd-ansatte.webp 300w, https:\/\/v.imgi.no\/blakors-3997-96e063cd9b0e761b8eed743f5f279480-768x350\/2025_07_seksjon-3-mnd-ansatte.webp 768w, https:\/\/v.imgi.no\/blakors-3997-96e063cd9b0e761b8eed743f5f279480-1024x467\/2025_07_seksjon-3-mnd-ansatte.webp 1024w, https:\/\/v.imgi.no\/blakors-3997-96e063cd9b0e761b8eed743f5f279480-1536x700\/2025_07_seksjon-3-mnd-ansatte.webp 1536w, https:\/\/v.imgi.no\/blakors-3997-96e063cd9b0e761b8eed743f5f279480-2048x933\/2025_07_seksjon-3-mnd-ansatte.webp 2048w, https:\/\/v.imgi.no\/blakors-3997-96e063cd9b0e761b8eed743f5f279480-300x137\/2025_07_seksjon-3-mnd-ansatte.webp 300w, https:\/\/v.imgi.no\/blakors-3997-96e063cd9b0e761b8eed743f5f279480-450x205\/2025_07_seksjon-3-mnd-ansatte.webp 450w, https:\/\/v.imgi.no\/blakors-3997-96e063cd9b0e761b8eed743f5f279480-200x91\/2025_07_seksjon-3-mnd-ansatte.webp 200w, https:\/\/v.imgi.no\/blakors-3997-96e063cd9b0e761b8eed743f5f279480-300x137\/2025_07_seksjon-3-mnd-ansatte.webp 300w, https:\/\/v.imgi.no\/blakors-3997-96e063cd9b0e761b8eed743f5f279480-400x182\/2025_07_seksjon-3-mnd-ansatte.webp 400w, https:\/\/v.imgi.no\/blakors-3997-96e063cd9b0e761b8eed743f5f279480-600x273\/2025_07_seksjon-3-mnd-ansatte.webp 600w\" sizes=\"(max-width: 2048px) 100vw, 2048px\" src=\"https:\/\/v.imgi.no\/blakors-3997-96e063cd9b0e761b8eed743f5f279480-4026x1835\/seksjon-3-mnd-ansatte-scaled.jpeg\" alt=\"Gruppebilde av smilende mennesker i fritidskl\u00e6r, samlet innend\u00f8rs. Blanding av menn og kvinner, ulik alder, for det meste lyse kl\u00e6r.\" class=\"imageshop-document-id-7555411 wp-image-3997\"\/><figcaption class=\"wp-element-caption\">Vi er klare til \u00e5 ta imot pasienter i v\u00e5rt nye tilbud i Skien <\/figcaption><\/figure>\n\n\n\n<p><em>Hvem er m\u00e5lgruppe?<\/em><\/p>\n\n\n\n<p>&#8211; Generelt s\u00e5 tar vi imot kvinner og menn over 18 \u00e5r og har en bred tiln\u00e6rming. Dette tilbudet vil passe godt for pasienter som har pr\u00f8vd poliklinisk behandling, men som trenger d\u00f8gninnleggelse med mer struktur og rammer for \u00e5 v\u00e6re rusfri.<br>Videre kan tilbudet passe godt for pasienter som trenger kartlegging og avklaring f\u00f8r videre behandlingsl\u00f8p planlegges og for pasienter som er i nedtrapping p\u00e5 vanedannende medikamenter, sier forl\u00f8pskoordinator Lene Larsen.<\/p>\n\n\n\n\t\t<div class=\"wp-block-lib-accentuated-link\">\n\t\t\t<a\n\t\t\t\tclass=\"lib-link__link\"\n\t\t\t\thref=\"https:\/\/www.blakors.no\/klinikk-skien\/bla-kors-klinikk-skien-seksjon-for-rus-og-avhengighetsbehandling-3mnd\/\"\n\t\t\t\ttarget=\"\"\n\t\t\t\trel=\"\"\n\t\t\t>\n\t\t\t\t\n\t\t\t\t<div class=\"lib-link__text-content\">\n\t\t\t\t\t<span class=\"lib-link__tagline\">\n\t\t\t\t\t\tLes mer om tilbudet og hvordan henvise\n\t\t\t\t\t<\/span>\n\n\t\t\t\t\t<h3 class=\"lib-link__title\">\n\t\t\t\t\t\tSeksjon  for behandling ( 3mnd)\n\t\t\t\t\t<\/h3>\n\n\t\t\t\t\t\n\t\t\t\t<\/div>\n\t\t\t<\/a>\n\t\t<\/div><div class=\"article-meta--info\">\n<div class=\"dekode-module-was-this-helpful\">\n\t<div class=\"\">\n\t\t<h2>Var dette nyttig?<\/h2>\n\t\t<form id=\"dekode-wth-form\">\n\t\t\t<button id=\"dekode-wth-yes\" class=\"button\" name=\"dekode-wth-feedback\" type=\"submit\"\n\t\t\t\t\tvalue=\"1\">Ja<\/button>\n\t\t\t<button id=\"dekode-wth-no\" class=\"button\" name=\"dekode-wth-feedback\" type=\"submit\"\n\t\t\t\t\tvalue=\"0\">Nei<\/button>\n\t\t\t<input type=\"hidden\" name=\"post_id\" value=\"3996\"\/>\n\t\t<\/form>\n\t<\/div>\n<\/div>\n\n<div class=\"relations\">\n\t<div class=\"latest-updated\">\n\t\t<span class=\"label\">Senest oppdatert: <\/span>\n\t\t<span class=\"content\">25.07.2025<\/span>\n\t<\/div>\n\t<\/div>\n<\/div>","protected":false},"excerpt":{"rendered":"<p>Hos oss ved Bl\u00e5 Kors klinikk Skien er det hektisk aktivitet for tida. Det pusses opp rom og fellesareal, vi tar imot flere medarbeidere og forbereder oppstart av det nye behandlingstilbudet. Hvordan er behandlingen lagt opp? Seksjonsleder Linn Kjersti Kristiansen forteller at behandlingshverdagen blant annet vil best\u00e5 av gode rammer og struktur, individuelle samtaler og [&hellip;]<\/p>\n","protected":false},"author":7,"featured_media":4052,"comment_status":"closed","ping_status":"closed","sticky":false,"template":"","format":"standard","meta":{"_acf_changed":false,"_relevanssi_hide_post":"","_relevanssi_hide_content":"","_relevanssi_pin_for_all":"","_relevanssi_pin_keywords":"","_relevanssi_unpin_keywords":"","_relevanssi_related_keywords":"","_relevanssi_related_include_ids":"","_relevanssi_related_exclude_ids":"","_relevanssi_related_no_append":"","_relevanssi_related_not_related":"","_relevanssi_related_posts":"1898,2292,1498,1672,2601,3381","_relevanssi_noindex_reason":"","_custom_cards_description":"","footnotes":""},"categories":[7],"tags":[],"internal_tags":[],"class_list":["post-3996","post","type-post","status-publish","format-standard","has-post-thumbnail","hentry","category-aktuelt"],"acf":[],"_links":{"self":[{"href":"https:\/\/www.blakors.no\/klinikk-skien\/wp-json\/wp\/v2\/posts\/3996","targetHints":{"allow":["GET"]}}],"collection":[{"href":"https:\/\/www.blakors.no\/klinikk-skien\/wp-json\/wp\/v2\/posts"}],"about":[{"href":"https:\/\/www.blakors.no\/klinikk-skien\/wp-json\/wp\/v2\/types\/post"}],"author":[{"embeddable":true,"href":"https:\/\/www.blakors.no\/klinikk-skien\/wp-json\/wp\/v2\/users\/7"}],"replies":[{"embeddable":true,"href":"https:\/\/www.blakors.no\/klinikk-skien\/wp-json\/wp\/v2\/comments?post=3996"}],"version-history":[{"count":5,"href":"https:\/\/www.blakors.no\/klinikk-skien\/wp-json\/wp\/v2\/posts\/3996\/revisions"}],"predecessor-version":[{"id":4062,"href":"https:\/\/www.blakors.no\/klinikk-skien\/wp-json\/wp\/v2\/posts\/3996\/revisions\/4062"}],"wp:featuredmedia":[{"embeddable":true,"href":"https:\/\/www.blakors.no\/klinikk-skien\/wp-json\/wp\/v2\/media\/4052"}],"wp:attachment":[{"href":"https:\/\/www.blakors.no\/klinikk-skien\/wp-json\/wp\/v2\/media?parent=3996"}],"wp:term":[{"taxonomy":"category","embeddable":true,"href":"https:\/\/www.blakors.no\/klinikk-skien\/wp-json\/wp\/v2\/categories?post=3996"},{"taxonomy":"post_tag","embeddable":true,"href":"https:\/\/www.blakors.no\/klinikk-skien\/wp-json\/wp\/v2\/tags?post=3996"},{"taxonomy":"internal_tags","embeddable":true,"href":"https:\/\/www.blakors.no\/klinikk-skien\/wp-json\/wp\/v2\/internal_tags?post=3996"}],"curies":[{"name":"wp","href":"https:\/\/api.w.org\/{rel}","templated":true}]}}