{"id":2671,"date":"2018-09-14T00:00:00","date_gmt":"2018-09-13T22:00:00","guid":{"rendered":"https:\/\/www.blakors.no\/kristiansand\/2018\/09\/14\/barn-som-mobbes-det-blir-bare-verre-om-jeg-sier-ifra\/"},"modified":"2022-10-12T10:11:14","modified_gmt":"2022-10-12T08:11:14","slug":"barn-som-mobbes-det-blir-bare-verre-om-jeg-sier-ifra","status":"publish","type":"post","link":"https:\/\/www.blakors.no\/kristiansand\/2018\/09\/14\/barn-som-mobbes-det-blir-bare-verre-om-jeg-sier-ifra\/","title":{"rendered":"Barn som mobbes: \u00abDet blir bare verre om jeg sier ifra\u00bb"},"content":{"rendered":"\n<p><strong>Det ble lagt frem rystende funn om hvordan mobbing blant barn og unge arter seg og hva konsekvensene er, da over 200 l\u00e6rere, rektorer, fagpersonell og andre interesserte satt ringside under den f\u00f8rste Snakk om mobbing-konferansen ble arrangert i Kristiansand onsdag.<\/strong><\/p>\n\n\n\n<p>Av Ivar Eidsaa<\/p>\n\n\n\n<p>&#8211; Dette er en spesiell dag for oss, sier Andreas Eidem, virksomhetsleder for Bl\u00e5 Kors Snakk om mobbing.no.<\/p>\n\n\n\n<p>&#8211; S\u00e5nn sett kan vi feire at chattetjenesten snakkommobbing.no har n\u00e5 v\u00e6rt i drift i tre \u00e5r, i tillegg til at vi i dag kan presentere resultatene av den forskningen som er blitt gjort med basis i det barn og unge som har tatt kontakt med oss har fortalt, forklarer Eidem.<\/p>\n\n\n\n<p>Det ble ogs\u00e5 p\u00e5pekt at dagen er blitt brukt til \u00e5 se fremover, hva som kan gj\u00f8res for \u00e5 forhindre at barn og unge mobbes.<\/p>\n\n\n\n<h2 class=\"wp-block-heading\" id=\"h-latterliggjoring\">Latterliggj\u00f8ring<\/h2>\n\n\n\n<p>Hovedm\u00e5let med dagen har v\u00e6rt \u00e5 bidra med forskning, innspill og debatt for \u00e5 bidra til at barn og unge i fremtiden ikke tenker; \u00abdet blir bare verre hvis jeg melder fra\u00bb.<\/p>\n\n\n\n<p>Anne Helgeland, forsker og familieterapeut ved ABUP, Avdeling for barn og unges psykiske helse ved S\u00f8rlandet sykehus, Kristiansand, har forsket p\u00e5 det barn og unge som tar kontakt med Bl\u00e5 Kors Snakkommobbing.no har fortalt om seg selv og hva de har opplevd.<\/p>\n\n\n\n<p>I sitt foredrag pekte hun p\u00e5 at det ikke er de store kj\u00f8nnsforskjellene i psykisk og fysisk mobbing. Begge kj\u00f8nn blir utsatt for latterliggj\u00f8ring, noe mer hos jentene.<\/p>\n\n\n\n<figure class=\"wp-block-image size-large\"><img loading=\"lazy\" decoding=\"async\" width=\"1024\" height=\"683\" src=\"https:\/\/www.blakors.no\/content\/uploads\/sites\/11\/2018\/09\/Salen-Foto-Jarle-R.-Martinsen-1024x683.jpg\" alt=\"Deltakere Foto: Jarle R. Martinsen\" class=\"wp-image-6227\" srcset=\"https:\/\/www.blakors.no\/content\/uploads\/sites\/11\/2018\/09\/Salen-Foto-Jarle-R.-Martinsen-1024x683.jpg 1024w, https:\/\/www.blakors.no\/content\/uploads\/sites\/11\/2018\/09\/Salen-Foto-Jarle-R.-Martinsen-300x200.jpg 300w, https:\/\/www.blakors.no\/content\/uploads\/sites\/11\/2018\/09\/Salen-Foto-Jarle-R.-Martinsen-768x512.jpg 768w, https:\/\/www.blakors.no\/content\/uploads\/sites\/11\/2018\/09\/Salen-Foto-Jarle-R.-Martinsen-1536x1024.jpg 1536w, https:\/\/www.blakors.no\/content\/uploads\/sites\/11\/2018\/09\/Salen-Foto-Jarle-R.-Martinsen-scaled.jpg 2048w\" sizes=\"auto, (max-width: 1024px) 100vw, 1024px\" \/><figcaption>Rundt 200 deltakere hadde meldt seg p\u00e5 konferansen Foto: Jarle R. Martinsen<\/figcaption><\/figure>\n\n\n\n<h2 id=\"jeg-hater-meg-selv\"  class=\"wp-block-heading\" >\u00abJeg hater meg selv\u00bb<\/h2>\n\n\n\n<p>\u00abJeg blir ofte lei meg, gr\u00e5ter ofte i friminuttene\u00bb. \u00abDet f\u00f8rer til redsel. Jeg er redd for \u00e5 v\u00e6re meg selv. Jeg er redd for \u00e5 dra p\u00e5 skolen. Jeg er redd for stygge kommentarer. Jeg er redd\u00bb. \u00abJeg tenker flere ganger om dagen p\u00e5 \u00e5 ta selvmord\u00bb. \u00abJeg har kuttet meg siden 4. klasse\u00bb. \u00abJeg hater meg selv\u00bb. \u00abJeg vil v\u00e6re anonym\u00bb og \u00abJeg f\u00f8ler meg ubrukelig og verdil\u00f8s\u00bb, var noen av funnene Helgeland hadde gjort p\u00e5 hva mobbingen gutter utsettes for f\u00f8rer til.<\/p>\n\n\n\n<h2 id=\"er-konstant-redd\"  class=\"wp-block-heading\" >\u00abEr konstant redd\u00bb<\/h2>\n\n\n\n<p>N\u00e5r jentene skulle beskrive mobbingens konsekvenser, var det mange av konferansedeltakerne som ble sjokkerte over svarene som jentene har gitt. Svarene vitner om mye sterk smerte: \u00abJeg blir veldig fort lei meg og sint og pr\u00f8ver \u00e5 v\u00e6re s\u00e5 lite p\u00e5 skolen som mulig\u00bb. \u00abJeg gruer meg til skolen hver eneste dag\u00bb. \u00abVanskelig \u00e5 konsentrere meg i timene og f\u00e5r ikke lyst til \u00e5 g\u00e5 p\u00e5 skolen\u00bb. \u00abJeg gr\u00e5ter hver kveld under dusjen. G\u00e5r ut av dusjen og forbi foreldrene som om ingenting er skjedd\u00bb. \u00abEr konstant redd\u00bb. \u00abJeg er en skam for verden\u00bb, og \u00abDet finnes ikke en dag jeg ikke tenker p\u00e5 \u00e5 ta mitt eget liv\u00bb.<\/p>\n\n\n\n<h2 id=\"utvikler-posttraumatisk-stress-syndrom\"  class=\"wp-block-heading\" >Utvikler posttraumatisk stress syndrom<\/h2>\n\n\n\n<p>Anne Helgeland kunne ogs\u00e5 vise til forskning som viser at mobbing gir like alvorlige senskader som vold.<\/p>\n\n\n\n<blockquote class=\"wp-block-quote is-style-default is-layout-flow wp-block-quote-is-layout-flow\"><p>Over 40.000 barn og unge mobbes. Mange av dem forteller ikke til voksne hva de blir utsatt for. Flere av dem er redde for \u00e5 si i fra, da de frykter at det hele bare blir verre om de sier i fra.<\/p><\/blockquote>\n\n\n\n<p>&#8211; 33 prosent av dem som blir mobbet utvikler posttraumatisk stress syndrom (PTSD, og utvikler psykiske lidelser som man tar med seg inn i voksenlivet. Det mest traumatiske for barn og unge som mobbes, er de gangene ingen bryr seg. Det som vekter mest, er skammen som barn og unge sliter med og som ofte rettes innover i dem selv, kunne Helgeland fortelle.<\/p>\n\n\n\n<h2 id=\"overraskende-funn\"  class=\"wp-block-heading\" >Overraskende funn<\/h2>\n\n\n\n<p>Helgeland kunne ogs\u00e5 fortelle at unders\u00f8kelser viser at halvparten av de barna som ikke sier ifra til voksne har svake foreldrerelasjoner. Barn som har vanskelige familieforhold og ikke opplever st\u00f8tte fra foreldre, men har gode relasjoner p\u00e5 skolen og blant venner, greier seg bedre enn barn og unge som har svake foreldrerelasjoner og svake relasjoner p\u00e5 skole og med venner.<\/p>\n\n\n\n<p>Sp\u00f8rsm\u00e5let mange stiller seg er hvorfor barn og unge som mobbes ikke forteller det til foreldrene, til l\u00e6reren, eller andre voksne.<\/p>\n\n\n\n<p>Helgelands funn var overraskende for mange: Barn som mobbes beskytter foreldrene, og mener ofte at foreldrene har nok med sitt, eller at de lar v\u00e6re \u00e5 fortelle noe fordi de ikke tror foreldrene evner \u00e5 engasjere seg.<\/p>\n\n\n\n<h2 id=\"elevmedvirkning\"  class=\"wp-block-heading\" >Elevmedvirkning<\/h2>\n\n\n\n<p>Flere tror ikke foreldrene kan hjelpe, at barn og foreldre lever i to separate verdener, samt at barna har liten tro p\u00e5 at foreldrene skal forst\u00e5 ungdomskulturen. Atter andre er redde for foreldrenes reaksjoner hvis de forteller at de blir mobbet.<\/p>\n\n\n\n<p>Frode Restad, stipendiat ved H\u00f8yskolen i Innlandet, konstaterte at det finnes mye god kompetanse i norsk skole.<\/p>\n\n\n\n<p>&#8211; L\u00e6rere, rektorer, assistenter og andre i norsk skole har god kompetanse p\u00e5 \u00e5 skape et inkluderende fellesskap. Den pedagogikken som l\u00e6rere og rektorer har m\u00e5 vi bruke p\u00e5 en slik m\u00e5te at vi i st\u00f8rre grad kan oppn\u00e5 god elevmedvirkning i skolemilj\u00f8arbeidet, fremholdt Restad.<\/p>\n\n\n\n<p>&#8211; Kan barn og unge i st\u00f8rre grad trekkes med og f\u00e5 delansvar for \u00e5 f\u00e5 et godt psykososialt milj\u00f8, vil vi ha oppn\u00e5dd mye, la han til.<\/p>\n\n\n\n<h2 id=\"paneldebatt\"  class=\"wp-block-heading\" >Paneldebatt<\/h2>\n\n\n\n<p>Selma Therese Lyng, sosiolog og forsker ved Arbeidsforskningsinstituttet, holdt foredrag om elevroller, elevkulturer, identitet, kj\u00f8nn, l\u00e6ring og motivasjon blant ungdomsskoleelever for l\u00e6rere og andre som arbeider med ungdom.<\/p>\n\n\n\n<p>Det var ogs\u00e5 lagt opp til et bredt anlagt paneldebatt, hvor Ingrid Lund, professor i spesialpedagogikk, forfatter og familieterapeut fra Universitetet i Agder p\u00e5 Pedagogisk Utviklingssenter (PULS), ledet debatten.<br>Med seg i panelet hadde hun Kjersti Botnan Larsen fra Barneombudet med barnehage, skole og skolemilj\u00f8 som spesialfelt, Steffen Hodne som jobber som koordinator i R\u00f8de Kors&nbsp;prosjektet \u00abGatemegling\u00bb og Preben Skogen, rektor p\u00e5 Grim ungdomsskole i Kristiansand.<\/p>\n\n\n\n<h2 id=\"har-et-daglig-fokus\"  class=\"wp-block-heading\" >Har et daglig fokus<\/h2>\n\n\n\n<p>&#8211; Vi har daglig fokus p\u00e5 mobbing. Vi starter hver eneste dag med et m\u00f8te hvor dette er tema, hva vi skal se etter for \u00e5 avdekke mobbing, dialogen med elevene, og v\u00e5r egen oppf\u00f8lging, sa Skogen.<\/p>\n\n\n\n<p>&#8211; Det er motiverende \u00e5 st\u00e5 her i dag og se hvor langt Snakk om mobbing er kommet. Samtidig er forskningsfunnene sterke og de gj\u00f8r virkelig inntrykk, fremholdt Hans Fredrik Gr\u00f8van, Kristelig Folkeparti, Vest-Agder, som har v\u00e6rt en p\u00e5driver for \u00e5 sikre at Snakk om mobbing fikk driftsst\u00f8tte over statsbudsjettet.<\/p>\n\n\n\n<p>Mange av de over 200 skolelederne som kom fra hele Norge, gav uttrykk for at de under konferansen var blitt enda mer motivert for \u00e5 forebygge og forhindre mobbing.<\/p>\n\n\n\n<p>&#8211; Du skal ikke se bort fra at vi kommer til \u00e5 lage flere slike konferanser i fremtiden. N\u00e5 skal vi evaluere erfaringene som er blitt gjort, og m\u00e5let m\u00e5 jo v\u00e6re at vi om et \u00e5r eller tre kan invitere til en konferanse, sier Andreas Eidem i Bl\u00e5 Kors Snakkommobbing.no<\/p>\n<div class=\"article-meta--info\">\n<div class=\"dekode-module-was-this-helpful\">\n\t<div class=\"\">\n\t\t<h2>Var dette nyttig?<\/h2>\n\t\t<form id=\"dekode-wth-form\">\n\t\t\t<button id=\"dekode-wth-yes\" class=\"button\" name=\"dekode-wth-feedback\" type=\"submit\"\n\t\t\t\t\tvalue=\"1\">Ja<\/button>\n\t\t\t<button id=\"dekode-wth-no\" class=\"button\" name=\"dekode-wth-feedback\" type=\"submit\"\n\t\t\t\t\tvalue=\"0\">Nei<\/button>\n\t\t\t<input type=\"hidden\" name=\"post_id\" value=\"2671\"\/>\n\t\t<\/form>\n\t<\/div>\n<\/div>\n\n<div class=\"relations\">\n\t<div class=\"latest-updated\">\n\t\t<span class=\"label\">Senest oppdatert: <\/span>\n\t\t<span class=\"content\">12.10.2022<\/span>\n\t<\/div>\n\t<\/div>\n<\/div>","protected":false},"excerpt":{"rendered":"<p>Det ble lagt frem rystende funn om hvordan mobbing blant barn og unge arter seg og hva konsekvensene er, da over 200 l\u00e6rere, rektorer, fagpersonell og andre interesserte satt ringside under den f\u00f8rste Snakk om mobbing-konferansen ble arrangert i Kristiansand onsdag. Av Ivar Eidsaa &#8211; Dette er en spesiell dag for oss, sier Andreas Eidem, [&hellip;]<\/p>\n","protected":false},"author":9,"featured_media":6226,"comment_status":"open","ping_status":"open","sticky":false,"template":"","format":"standard","meta":{"_acf_changed":false,"_relevanssi_hide_post":"","_relevanssi_hide_content":"","_relevanssi_pin_for_all":"on","_relevanssi_pin_keywords":"","_relevanssi_unpin_keywords":"","_relevanssi_related_keywords":"","_relevanssi_related_include_ids":"","_relevanssi_related_exclude_ids":"","_relevanssi_related_no_append":"","_relevanssi_related_not_related":"","_relevanssi_related_posts":"3888,6224,4519,3609,6307,4525","_relevanssi_noindex_reason":"","_custom_cards_description":"","footnotes":""},"categories":[5,18],"tags":[],"internal_tags":[],"class_list":["post-2671","post","type-post","status-publish","format-standard","has-post-thumbnail","hentry","category-bla-kors-kristiansand","category-snakk-om-mobbing"],"acf":[],"_links":{"self":[{"href":"https:\/\/www.blakors.no\/kristiansand\/wp-json\/wp\/v2\/posts\/2671","targetHints":{"allow":["GET"]}}],"collection":[{"href":"https:\/\/www.blakors.no\/kristiansand\/wp-json\/wp\/v2\/posts"}],"about":[{"href":"https:\/\/www.blakors.no\/kristiansand\/wp-json\/wp\/v2\/types\/post"}],"author":[{"embeddable":true,"href":"https:\/\/www.blakors.no\/kristiansand\/wp-json\/wp\/v2\/users\/9"}],"replies":[{"embeddable":true,"href":"https:\/\/www.blakors.no\/kristiansand\/wp-json\/wp\/v2\/comments?post=2671"}],"version-history":[{"count":1,"href":"https:\/\/www.blakors.no\/kristiansand\/wp-json\/wp\/v2\/posts\/2671\/revisions"}],"predecessor-version":[{"id":6229,"href":"https:\/\/www.blakors.no\/kristiansand\/wp-json\/wp\/v2\/posts\/2671\/revisions\/6229"}],"wp:featuredmedia":[{"embeddable":true,"href":"https:\/\/www.blakors.no\/kristiansand\/wp-json\/wp\/v2\/media\/6226"}],"wp:attachment":[{"href":"https:\/\/www.blakors.no\/kristiansand\/wp-json\/wp\/v2\/media?parent=2671"}],"wp:term":[{"taxonomy":"category","embeddable":true,"href":"https:\/\/www.blakors.no\/kristiansand\/wp-json\/wp\/v2\/categories?post=2671"},{"taxonomy":"post_tag","embeddable":true,"href":"https:\/\/www.blakors.no\/kristiansand\/wp-json\/wp\/v2\/tags?post=2671"},{"taxonomy":"internal_tags","embeddable":true,"href":"https:\/\/www.blakors.no\/kristiansand\/wp-json\/wp\/v2\/internal_tags?post=2671"}],"curies":[{"name":"wp","href":"https:\/\/api.w.org\/{rel}","templated":true}]}}