{"id":2693,"date":"2018-09-27T00:00:00","date_gmt":"2018-09-26T22:00:00","guid":{"rendered":"https:\/\/www.blakors.no\/kristiansand\/2018\/09\/27\/wenche-tonnessen-ny-leder-for-bla-kors-ferier\/"},"modified":"2018-09-27T00:00:00","modified_gmt":"2018-09-26T22:00:00","slug":"wenche-tonnessen-ny-leder-for-bla-kors-ferier","status":"publish","type":"post","link":"https:\/\/www.blakors.no\/kristiansand\/2018\/09\/27\/wenche-tonnessen-ny-leder-for-bla-kors-ferier\/","title":{"rendered":"Wenche T\u00f8nnessen ny leder for Bl\u00e5 Kors ferier"},"content":{"rendered":"<p><strong>Wenche T\u00f8nnessen er n\u00e5 p\u00e5 plass som ny leder for Bl\u00e5 Kors ferier.<\/strong><\/p>\n<p><!--more--><\/p>\n<p>Av Ivar Eidsaa<\/p>\n<p>Det er en sv\u00e6rt erfaren dame som n\u00e5 skal lede feriearbeidet til Bl\u00e5 Kors under Synn\u00f8ve Rolands svangerskapspermisjon.<\/p>\n<p>Hun kan se tilbake p\u00e5 en god fartstid innen innkj\u00f8p, markedsf\u00f8ring, salg og logistikk, og kommer fra stillingen som administrativ leder for Kristiansand feriesenter p\u00e5 Dvergsnestangen, en stilling hun har hatt i to og et halvt \u00e5r.<\/p>\n<h2 id=\"logistikkoordinator\"  ><strong>Logistikkoordinator<\/strong><\/h2>\n<figure id=\"attachment_7014\" aria-describedby=\"caption-attachment-7014\" style=\"width: 400px\" class=\"wp-caption aligncenter\"><a href=\"https:\/\/www.blakors.no\/content\/uploads\/sites\/11\/2020\/11\/DSC_0687-scaled.jpg\"><img loading=\"lazy\" decoding=\"async\" class=\"size-medium wp-image-7014\" src=\"https:\/\/www.blakors.no\/content\/uploads\/sites\/11\/2020\/11\/DSC_0687-scaled.jpg\" alt=\"\" width=\"400\" height=\"266\" \/><\/a><figcaption id=\"caption-attachment-7014\" class=\"wp-caption-text\">Wenche T\u00f8nnessen har tatt over som ny daglig leder i Bl\u00e5 Kors ferier.<\/figcaption><\/figure>\n<p>F\u00f8r dette arbeidet hun som logistikkoordinator for National Oilwell Varco. Hun har v\u00e6rt innkj\u00f8per for Str\u00f8mmes Reklame, og har ogs\u00e5 noen \u00e5r bak seg fra hotell- og restaurantbransjen, blant annet fra tidligere Hotel Christian IV og \u00c5sg\u00e5rdstrand Hotell. Hun har ogs\u00e5 v\u00e6rt servit\u00f8r p\u00e5 Sj\u00f8huset i mange \u00e5r.<\/p>\n<p>&#8211; Bl\u00e5 Kors ferier er et nasjonalt tilbud som administreres fra Kristiansand. Feriearbeidet startet faktisk for flere ti\u00e5r siden, da kvinneforeningen i Bl\u00e5 Kors Kristiansand arrangerte basarer for \u00e5 skaffe til veie penger som gjorde at familier som trengte det kunne f\u00e5 et ferieopphold. De siste \u00e5rene har arbeidet \u00f8kt i omfang, med blant annet to ferieuker sommerstid med Folkeh\u00f8gskolen S\u00f8rlandet p\u00e5 Birkeland som base, og en uke ved Kristiansand Feriesenter, Dvergsnestangen, forklarer hun.<\/p>\n<h2 id=\"1-300-overnattingsdogn\"  ><strong>1.300 overnattingsd\u00f8gn<\/strong><\/h2>\n<p>I tillegg kommer at 13 camping- og feriesentre i S\u00f8r Norge er g\u00e5tt sammen om \u00e5 gi 1.300 overnattingsd\u00f8gn, noe som gj\u00f8r at Bl\u00e5 Kors ferier kan gi et ferietilbudet til flerefoldige titalls familier gjennom \u00e5ret.<\/p>\n<p>I disse dager utvides tilbudet ytterligere, med egne feriedager i forbindelse med h\u00f8stferien. Det blir ogs\u00e5 gitt et tilbud i forbindelse med vinterferien i februar.<\/p>\n<p>&#8211; Det er r\u00f8rende \u00e5 se hvor mange som har latt seg engasjere og som bidrar med gaver og tilskudd slik at familier som trenger det mest, kan reise p\u00e5 ferie med seg og sine, sier Wenche T\u00f8nnessen.<\/p>\n<div class=\"article-meta--info\">\n<div class=\"dekode-module-was-this-helpful\">\n\t<div class=\"\">\n\t\t<h2>Var dette nyttig?<\/h2>\n\t\t<form id=\"dekode-wth-form\">\n\t\t\t<button id=\"dekode-wth-yes\" class=\"button\" name=\"dekode-wth-feedback\" type=\"submit\"\n\t\t\t\t\tvalue=\"1\">Ja<\/button>\n\t\t\t<button id=\"dekode-wth-no\" class=\"button\" name=\"dekode-wth-feedback\" type=\"submit\"\n\t\t\t\t\tvalue=\"0\">Nei<\/button>\n\t\t\t<input type=\"hidden\" name=\"post_id\" value=\"2693\"\/>\n\t\t<\/form>\n\t<\/div>\n<\/div>\n\n<div class=\"relations\">\n\t<div class=\"latest-updated\">\n\t\t<span class=\"label\">Senest oppdatert: <\/span>\n\t\t<span class=\"content\">27.09.2018<\/span>\n\t<\/div>\n\t<\/div>\n<\/div>","protected":false},"excerpt":{"rendered":"<p>Wenche T\u00f8nnessen er n\u00e5 p\u00e5 plass som ny leder for Bl\u00e5 Kors ferier. Var dette nyttig? Ja Nei Senest oppdatert: 27.09.2018<\/p>\n","protected":false},"author":9,"featured_media":2695,"comment_status":"open","ping_status":"open","sticky":false,"template":"","format":"standard","meta":{"_acf_changed":false,"_relevanssi_hide_post":"","_relevanssi_hide_content":"","_relevanssi_pin_for_all":"","_relevanssi_pin_keywords":"","_relevanssi_unpin_keywords":"","_relevanssi_related_keywords":"","_relevanssi_related_include_ids":"","_relevanssi_related_exclude_ids":"","_relevanssi_related_no_append":"","_relevanssi_related_not_related":"","_relevanssi_related_posts":"8695,8571,8911,7846,7630,8393","_relevanssi_noindex_reason":"","_custom_cards_description":"","footnotes":""},"categories":[5,6],"tags":[],"internal_tags":[],"class_list":["post-2693","post","type-post","status-publish","format-standard","has-post-thumbnail","hentry","category-bla-kors-kristiansand","category-bla-kors-ferie"],"acf":[],"_links":{"self":[{"href":"https:\/\/www.blakors.no\/kristiansand\/wp-json\/wp\/v2\/posts\/2693","targetHints":{"allow":["GET"]}}],"collection":[{"href":"https:\/\/www.blakors.no\/kristiansand\/wp-json\/wp\/v2\/posts"}],"about":[{"href":"https:\/\/www.blakors.no\/kristiansand\/wp-json\/wp\/v2\/types\/post"}],"author":[{"embeddable":true,"href":"https:\/\/www.blakors.no\/kristiansand\/wp-json\/wp\/v2\/users\/9"}],"replies":[{"embeddable":true,"href":"https:\/\/www.blakors.no\/kristiansand\/wp-json\/wp\/v2\/comments?post=2693"}],"version-history":[{"count":0,"href":"https:\/\/www.blakors.no\/kristiansand\/wp-json\/wp\/v2\/posts\/2693\/revisions"}],"wp:featuredmedia":[{"embeddable":true,"href":"https:\/\/www.blakors.no\/kristiansand\/wp-json\/wp\/v2\/media\/2695"}],"wp:attachment":[{"href":"https:\/\/www.blakors.no\/kristiansand\/wp-json\/wp\/v2\/media?parent=2693"}],"wp:term":[{"taxonomy":"category","embeddable":true,"href":"https:\/\/www.blakors.no\/kristiansand\/wp-json\/wp\/v2\/categories?post=2693"},{"taxonomy":"post_tag","embeddable":true,"href":"https:\/\/www.blakors.no\/kristiansand\/wp-json\/wp\/v2\/tags?post=2693"},{"taxonomy":"internal_tags","embeddable":true,"href":"https:\/\/www.blakors.no\/kristiansand\/wp-json\/wp\/v2\/internal_tags?post=2693"}],"curies":[{"name":"wp","href":"https:\/\/api.w.org\/{rel}","templated":true}]}}