{"id":4090,"date":"2021-02-24T13:34:56","date_gmt":"2021-02-24T12:34:56","guid":{"rendered":"https:\/\/www.blakors.no\/kristiansand\/?p=4090"},"modified":"2021-02-24T13:35:40","modified_gmt":"2021-02-24T12:35:40","slug":"en-lister-region-uten-fattigdom","status":"publish","type":"post","link":"https:\/\/www.blakors.no\/kristiansand\/2021\/02\/24\/en-lister-region-uten-fattigdom\/","title":{"rendered":"En Lister-region uten fattigdom"},"content":{"rendered":"\n<div class=\"wp-block-lib-header alignfull hide\"><div class=\"header-innercontent\"><\/div><\/div>\n\n\n\n<figure class=\"wp-block-image size-large\"><img loading=\"lazy\" decoding=\"async\" width=\"1024\" height=\"684\" src=\"https:\/\/www.blakors.no\/content\/uploads\/sites\/11\/2021\/02\/DSC_0013-1024x684.jpg\" alt=\"Tom Jochumsen, Nina Cecilie Nepstad og Trond Furseth\" class=\"wp-image-4091\" srcset=\"https:\/\/www.blakors.no\/content\/uploads\/sites\/11\/2021\/02\/DSC_0013-1024x684.jpg 1024w, https:\/\/www.blakors.no\/content\/uploads\/sites\/11\/2021\/02\/DSC_0013-300x201.jpg 300w, https:\/\/www.blakors.no\/content\/uploads\/sites\/11\/2021\/02\/DSC_0013-768x513.jpg 768w, https:\/\/www.blakors.no\/content\/uploads\/sites\/11\/2021\/02\/DSC_0013-1536x1027.jpg 1536w, https:\/\/www.blakors.no\/content\/uploads\/sites\/11\/2021\/02\/DSC_0013-scaled.jpg 2048w\" sizes=\"auto, (max-width: 1024px) 100vw, 1024px\" \/><figcaption>Tom Jochumsen (t.v), Nina Cecilie Nepstad og Trond Furseth<\/figcaption><\/figure>\n\n\n\n<p><strong>Barnas Stasjon og Bl\u00e5 Kors inviterer alle gode krefter til \u00e5 g\u00e5 sammen i en aksjon for \u00e5 bidra inn mot de over 750 barn og unge i Lister-regionen som lever under fattigdomsgrensen.<\/strong><\/p>\n\n\n\n<p>Av Ivar Eidsaa<\/p>\n\n\n\n<p>&#8211; Vi ser at det nytter \u00e5 gj\u00f8re en innsats, og vi \u00f8nsker \u00e5 forsterke denne, sier Nina Cecilie Nepstad, leder av Barnas Stasjon i Lister.<\/p>\n\n\n\n<p>Barnas Stasjon Lister startet opp arbeidet i august, og erfarer at flere av de familiene man har kommet i kontakt med, ogs\u00e5 sliter med \u00f8konomien, i tillegg til andre utfordringer, hva dette har \u00e5 si for barn og unge i disse familiene.<\/p>\n\n\n\n<h2 id=\"store-behov\"  class=\"wp-block-heading\" >Store behov<\/h2>\n\n\n\n<p>&#8211; M\u00e5let er \u00e5 samle inn en million kroner, penger som uavkortet g\u00e5r for \u00e5 hjelpe disse barnefamiliene. Vi \u00f8nsker \u00e5 bidra til at flest mulig barn kan f\u00e5 en trygg og god oppvekst. En god oppvekst varer livet, ut, sier Nepstad.<\/p>\n\n\n\n<p>&#8211; Midlene vi f\u00e5r samlet inn, skal gi barna mulighet til \u00e5 delta p\u00e5 aktiviteter og opplevelser p\u00e5 lik linje med andre barn i sin sosiale krets, fremholder Nina Cecilie Nepstad.<\/p>\n\n\n\n<p>Hun forteller at behovene er st\u00f8rre og omfatter flere familier enn det man tilsynelatende skulle tro.<\/p>\n\n\n\n<p>&#8211; Da vi startet opp i august, var m\u00e5let at vi i l\u00f8pet av 2020 kunne gj\u00f8re et arbeid inn mot 10 familier. Det ble 16, og tallet har \u00f8kt. Arbeidet v\u00e5rt omfatter i dag over 20 familier, og tallet \u00f8ker stadig, utdyper hun.<\/p>\n\n\n\n<h2 id=\"forebygger-utenforskap\"  class=\"wp-block-heading\" >Forebygger utenforskap<\/h2>\n\n\n\n<p>Pengene skal g\u00e5 til \u00e5 st\u00f8tte familiene med innkj\u00f8p av for eksempel treningsutstyr, busskort for \u00e5 kunne reise til og fra sosiale aktiviteter, kontingenter, bursdagsgaver, kl\u00e6r og kinobillett.<\/p>\n\n\n\n<p>&#8211; P\u00e5 denne m\u00e5ten forebygger vi utenforskap, isolasjon, mobbing og sosial ekskludering, legger hun til.<\/p>\n\n\n\n<p>Med seg i innsamlingsaksjonen f\u00e5r hun Trond Roger Furseth og Tom Jochumsen, som til daglig arbeider i fundraisingsavdelingen til Bl\u00e5 Kors Kristiansand.<\/p>\n\n\n\n<h2 id=\"mal-100-bedrifter-gir-10-000-hver\"  class=\"wp-block-heading\" >M\u00e5l: 100 bedrifter gir 10.000 hver<\/h2>\n\n\n\n<p>&#8211; M\u00e5let er at 100 bedrifter hver bidrar med 10.000 kroner under aksjonen. Ti Lister-bedrifter har allerede valgt \u00e5 st\u00f8tte innsamlingen. Aksjonen p\u00e5g\u00e5r gjennom hele februar og mars. Det \u00e5 m\u00f8te s\u00e5 mange bedrifter som er opptatt av \u00e5 ut\u00f8ve samfunnsansvar og bidra, gj\u00f8r et tydpt inntrykk, sier Tom Jochumsen og Trond Roger Furseth.<\/p>\n\n\n\n<p>&#8211; Ikke alle bedrifter har mulighet til \u00e5 bidra med \u00f8konomiske midler. Likevel \u00f8nsker disse \u00e5 bidra, noen gj\u00f8r det med \u00e5 gi kl\u00e6r, andre gir utstyr, noe som bidrar p\u00e5 et sv\u00e6rt god m\u00e5te slik at barnefamiliene som trenger det, kan f\u00e5 en god hjelp og h\u00e5ndsrekning, sier Jochumsen.<\/p>\n\n\n\n<p>&#8211; Jeg blir rimelig ydmyk og glad over \u00e5 se viljen til \u00e5 bidra, sier Furseth.<\/p>\n\n\n\n<h2 id=\"hjerteskjaerende\"  class=\"wp-block-heading\" >Hjerteskj\u00e6rende<\/h2>\n\n\n\n<p>&#8211; Noe av det mest hjerteskj\u00e6rende vi opplever i m\u00f8te med familiene, er n\u00e5r barna ikke kan delta p\u00e5 turer, aktiviteter, selskaper og idrett fordi mor og far ikke har r\u00e5d til bussbillett, gave, til kontingent i idrettslaget eller nye kl\u00e6r. Det sliter p\u00e5 familiene. Barna kan oppleve utenforskap, isolasjon, mobbing og sosial ekskludering p\u00e5 skolen og i fritiden. Aksjonen som n\u00e5 er satt i gang, skal bidra til \u00e5 forhindre dette, sier Nina Cecilie Nepstad, Tom Jochumsen og Trond Roger Furseth.<\/p>\n\n\n\n<div class=\"custom-block-factbox\">\n\t<h3 id=\"dette-er-barnas-stasjon\"  >Dette er Barnas Stasjon:<\/h3>\n<p>Barnas Stasjon er et tiltak som retter seg mot familier i s\u00e5rbare livssituasjoner og som erfarer utenforskap med barn i aldersgruppen 0-8 \u00e5r, samt gravide.<\/p>\n<p>Barnas Stasjon tilbyr f\u00f8lgelig et trygt m\u00f8tested for barnefamiliene hvor barnets fysiske og psykiske helse, utvikling og velferd st\u00e5r i fokus. Tilbudet skal v\u00e6re likt og gjenkjennbart, med rom for lokale tilpasninger.<\/p>\n<p>Gjennom \u00e5 f\u00f8lge barn og familier over tid reduseres s\u00e5rbarhetsfaktorene og \u00f8ke beskyttelsesfaktorene. Tilbudene som Barnas Stasjon gir, har fokus p\u00e5 mestring og ressurser hos b\u00e5de barn og foreldre.<\/p>\n<\/div>\n<div class=\"article-meta--info\">\n<div class=\"dekode-module-was-this-helpful\">\n\t<div class=\"\">\n\t\t<h2>Var dette nyttig?<\/h2>\n\t\t<form id=\"dekode-wth-form\">\n\t\t\t<button id=\"dekode-wth-yes\" class=\"button\" name=\"dekode-wth-feedback\" type=\"submit\"\n\t\t\t\t\tvalue=\"1\">Ja<\/button>\n\t\t\t<button id=\"dekode-wth-no\" class=\"button\" name=\"dekode-wth-feedback\" type=\"submit\"\n\t\t\t\t\tvalue=\"0\">Nei<\/button>\n\t\t\t<input type=\"hidden\" name=\"post_id\" value=\"4090\"\/>\n\t\t<\/form>\n\t<\/div>\n<\/div>\n\n<div class=\"relations\">\n\t<div class=\"latest-updated\">\n\t\t<span class=\"label\">Senest oppdatert: <\/span>\n\t\t<span class=\"content\">24.02.2021<\/span>\n\t<\/div>\n\t<\/div>\n<\/div>","protected":false},"excerpt":{"rendered":"<p>Barnas Stasjon og Bl\u00e5 Kors inviterer alle gode krefter til \u00e5 g\u00e5 sammen i en aksjon for \u00e5 bidra inn mot de over 750 barn og unge i Lister-regionen som lever under fattigdomsgrensen. Av Ivar Eidsaa &#8211; Vi ser at det nytter \u00e5 gj\u00f8re en innsats, og vi \u00f8nsker \u00e5 forsterke denne, sier Nina Cecilie [&hellip;]<\/p>\n","protected":false},"author":25,"featured_media":4091,"comment_status":"closed","ping_status":"closed","sticky":false,"template":"","format":"standard","meta":{"_acf_changed":false,"_relevanssi_hide_post":"","_relevanssi_hide_content":"","_relevanssi_pin_for_all":"on","_relevanssi_pin_keywords":"","_relevanssi_unpin_keywords":"","_relevanssi_related_keywords":"","_relevanssi_related_include_ids":"","_relevanssi_related_exclude_ids":"","_relevanssi_related_no_append":"","_relevanssi_related_not_related":"","_relevanssi_related_posts":"3765,5528,5862,6668,7068,4435","_relevanssi_noindex_reason":"","_custom_cards_description":"","footnotes":""},"categories":[1],"tags":[],"internal_tags":[],"class_list":["post-4090","post","type-post","status-publish","format-standard","has-post-thumbnail","hentry","category-ukategorisert"],"acf":[],"_links":{"self":[{"href":"https:\/\/www.blakors.no\/kristiansand\/wp-json\/wp\/v2\/posts\/4090","targetHints":{"allow":["GET"]}}],"collection":[{"href":"https:\/\/www.blakors.no\/kristiansand\/wp-json\/wp\/v2\/posts"}],"about":[{"href":"https:\/\/www.blakors.no\/kristiansand\/wp-json\/wp\/v2\/types\/post"}],"author":[{"embeddable":true,"href":"https:\/\/www.blakors.no\/kristiansand\/wp-json\/wp\/v2\/users\/25"}],"replies":[{"embeddable":true,"href":"https:\/\/www.blakors.no\/kristiansand\/wp-json\/wp\/v2\/comments?post=4090"}],"version-history":[{"count":3,"href":"https:\/\/www.blakors.no\/kristiansand\/wp-json\/wp\/v2\/posts\/4090\/revisions"}],"predecessor-version":[{"id":4094,"href":"https:\/\/www.blakors.no\/kristiansand\/wp-json\/wp\/v2\/posts\/4090\/revisions\/4094"}],"wp:featuredmedia":[{"embeddable":true,"href":"https:\/\/www.blakors.no\/kristiansand\/wp-json\/wp\/v2\/media\/4091"}],"wp:attachment":[{"href":"https:\/\/www.blakors.no\/kristiansand\/wp-json\/wp\/v2\/media?parent=4090"}],"wp:term":[{"taxonomy":"category","embeddable":true,"href":"https:\/\/www.blakors.no\/kristiansand\/wp-json\/wp\/v2\/categories?post=4090"},{"taxonomy":"post_tag","embeddable":true,"href":"https:\/\/www.blakors.no\/kristiansand\/wp-json\/wp\/v2\/tags?post=4090"},{"taxonomy":"internal_tags","embeddable":true,"href":"https:\/\/www.blakors.no\/kristiansand\/wp-json\/wp\/v2\/internal_tags?post=4090"}],"curies":[{"name":"wp","href":"https:\/\/api.w.org\/{rel}","templated":true}]}}