{"id":4444,"date":"2021-10-08T15:31:38","date_gmt":"2021-10-08T13:31:38","guid":{"rendered":"https:\/\/www.blakors.no\/kristiansand\/?p=4444"},"modified":"2021-10-13T15:48:17","modified_gmt":"2021-10-13T13:48:17","slug":"for-en-flott-tur-dette-har-vaert","status":"publish","type":"post","link":"https:\/\/www.blakors.no\/kristiansand\/2021\/10\/08\/for-en-flott-tur-dette-har-vaert\/","title":{"rendered":"For en flott tur dette har v\u00e6rt!"},"content":{"rendered":"\n<p><strong>Bare f\u00e5 dager etter at regjeringen lempet p\u00e5 de strenge smittevernreglene, valgte Bl\u00e5 Kors Kristiansand \u00e5 invitere deltakere fra ettervernsgruppen og medlemmer fra Bl\u00e5 Kors-foreningen til en tur til G\u00f6teborg.<\/strong><\/p>\n\n\n\n<p>Av Ivar Eidsaa<\/p>\n\n\n\n<p>Gjennom Folkehelseinstituttet er det blitt etablert en tilskuddsordning for \u00e5 motvirke ensomhet og passivitet og \u00e5 skape aktivitet, deltakelse, sosialt fellesskap og m\u00f8teplasser. M\u00e5lgruppen skal v\u00e6re grupper som st\u00e5r i fare for \u00e5 oppleve ensomhet, passivitet og sosial tilbaketrekning.<\/p>\n\n\n\n<h2 class=\"wp-block-heading\" id=\"h-fikk-midler\">Fikk midler<\/h2>\n\n\n\n<p>&#8211; Bl\u00e5 Kors Norge valgte \u00e5 s\u00f8ke om midler, noe man faktisk fikk. Vi s\u00f8kte om midler fra denne potten, noe som gjorde det mulig for oss \u00e5 kunne invitere deltakere fra etterverngruppen og medlemmer fra Bl\u00e5 Kors-foreningen med p\u00e5 en gratistur for \u00e5 skape gode sosiale fellesskap, forklarer Trond Gundersen, reiseleder for turen til G\u00f6teborg.<\/p>\n\n\n\n<p>&#8211; Vi har gjennom pandemien hatt noen f\u00e5 samlinger i etterverngruppen med et sterkt begrenset antall deltakere, og i Bl\u00e5 Kors-foreningen er stort sett all aktivitet blitt satt p\u00e5 pause, sier Gundersen.<\/p>\n\n\n\n<figure class=\"wp-block-image size-large\"><img loading=\"lazy\" decoding=\"async\" width=\"1024\" height=\"768\" src=\"https:\/\/www.blakors.no\/content\/uploads\/sites\/11\/2021\/10\/1-13-1-1024x768.jpg\" alt=\"Frode Hornnes\" class=\"wp-image-4448\" srcset=\"https:\/\/www.blakors.no\/content\/uploads\/sites\/11\/2021\/10\/1-13-1-1024x768.jpg 1024w, https:\/\/www.blakors.no\/content\/uploads\/sites\/11\/2021\/10\/1-13-1-300x225.jpg 300w, https:\/\/www.blakors.no\/content\/uploads\/sites\/11\/2021\/10\/1-13-1-768x576.jpg 768w, https:\/\/www.blakors.no\/content\/uploads\/sites\/11\/2021\/10\/1-13-1-1536x1152.jpg 1536w, https:\/\/www.blakors.no\/content\/uploads\/sites\/11\/2021\/10\/1-13-1-scaled.jpg 2048w\" sizes=\"auto, (max-width: 1024px) 100vw, 1024px\" \/><figcaption>&#8211; Ullared, here we come, smiler Frode Hornnes<\/figcaption><\/figure>\n\n\n\n<h2 id=\"28-forventningsfulle-deltakere\"  class=\"wp-block-heading\" >28 forventningsfulle deltakere<\/h2>\n\n\n\n<p>Da bussen trillet av g\u00e5rde, var det med 28 forventningsfulle og reiselystne deltakere om bord i bussen.<\/p>\n\n\n\n<p>Stemningen var god. Praten gikk livlig, og det var tydelig at dette var et tilbud mange satte stor pris p\u00e5 etter halvannet \u00e5r med f\u00e5 muligheter til \u00e5 m\u00f8te andre i Bl\u00e5 Kors-regi som f\u00f8lge av de strenge smittevernreglene.<\/p>\n\n\n\n<p>Turen gikk f\u00f8rst til Horten, og etter en fergetur over Oslo-fjorden til Moss, var Nordby-senteret f\u00f8rste stoppested, f\u00f8r bussen trillet videre til G\u00f6teborg og Quality Hotell som ligger helt i sj\u00f8kanten i sentrum av Sveriges nest st\u00f8rste by.<\/p>\n\n\n\n<h2 id=\"ola-conny-og-morgan\"  class=\"wp-block-heading\" >Ola-Conny og Morgan<\/h2>\n\n\n\n<figure class=\"wp-block-image size-large\"><img loading=\"lazy\" decoding=\"async\" width=\"1024\" height=\"768\" src=\"https:\/\/www.blakors.no\/content\/uploads\/sites\/11\/2021\/10\/1-23-1024x768.jpg\" alt=\"Trond Furseth sammen med Ola-Conny Wahlgren\" class=\"wp-image-4445\" srcset=\"https:\/\/www.blakors.no\/content\/uploads\/sites\/11\/2021\/10\/1-23-1024x768.jpg 1024w, https:\/\/www.blakors.no\/content\/uploads\/sites\/11\/2021\/10\/1-23-300x225.jpg 300w, https:\/\/www.blakors.no\/content\/uploads\/sites\/11\/2021\/10\/1-23-768x576.jpg 768w, https:\/\/www.blakors.no\/content\/uploads\/sites\/11\/2021\/10\/1-23-1536x1152.jpg 1536w, https:\/\/www.blakors.no\/content\/uploads\/sites\/11\/2021\/10\/1-23-scaled.jpg 2048w\" sizes=\"auto, (max-width: 1024px) 100vw, 1024px\" \/><figcaption>Trond Furseth sammen med Ola-Conny Wahlgren<\/figcaption><\/figure>\n\n\n\n<p>Etter en god frokost, var det klart for avreise, n\u00e6rmere bestemt til Ullared i Gek\u00e5s. Turen til denne store handelsparken ble unnagjort p\u00e5 sm\u00e5 to timer.<\/p>\n\n\n\n<p>Der noen fikk kj\u00f8pt julegaver, kom andre ut igjen med b\u00e5de kaffe, godteri, et klesplagg eller to, og andre n\u00f8dvendigheter i handleposene.<\/p>\n\n\n\n<blockquote class=\"wp-block-quote is-style-default is-layout-flow wp-block-quote-is-layout-flow\"><p>Det har v\u00e6rt godt \u00e5 treffe igjen de andre, og s\u00e5 fint at vi har kunnet gj\u00f8re s\u00e5 mye artig underveis p\u00e5 turen<\/p><cite>Turdeltaker<\/cite><\/blockquote>\n\n\n\n<p>Flere var spente p\u00e5 om vi ville treffe p\u00e5 Ola-Conny Wallgren og Morgan Karlsson som er blitt som storkjendiser \u00e5 regne etter TV-serien om Ullared og sine egne reiseprogrammer.<\/p>\n\n\n\n<p>Det tok ikke lange tiden f\u00f8r en st\u00f8rre gjeng fra reisef\u00f8lget fant Ola-Conny, ivrig opptatt med \u00e5 etterfylle varer i hyllene.<\/p>\n\n\n\n<p>Et betydelig antall selfies ble tatt med den trivelige karen som var velvilligheten selv. Et ekstra pluss ble det selvsagt da en god gjeng etterp\u00e5 traff Morgan Karlsson p\u00e5 utsiden. Nok en gang ble mobiltelefonene tatt frem og det ble beh\u00f8rig knipset bilder av den andre superkjendisen p\u00e5 Ullared.<\/p>\n\n\n\n<h2 id=\"stor-trivselsfaktor\"  class=\"wp-block-heading\" >Stor trivselsfaktor<\/h2>\n\n\n\n<figure class=\"wp-block-image size-large\"><img loading=\"lazy\" decoding=\"async\" width=\"1024\" height=\"768\" src=\"https:\/\/www.blakors.no\/content\/uploads\/sites\/11\/2021\/10\/1-18-1024x768.jpg\" alt=\"Tom Jochumsen\" class=\"wp-image-4447\" srcset=\"https:\/\/www.blakors.no\/content\/uploads\/sites\/11\/2021\/10\/1-18-1024x768.jpg 1024w, https:\/\/www.blakors.no\/content\/uploads\/sites\/11\/2021\/10\/1-18-300x225.jpg 300w, https:\/\/www.blakors.no\/content\/uploads\/sites\/11\/2021\/10\/1-18-768x576.jpg 768w, https:\/\/www.blakors.no\/content\/uploads\/sites\/11\/2021\/10\/1-18-1536x1152.jpg 1536w, https:\/\/www.blakors.no\/content\/uploads\/sites\/11\/2021\/10\/1-18-scaled.jpg 2048w\" sizes=\"auto, (max-width: 1024px) 100vw, 1024px\" \/><figcaption>&#8211; Her var det mye \u00e5 velge i, hvor skal jeg begynne, smiler Tom Jochumsen<\/figcaption><\/figure>\n\n\n\n<figure class=\"wp-block-image size-large\"><img loading=\"lazy\" decoding=\"async\" width=\"1024\" height=\"768\" src=\"https:\/\/www.blakors.no\/content\/uploads\/sites\/11\/2021\/10\/1-10-1024x768.jpg\" alt=\"Frode Hornnes og Olaf Theodor Mesel\" class=\"wp-image-4449\" srcset=\"https:\/\/www.blakors.no\/content\/uploads\/sites\/11\/2021\/10\/1-10-1024x768.jpg 1024w, https:\/\/www.blakors.no\/content\/uploads\/sites\/11\/2021\/10\/1-10-300x225.jpg 300w, https:\/\/www.blakors.no\/content\/uploads\/sites\/11\/2021\/10\/1-10-768x576.jpg 768w, https:\/\/www.blakors.no\/content\/uploads\/sites\/11\/2021\/10\/1-10-1536x1152.jpg 1536w, https:\/\/www.blakors.no\/content\/uploads\/sites\/11\/2021\/10\/1-10-scaled.jpg 2048w\" sizes=\"auto, (max-width: 1024px) 100vw, 1024px\" \/><figcaption>Frode Hornnes og Olaf Theodor Mesel utenfor Ullared i Gek\u00e5s.<\/figcaption><\/figure>\n\n\n\n<p>P\u00e5 kvelden kunne de som \u00f8nsket det, bli med p\u00e5 en tur ut i G\u00f6teborg. Stort sett alle \u00f8nsket \u00e5 bli med, og det var litt av et skue \u00e5 se hele flokken samlet, hvor praten gikk, latteren satt l\u00f8st og trivselsfaktoren virket \u00e5 v\u00e6re stor.<\/p>\n\n\n\n<p>&#8211; For en flott tur dette har v\u00e6rt, utbr\u00f8t en av deltakerne p\u00e5 turen hjem.<\/p>\n\n\n\n<p>&#8211; Det har v\u00e6rt godt \u00e5 treffe igjen de andre, og s\u00e5 fint at vi har kunnet gj\u00f8re s\u00e5 mye artig underveis p\u00e5 turen, sa en annen.<\/p>\n\n\n\n<div class=\"wp-block-lib-header alignfull hide\"><div class=\"image-wrapper\"><img decoding=\"async\" src=\"https:\/\/www.blakors.no\/content\/uploads\/sites\/11\/2021\/10\/1-3-edited-scaled.jpg\"\/><\/div><div class=\"header-innercontent\"><\/div><\/div>\n<div class=\"article-meta--info\">\n<div class=\"dekode-module-was-this-helpful\">\n\t<div class=\"\">\n\t\t<h2>Var dette nyttig?<\/h2>\n\t\t<form id=\"dekode-wth-form\">\n\t\t\t<button id=\"dekode-wth-yes\" class=\"button\" name=\"dekode-wth-feedback\" type=\"submit\"\n\t\t\t\t\tvalue=\"1\">Ja<\/button>\n\t\t\t<button id=\"dekode-wth-no\" class=\"button\" name=\"dekode-wth-feedback\" type=\"submit\"\n\t\t\t\t\tvalue=\"0\">Nei<\/button>\n\t\t\t<input type=\"hidden\" name=\"post_id\" value=\"4444\"\/>\n\t\t<\/form>\n\t<\/div>\n<\/div>\n\n<div class=\"relations\">\n\t<div class=\"latest-updated\">\n\t\t<span class=\"label\">Senest oppdatert: <\/span>\n\t\t<span class=\"content\">13.10.2021<\/span>\n\t<\/div>\n\t<\/div>\n<\/div>","protected":false},"excerpt":{"rendered":"<p>Bare f\u00e5 dager etter at regjeringen lempet p\u00e5 de strenge smittevernreglene, valgte Bl\u00e5 Kors Kristiansand \u00e5 invitere deltakere fra ettervernsgruppen og medlemmer fra Bl\u00e5 Kors-foreningen til en tur til G\u00f6teborg. Av Ivar Eidsaa Gjennom Folkehelseinstituttet er det blitt etablert en tilskuddsordning for \u00e5 motvirke ensomhet og passivitet og \u00e5 skape aktivitet, deltakelse, sosialt fellesskap og [&hellip;]<\/p>\n","protected":false},"author":25,"featured_media":4451,"comment_status":"closed","ping_status":"closed","sticky":false,"template":"","format":"standard","meta":{"_acf_changed":false,"_relevanssi_hide_post":"","_relevanssi_hide_content":"","_relevanssi_pin_for_all":"on","_relevanssi_pin_keywords":"","_relevanssi_unpin_keywords":"","_relevanssi_related_keywords":"","_relevanssi_related_include_ids":"","_relevanssi_related_exclude_ids":"","_relevanssi_related_no_append":"","_relevanssi_related_not_related":"","_relevanssi_related_posts":"4714,7752,8323,6166,8668,7808","_relevanssi_noindex_reason":"","_custom_cards_description":"","footnotes":""},"categories":[5,8],"tags":[],"internal_tags":[],"class_list":["post-4444","post","type-post","status-publish","format-standard","has-post-thumbnail","hentry","category-bla-kors-kristiansand","category-blaens-reiser"],"acf":[],"_links":{"self":[{"href":"https:\/\/www.blakors.no\/kristiansand\/wp-json\/wp\/v2\/posts\/4444","targetHints":{"allow":["GET"]}}],"collection":[{"href":"https:\/\/www.blakors.no\/kristiansand\/wp-json\/wp\/v2\/posts"}],"about":[{"href":"https:\/\/www.blakors.no\/kristiansand\/wp-json\/wp\/v2\/types\/post"}],"author":[{"embeddable":true,"href":"https:\/\/www.blakors.no\/kristiansand\/wp-json\/wp\/v2\/users\/25"}],"replies":[{"embeddable":true,"href":"https:\/\/www.blakors.no\/kristiansand\/wp-json\/wp\/v2\/comments?post=4444"}],"version-history":[{"count":5,"href":"https:\/\/www.blakors.no\/kristiansand\/wp-json\/wp\/v2\/posts\/4444\/revisions"}],"predecessor-version":[{"id":4465,"href":"https:\/\/www.blakors.no\/kristiansand\/wp-json\/wp\/v2\/posts\/4444\/revisions\/4465"}],"wp:featuredmedia":[{"embeddable":true,"href":"https:\/\/www.blakors.no\/kristiansand\/wp-json\/wp\/v2\/media\/4451"}],"wp:attachment":[{"href":"https:\/\/www.blakors.no\/kristiansand\/wp-json\/wp\/v2\/media?parent=4444"}],"wp:term":[{"taxonomy":"category","embeddable":true,"href":"https:\/\/www.blakors.no\/kristiansand\/wp-json\/wp\/v2\/categories?post=4444"},{"taxonomy":"post_tag","embeddable":true,"href":"https:\/\/www.blakors.no\/kristiansand\/wp-json\/wp\/v2\/tags?post=4444"},{"taxonomy":"internal_tags","embeddable":true,"href":"https:\/\/www.blakors.no\/kristiansand\/wp-json\/wp\/v2\/internal_tags?post=4444"}],"curies":[{"name":"wp","href":"https:\/\/api.w.org\/{rel}","templated":true}]}}