{"id":4591,"date":"2021-11-10T08:44:00","date_gmt":"2021-11-10T07:44:00","guid":{"rendered":"https:\/\/www.blakors.no\/kristiansand\/?p=4591"},"modified":"2021-11-23T09:00:15","modified_gmt":"2021-11-23T08:00:15","slug":"helaften-den-populaere-julefesten-er-endelig-tilbake","status":"publish","type":"post","link":"https:\/\/www.blakors.no\/kristiansand\/2021\/11\/10\/helaften-den-populaere-julefesten-er-endelig-tilbake\/","title":{"rendered":"Helaften \u2013 den popul\u00e6re julefesten er endelig tilbake"},"content":{"rendered":"\n<p><strong>Etter \u00e5 ha blitt avlyst i fjor, er endelig Helaften, julefesten som Bl\u00e5 Kors Kristiansand arrangerer for tidligere og n\u00e5v\u00e6rende rusmisbrukere, tilbake. &#8211; Denne julefesten er det mange som har ventet p\u00e5 skulle komme tilbake. For deltakerne betyr det sv\u00e6rt mye \u00e5 bli invitert.<\/strong><\/p>\n\n\n\n<p>Av Ivar Eidsaa<\/p>\n\n\n\n<p>&#8211; Det var mange som ble skuffet da de strenge smittevernreglene medf\u00f8rte at Helaften m\u00e5tte avlyses i fjor. Men desto finere i \u00e5r at Helaften er tilbake, sier Trond Furseth.<\/p>\n\n\n\n<div class=\"wp-block-image\"><figure class=\"alignright size-large is-resized\"><img loading=\"lazy\" decoding=\"async\" src=\"https:\/\/www.blakors.no\/content\/uploads\/sites\/11\/2021\/01\/Benedikte-Sofie-Rom-Abrahamsen-819x1024.jpg\" alt=\"Benedikte Sofie Rom Abrahamsen\" class=\"wp-image-3727\" width=\"257\" height=\"322\" srcset=\"https:\/\/www.blakors.no\/content\/uploads\/sites\/11\/2021\/01\/Benedikte-Sofie-Rom-Abrahamsen-819x1024.jpg 819w, https:\/\/www.blakors.no\/content\/uploads\/sites\/11\/2021\/01\/Benedikte-Sofie-Rom-Abrahamsen-240x300.jpg 240w, https:\/\/www.blakors.no\/content\/uploads\/sites\/11\/2021\/01\/Benedikte-Sofie-Rom-Abrahamsen-768x961.jpg 768w, https:\/\/www.blakors.no\/content\/uploads\/sites\/11\/2021\/01\/Benedikte-Sofie-Rom-Abrahamsen.jpg 1004w\" sizes=\"auto, (max-width: 257px) 100vw, 257px\" \/><figcaption>Koordinator Benedikte Sofie Rom Abrahamsen<\/figcaption><\/figure><\/div>\n\n\n\n<h2 class=\"wp-block-heading\" id=\"h-sterke-inntrykk\">Sterke inntrykk<\/h2>\n\n\n\n<p>Helaften er julefesten med mange sterke inntrykk. Furseth sier det er sterkt \u00e5 se gleden i \u00f8ynene n\u00e5r kvinner og menn med rusutfordringer som har g\u00e5tt p\u00e5 kj\u00f8ret kan v\u00e6re med p\u00e5 en julefest som de s\u00e5 sterkt fortjener.<\/p>\n\n\n\n<p>&#8211; Torsdag 25. november arrangerer vi \u00e5rets Helaften, og til \u00e5rets fest inviterer vi 200 deltakere, sier Benedikte Sofie Rom Abrahamsen, prosjektleder for arrangementer i Bl\u00e5 Kors Kristiansand.<\/p>\n\n\n\n<h2 id=\"avsluttes-med-julekonsert\"  class=\"wp-block-heading\" >Avsluttes med julekonsert<\/h2>\n\n\n\n<p>Abrahamsen og Furseth inviterer til en innholdsrik julefest som starter i Storsalen, i lokalene til Bl\u00e5 Kors Kristiansand i Gyldenl\u00f8vesgate. Da serveres det en treretters middag. Gode og godt innarbeidede tradisjoner videref\u00f8res n\u00e5r festdeltakerne blir invitert med over i Kristiansand Frikirke i Tollbodgaten, til den \u00e5rvisse julekonserten med Gaute Orm\u00e5sen, Inger Lise Rypdal, Maria Arredondo, Torstein S\u00f8dal og Christian Ingebrigtsen.<\/p>\n\n\n\n<p>Helaften er julefesten som p\u00e5 alle m\u00e5ter er s\u00e5 annerledes. Som karen som kunne fortelle at \u00abi dag har jeg for f\u00f8rste gang i livet v\u00e6rt med p\u00e5 en julefest som er fin og god, uten kaos, rop, skrik, vold og en herpet leilighet fordi far p\u00e5 julaften ofte f\u00e5r et av sine utbrudd\u00bb. Og det kommer fra voksne kvinner og menn som burde ha f\u00e5tt lov til \u00e5 erfare gode julefester fra de var sm\u00e5. Men slik har ikke livet blitt for mange av dem.<\/p>\n\n\n\n<p>&#8211; For mange av deltakerne er Helaften den eneste julefesten de er med p\u00e5, sier Trond Furseth.<\/p>\n\n\n\n<h2 id=\"rause-bedrifter\"  class=\"wp-block-heading\" >Rause bedrifter<\/h2>\n\n\n\n<p>Trond Furseth forteller det ogs\u00e5 er sterkt \u00e5 kjenne p\u00e5 hvordan Bl\u00e5 Kors-ansatte blir tatt i mot n\u00e5r man tar kontakt med bedrifter og st\u00f8ttespillere for \u00e5 h\u00f8re om noen av dem kan ha produkter og varer som de kan avse og som skal g\u00e5 til posen med julegaver som hver enkelt deltaker f\u00e5r med seg p\u00e5 vei hjem.<\/p>\n\n\n\n<p>&#8211; Mange vil bidra til at gjestene f\u00e5r en god opplevelse. Posene pakker vi med mat, litt julegodt, kl\u00e6r og mye annet som man trenger til. Velviljen og im\u00f8tekommenheten er stor, s\u00e5 tusen, tusen takk til hver enkelt, sier Furseth og Rom Abrahamsen.<\/p>\n\n\n\n<h2 id=\"mange-stiller-som-tidgivere-frivillige\"  class=\"wp-block-heading\" >Mange stiller som Tidgivere (frivillige)<\/h2>\n\n\n\n<p>Sterkt er det ogs\u00e5 at s\u00e5 mange som \u00f8nsker \u00e5 bidra praktisk.<\/p>\n\n\n\n<p>&#8211; Flere bedrifter stiller med egne ansatte som serverer og s\u00f8rger for at hedersgjestene har det bra p\u00e5 alle m\u00e5ter. For \u00e5 f\u00e5 gjennomf\u00f8rt festen med hva som kreves av servering og logistikk, trengs det hjelp av mange Tidgivere (frivillige), sier Benedikte Sofie Rom Abrahamsen.<\/p>\n\n\n\n<p>Selve julekonserten er ogs\u00e5 et kapitel for seg.<\/p>\n\n\n\n<p>&#8211; Gaute Orm\u00e5sen, Inger Lise Rypdal, Maria Arredondo, Torstein S\u00f8dal og Christian Ingebrigtsen gjennomf\u00f8rer en julekonsert av det helt spesielle slaget.<\/p>\n\n\n\n<figure class=\"wp-block-image size-large\"><img loading=\"lazy\" decoding=\"async\" width=\"1024\" height=\"450\" src=\"https:\/\/www.blakors.no\/content\/uploads\/sites\/11\/2021\/11\/Va\u030ar-Jul-1024x450.jpg\" alt=\"\" class=\"wp-image-4592\" srcset=\"https:\/\/www.blakors.no\/content\/uploads\/sites\/11\/2021\/11\/Va\u030ar-Jul-1024x450.jpg 1024w, https:\/\/www.blakors.no\/content\/uploads\/sites\/11\/2021\/11\/Va\u030ar-Jul-300x132.jpg 300w, https:\/\/www.blakors.no\/content\/uploads\/sites\/11\/2021\/11\/Va\u030ar-Jul-768x337.jpg 768w, https:\/\/www.blakors.no\/content\/uploads\/sites\/11\/2021\/11\/Va\u030ar-Jul-1536x674.jpg 1536w, https:\/\/www.blakors.no\/content\/uploads\/sites\/11\/2021\/11\/Va\u030ar-Jul.jpg 1708w\" sizes=\"auto, (max-width: 1024px) 100vw, 1024px\" \/><figcaption>Helaften avsluttes med julekonsert i Kristiansand Frikirke<\/figcaption><\/figure>\n\n\n\n<h2 id=\"deilig-er-jorden\"  class=\"wp-block-heading\" >Deilig er jorden<\/h2>\n\n\n\n<p>Det er ogs\u00e5 tradisjon for at Helaften og selve julekonserten avsluttes med at alle reiser seg og synger \u00abDeilig er jorden\u00bb. Den blir sunget med en sjelden kraft, og det gj\u00f8r alltid dypt inntrykk n\u00e5r flere av \u00abgadas jenter og gutter\u00bb synger sterkt med, med en t\u00e5re eller to rennende nedover kinnet.<\/p>\n\n\n\n<p>&#8211; Helaften \u2013 denne julefesten som faktisk har tradisjon for \u00e5 bringe forandring i livene til s\u00e5 mange, er endelig tilbake. Det gleder vi oss til, sier Trond Furseth og Benedikte Sofie Rom Abrahamsen.<\/p>\n\n\n\n<div class=\"wp-block-lib-header alignfull hide\"><div class=\"image-wrapper\"><img decoding=\"async\" src=\"https:\/\/www.blakors.no\/content\/uploads\/sites\/11\/2020\/11\/DSC_0438-1-scaled.jpg\"\/><\/div><div class=\"header-innercontent\"><\/div><\/div>\n<div class=\"article-meta--info\">\n<div class=\"dekode-module-was-this-helpful\">\n\t<div class=\"\">\n\t\t<h2>Var dette nyttig?<\/h2>\n\t\t<form id=\"dekode-wth-form\">\n\t\t\t<button id=\"dekode-wth-yes\" class=\"button\" name=\"dekode-wth-feedback\" type=\"submit\"\n\t\t\t\t\tvalue=\"1\">Ja<\/button>\n\t\t\t<button id=\"dekode-wth-no\" class=\"button\" name=\"dekode-wth-feedback\" type=\"submit\"\n\t\t\t\t\tvalue=\"0\">Nei<\/button>\n\t\t\t<input type=\"hidden\" name=\"post_id\" value=\"4591\"\/>\n\t\t<\/form>\n\t<\/div>\n<\/div>\n\n<div class=\"relations\">\n\t<div class=\"latest-updated\">\n\t\t<span class=\"label\">Senest oppdatert: <\/span>\n\t\t<span class=\"content\">23.11.2021<\/span>\n\t<\/div>\n\t<\/div>\n<\/div>","protected":false},"excerpt":{"rendered":"<p>Etter \u00e5 ha blitt avlyst i fjor, er endelig Helaften, julefesten som Bl\u00e5 Kors Kristiansand arrangerer for tidligere og n\u00e5v\u00e6rende rusmisbrukere, tilbake. &#8211; Denne julefesten er det mange som har ventet p\u00e5 skulle komme tilbake. For deltakerne betyr det sv\u00e6rt mye \u00e5 bli invitert. Av Ivar Eidsaa &#8211; Det var mange som ble skuffet da [&hellip;]<\/p>\n","protected":false},"author":25,"featured_media":2710,"comment_status":"closed","ping_status":"closed","sticky":false,"template":"","format":"standard","meta":{"_acf_changed":false,"_relevanssi_hide_post":"","_relevanssi_hide_content":"","_relevanssi_pin_for_all":"on","_relevanssi_pin_keywords":"","_relevanssi_unpin_keywords":"","_relevanssi_related_keywords":"","_relevanssi_related_include_ids":"","_relevanssi_related_exclude_ids":"","_relevanssi_related_no_append":"","_relevanssi_related_not_related":"","_relevanssi_related_posts":"7752,8503,6286,6307,7780,6668","_relevanssi_noindex_reason":"","_custom_cards_description":"","footnotes":""},"categories":[5],"tags":[],"internal_tags":[],"class_list":["post-4591","post","type-post","status-publish","format-standard","has-post-thumbnail","hentry","category-bla-kors-kristiansand"],"acf":[],"_links":{"self":[{"href":"https:\/\/www.blakors.no\/kristiansand\/wp-json\/wp\/v2\/posts\/4591","targetHints":{"allow":["GET"]}}],"collection":[{"href":"https:\/\/www.blakors.no\/kristiansand\/wp-json\/wp\/v2\/posts"}],"about":[{"href":"https:\/\/www.blakors.no\/kristiansand\/wp-json\/wp\/v2\/types\/post"}],"author":[{"embeddable":true,"href":"https:\/\/www.blakors.no\/kristiansand\/wp-json\/wp\/v2\/users\/25"}],"replies":[{"embeddable":true,"href":"https:\/\/www.blakors.no\/kristiansand\/wp-json\/wp\/v2\/comments?post=4591"}],"version-history":[{"count":1,"href":"https:\/\/www.blakors.no\/kristiansand\/wp-json\/wp\/v2\/posts\/4591\/revisions"}],"predecessor-version":[{"id":4593,"href":"https:\/\/www.blakors.no\/kristiansand\/wp-json\/wp\/v2\/posts\/4591\/revisions\/4593"}],"wp:featuredmedia":[{"embeddable":true,"href":"https:\/\/www.blakors.no\/kristiansand\/wp-json\/wp\/v2\/media\/2710"}],"wp:attachment":[{"href":"https:\/\/www.blakors.no\/kristiansand\/wp-json\/wp\/v2\/media?parent=4591"}],"wp:term":[{"taxonomy":"category","embeddable":true,"href":"https:\/\/www.blakors.no\/kristiansand\/wp-json\/wp\/v2\/categories?post=4591"},{"taxonomy":"post_tag","embeddable":true,"href":"https:\/\/www.blakors.no\/kristiansand\/wp-json\/wp\/v2\/tags?post=4591"},{"taxonomy":"internal_tags","embeddable":true,"href":"https:\/\/www.blakors.no\/kristiansand\/wp-json\/wp\/v2\/internal_tags?post=4591"}],"curies":[{"name":"wp","href":"https:\/\/api.w.org\/{rel}","templated":true}]}}