{"id":5493,"date":"2022-05-16T08:42:30","date_gmt":"2022-05-16T06:42:30","guid":{"rendered":"https:\/\/www.blakors.no\/kristiansand\/?p=5493"},"modified":"2022-05-16T08:43:51","modified_gmt":"2022-05-16T06:43:51","slug":"et-blamarked-av-godt-gammelt-merke","status":"publish","type":"post","link":"https:\/\/www.blakors.no\/kristiansand\/2022\/05\/16\/et-blamarked-av-godt-gammelt-merke\/","title":{"rendered":"Et Bl\u00e5Marked av godt gammelt merke"},"content":{"rendered":"\n<p><strong>&#8211; Endelig, dette har vi ventet lenge p\u00e5, smiler daglig leder Arvid Solheim, n\u00e5r han st\u00e5r og ser ut over de mange som tok turen da Bl\u00e5 Kors Kristiansand l\u00f8rdag inviterte til Bl\u00e5Marked. For l\u00f8rdagens arrangement ble et marked av godt gammelt merke, med mye aktivitet, sv\u00e6rt mange bes\u00f8kende, liv og r\u00f8re.<\/strong><\/p>\n\n\n\n<p>Av Ivar Eidsaa<\/p>\n\n\n\n<figure class=\"wp-block-image size-large\"><img loading=\"lazy\" decoding=\"async\" width=\"1024\" height=\"768\" src=\"https:\/\/www.blakors.no\/content\/uploads\/sites\/11\/2022\/05\/1-47-1024x768.jpg\" alt=\"Bl\u00e5marked 14. mai i Bl\u00e5 Kors\" class=\"wp-image-5494\" srcset=\"https:\/\/www.blakors.no\/content\/uploads\/sites\/11\/2022\/05\/1-47-1024x768.jpg 1024w, https:\/\/www.blakors.no\/content\/uploads\/sites\/11\/2022\/05\/1-47-300x225.jpg 300w, https:\/\/www.blakors.no\/content\/uploads\/sites\/11\/2022\/05\/1-47-768x576.jpg 768w, https:\/\/www.blakors.no\/content\/uploads\/sites\/11\/2022\/05\/1-47-1536x1152.jpg 1536w, https:\/\/www.blakors.no\/content\/uploads\/sites\/11\/2022\/05\/1-47-scaled.jpg 2048w\" sizes=\"auto, (max-width: 1024px) 100vw, 1024px\" \/><figcaption>Ansiktsmaling var en av aktivitetene p\u00e5 Bl\u00e5marked<\/figcaption><\/figure>\n\n\n\n<p>&#8211; Det at Bl\u00e5Markedet er i gang igjen betyr mye. Du ser at gleden bare str\u00f8mmer n\u00e5r man ser iveren til barna, hvor mange familier som kommer, engasjementet under auksjonen, og med en rekke aktiviteter for barna. Bare til fiskedammen var det en periode s\u00e5 lang k\u00f8 av barn som ville v\u00e6re med, at k\u00f8en stod helt ut til Skippergaten, ler Solheim.<\/p>\n\n\n\n<p>&#8211; Det er bare fantastisk \u00e5 v\u00e6re i gang. N\u00e5 har vi v\u00e6rt isolert i tre \u00e5r. Forrige gang vi hadde Bl\u00e5Marked, var i 2019. Markedet er s\u00e5 viktig for oss i Bl\u00e5 Kors. Bl\u00e5Marked er en av de viktigste dagene i \u00e5ret, i tillegg til Helaften som vi gjennomf\u00f8rer f\u00f8r jul og hvor personer som har v\u00e6rt eller er i rus, blir invitert. For oss er dette de to store festdagene i l\u00f8pet av \u00e5ret, sier Solheim.<\/p>\n\n\n\n<p>&#8211; S\u00e5 dette er en skikkelig restart for livet, uten corona, legger han til.<\/p>\n\n\n\t<div class=\"custom-block-related-article \">\n\t\t\t<div class=\"image\">\n\t\t\t\t<a href=\"https:\/\/www.blakors.no\/kristiansand\/2022\/05\/09\/blamarked-inviterer-til-folkefest-14-mai\/\">\n\t\t\t\t<img loading=\"lazy\" decoding=\"async\" width=\"300\" height=\"200\" src=\"https:\/\/www.blakors.no\/content\/uploads\/sites\/11\/2022\/05\/auksjon-blamarked-300x200.jpg\" class=\"attachment-medium size-medium wp-post-image\" alt=\"Bl\u00e5Marked i Bl\u00e5 Kors Kristiansand\" srcset=\"https:\/\/www.blakors.no\/content\/uploads\/sites\/11\/2022\/05\/auksjon-blamarked-300x200.jpg 300w, https:\/\/www.blakors.no\/content\/uploads\/sites\/11\/2022\/05\/auksjon-blamarked-1024x683.jpg 1024w, https:\/\/www.blakors.no\/content\/uploads\/sites\/11\/2022\/05\/auksjon-blamarked-768x512.jpg 768w, https:\/\/www.blakors.no\/content\/uploads\/sites\/11\/2022\/05\/auksjon-blamarked-1536x1024.jpg 1536w, https:\/\/www.blakors.no\/content\/uploads\/sites\/11\/2022\/05\/auksjon-blamarked-scaled.jpg 2048w\" sizes=\"auto, (max-width: 300px) 100vw, 300px\" \/>\t\t\t\t<\/a>\n\t\t\t<\/div>\n\t\t\t<div class=\"content\">\n\t\t\t\t<a href=\"https:\/\/www.blakors.no\/kristiansand\/2022\/05\/09\/blamarked-inviterer-til-folkefest-14-mai\/\">\n\t\t\t\t<span class=\"label\">Les ogs\u00e5<\/span><h3 id=\"blamarked-inviterer-til-folkefest-14-mai\"  class=\"title\" >Bl\u00e5Marked: Inviterer til folkefest 14. mai<\/h3>\t\t\t\t<\/a>\n\t\t\t<\/div>\n\t<\/div>\n\t\n\n\n<p>&#8211; Jeg vet ikke hvor mange nasjonaliteter som er her i dag, men det er mange. Det er det fine med Bl\u00e5 Kors Kristiansand, det er for alle \u2013 og i sentrum st\u00e5r et menneske, sier Solheim.<\/p>\n\n\n\n<p>&#8211; Her skapes det gode minner og gode opplevelser for b\u00e5de store og sm\u00e5, legger han til.<\/p>\n\n\n\n<figure class=\"wp-block-image size-large\"><img loading=\"lazy\" decoding=\"async\" width=\"1024\" height=\"768\" src=\"https:\/\/www.blakors.no\/content\/uploads\/sites\/11\/2022\/05\/1-43-1-1024x768.jpg\" alt=\"\u00d8y by Bl\u00e5 Kors var tilstede med egen salgsstand\" class=\"wp-image-5495\" srcset=\"https:\/\/www.blakors.no\/content\/uploads\/sites\/11\/2022\/05\/1-43-1-1024x768.jpg 1024w, https:\/\/www.blakors.no\/content\/uploads\/sites\/11\/2022\/05\/1-43-1-300x225.jpg 300w, https:\/\/www.blakors.no\/content\/uploads\/sites\/11\/2022\/05\/1-43-1-768x576.jpg 768w, https:\/\/www.blakors.no\/content\/uploads\/sites\/11\/2022\/05\/1-43-1-1536x1152.jpg 1536w, https:\/\/www.blakors.no\/content\/uploads\/sites\/11\/2022\/05\/1-43-1-scaled.jpg 2048w\" sizes=\"auto, (max-width: 1024px) 100vw, 1024px\" \/><figcaption>\u00d8y by Bl\u00e5 Kors var tilstede med egen salgsstand<\/figcaption><\/figure>\n\n\n\n<p>I l\u00f8pet av markedet var et par tusen personer innom, p\u00e5 en dag som ogs\u00e5 betyr mye for Bl\u00e5 Kors-arbeidet.<\/p>\n\n\n\n<p>&#8211; I tillegg til at dette er en festdag for store og sm\u00e5, s\u00e5 er det en dag som ogs\u00e5 gir oss gode inntekter gjennom det som kommer inn via auksjonen, penger som vi skal bruke i rusomsorgsarbeidet vi driver i Agder.<\/p>\n\n\n\n<p>Allerede da markedet startet, str\u00f8mmet gjestene p\u00e5. I Skippergaten var en egen skaterampe kommet p\u00e5 plass hvor alle som \u00f8nsket det, kunne pr\u00f8ve seg. Citytrain stilte med bytoget og kj\u00f8rte villig vekk p\u00e5 turer gjennom sentrum.<\/p>\n\n\n\n<figure class=\"wp-block-image size-large\"><img loading=\"lazy\" decoding=\"async\" width=\"1024\" height=\"768\" src=\"https:\/\/www.blakors.no\/content\/uploads\/sites\/11\/2022\/05\/1-24-1-1024x768.jpg\" alt=\"Citytrain Bl\u00e5marked 14. mai i Bl\u00e5 Kors\" class=\"wp-image-5497\" srcset=\"https:\/\/www.blakors.no\/content\/uploads\/sites\/11\/2022\/05\/1-24-1-1024x768.jpg 1024w, https:\/\/www.blakors.no\/content\/uploads\/sites\/11\/2022\/05\/1-24-1-300x225.jpg 300w, https:\/\/www.blakors.no\/content\/uploads\/sites\/11\/2022\/05\/1-24-1-768x576.jpg 768w, https:\/\/www.blakors.no\/content\/uploads\/sites\/11\/2022\/05\/1-24-1-1536x1152.jpg 1536w, https:\/\/www.blakors.no\/content\/uploads\/sites\/11\/2022\/05\/1-24-1-scaled.jpg 2048w\" sizes=\"auto, (max-width: 1024px) 100vw, 1024px\" \/><figcaption>Citytrain var med Bl\u00e5marked 14. mai i Bl\u00e5 Kors<\/figcaption><\/figure>\n\n\n\n<p>I kjelleren gikk det lassevis med vafler \u2013 og kaker. Kaffetrakterne putret og gikk gjennom hele dagen. I Storsalen var det rigget til auksjon, med en lang rekke flotte produkter som butikker og n\u00e6ringsliv hadde donert; scooter, flatskjerm, industriverkt\u00f8y, en lang rekke gavekort, griller, b\u00e5lpanne, utepeis og sykler, for \u00e5 ha nevnt noen f\u00e5 eksempler.<\/p>\n\n\n\n<div class=\"wp-block-lib-header alignfull hide\"><div class=\"image-wrapper\"><img decoding=\"async\" src=\"https:\/\/www.blakors.no\/content\/uploads\/sites\/11\/2022\/05\/1-39-scaled.jpg\"\/><\/div><div class=\"header-innercontent\"><\/div><\/div>\n\n\n\n<figure class=\"wp-block-image size-large\"><img loading=\"lazy\" decoding=\"async\" width=\"1024\" height=\"768\" src=\"https:\/\/www.blakors.no\/content\/uploads\/sites\/11\/2022\/05\/1-15-1024x768.jpg\" alt=\"Ingen auksjon p\u00e5 Citytrain Bl\u00e5marked uten auksjonarius Runo Kv\u00e5s\" class=\"wp-image-5498\" srcset=\"https:\/\/www.blakors.no\/content\/uploads\/sites\/11\/2022\/05\/1-15-1024x768.jpg 1024w, https:\/\/www.blakors.no\/content\/uploads\/sites\/11\/2022\/05\/1-15-300x225.jpg 300w, https:\/\/www.blakors.no\/content\/uploads\/sites\/11\/2022\/05\/1-15-768x576.jpg 768w, https:\/\/www.blakors.no\/content\/uploads\/sites\/11\/2022\/05\/1-15-1536x1152.jpg 1536w, https:\/\/www.blakors.no\/content\/uploads\/sites\/11\/2022\/05\/1-15-scaled.jpg 2048w\" sizes=\"auto, (max-width: 1024px) 100vw, 1024px\" \/><figcaption>Ingen auksjon p\u00e5 Bl\u00e5marked uten auksjonarius Runo Kv\u00e5s<\/figcaption><\/figure>\n\n\n\n<figure class=\"wp-block-image size-large\"><img loading=\"lazy\" decoding=\"async\" width=\"1024\" height=\"768\" src=\"https:\/\/www.blakors.no\/content\/uploads\/sites\/11\/2022\/05\/1-6-2-1024x768.jpg\" alt=\"Stor p\u00e5gang i salgsbodene p\u00e5 Bl\u00e5marked 14. mai i Bl\u00e5 Kors\" class=\"wp-image-5502\" srcset=\"https:\/\/www.blakors.no\/content\/uploads\/sites\/11\/2022\/05\/1-6-2-1024x768.jpg 1024w, https:\/\/www.blakors.no\/content\/uploads\/sites\/11\/2022\/05\/1-6-2-300x225.jpg 300w, https:\/\/www.blakors.no\/content\/uploads\/sites\/11\/2022\/05\/1-6-2-768x576.jpg 768w, https:\/\/www.blakors.no\/content\/uploads\/sites\/11\/2022\/05\/1-6-2-1536x1152.jpg 1536w, https:\/\/www.blakors.no\/content\/uploads\/sites\/11\/2022\/05\/1-6-2-scaled.jpg 2048w\" sizes=\"auto, (max-width: 1024px) 100vw, 1024px\" \/><figcaption>Stor p\u00e5gang i salgsbodene p\u00e5 Bl\u00e5marked 14. mai i Bl\u00e5 Kors<\/figcaption><\/figure>\n\n\n\n<figure class=\"wp-block-image size-large\"><img loading=\"lazy\" decoding=\"async\" width=\"1024\" height=\"768\" src=\"https:\/\/www.blakors.no\/content\/uploads\/sites\/11\/2022\/05\/1-13-2-1024x768.jpg\" alt=\"Tom Jochumsen med litografi av Per Ove S\u00f8dal p\u00e5 auksjonen\" class=\"wp-image-5499\" srcset=\"https:\/\/www.blakors.no\/content\/uploads\/sites\/11\/2022\/05\/1-13-2-1024x768.jpg 1024w, https:\/\/www.blakors.no\/content\/uploads\/sites\/11\/2022\/05\/1-13-2-300x225.jpg 300w, https:\/\/www.blakors.no\/content\/uploads\/sites\/11\/2022\/05\/1-13-2-768x576.jpg 768w, https:\/\/www.blakors.no\/content\/uploads\/sites\/11\/2022\/05\/1-13-2-1536x1152.jpg 1536w, https:\/\/www.blakors.no\/content\/uploads\/sites\/11\/2022\/05\/1-13-2-scaled.jpg 2048w\" sizes=\"auto, (max-width: 1024px) 100vw, 1024px\" \/><figcaption>Tom Jochumsen med litografi av Per Ove S\u00f8dal p\u00e5 auksjonen<\/figcaption><\/figure>\n<div class=\"article-meta--info\">\n<div class=\"dekode-module-was-this-helpful\">\n\t<div class=\"\">\n\t\t<h2>Var dette nyttig?<\/h2>\n\t\t<form id=\"dekode-wth-form\">\n\t\t\t<button id=\"dekode-wth-yes\" class=\"button\" name=\"dekode-wth-feedback\" type=\"submit\"\n\t\t\t\t\tvalue=\"1\">Ja<\/button>\n\t\t\t<button id=\"dekode-wth-no\" class=\"button\" name=\"dekode-wth-feedback\" type=\"submit\"\n\t\t\t\t\tvalue=\"0\">Nei<\/button>\n\t\t\t<input type=\"hidden\" name=\"post_id\" value=\"5493\"\/>\n\t\t<\/form>\n\t<\/div>\n<\/div>\n\n<div class=\"relations\">\n\t<div class=\"latest-updated\">\n\t\t<span class=\"label\">Senest oppdatert: <\/span>\n\t\t<span class=\"content\">16.05.2022<\/span>\n\t<\/div>\n\t<\/div>\n<\/div>","protected":false},"excerpt":{"rendered":"<p>&#8211; Endelig, dette har vi ventet lenge p\u00e5, smiler daglig leder Arvid Solheim, n\u00e5r han st\u00e5r og ser ut over de mange som tok turen da Bl\u00e5 Kors Kristiansand l\u00f8rdag inviterte til Bl\u00e5Marked. For l\u00f8rdagens arrangement ble et marked av godt gammelt merke, med mye aktivitet, sv\u00e6rt mange bes\u00f8kende, liv og r\u00f8re. Av Ivar Eidsaa [&hellip;]<\/p>\n","protected":false},"author":25,"featured_media":5496,"comment_status":"closed","ping_status":"closed","sticky":false,"template":"","format":"standard","meta":{"_acf_changed":false,"_relevanssi_hide_post":"","_relevanssi_hide_content":"","_relevanssi_pin_for_all":"on","_relevanssi_pin_keywords":"","_relevanssi_unpin_keywords":"","_relevanssi_related_keywords":"","_relevanssi_related_include_ids":"","_relevanssi_related_exclude_ids":"","_relevanssi_related_no_append":"","_relevanssi_related_not_related":"","_relevanssi_related_posts":"8256,5481,8770,8752,8920,4130","_relevanssi_noindex_reason":"","_custom_cards_description":"","footnotes":""},"categories":[5],"tags":[],"internal_tags":[],"class_list":["post-5493","post","type-post","status-publish","format-standard","has-post-thumbnail","hentry","category-bla-kors-kristiansand"],"acf":[],"_links":{"self":[{"href":"https:\/\/www.blakors.no\/kristiansand\/wp-json\/wp\/v2\/posts\/5493","targetHints":{"allow":["GET"]}}],"collection":[{"href":"https:\/\/www.blakors.no\/kristiansand\/wp-json\/wp\/v2\/posts"}],"about":[{"href":"https:\/\/www.blakors.no\/kristiansand\/wp-json\/wp\/v2\/types\/post"}],"author":[{"embeddable":true,"href":"https:\/\/www.blakors.no\/kristiansand\/wp-json\/wp\/v2\/users\/25"}],"replies":[{"embeddable":true,"href":"https:\/\/www.blakors.no\/kristiansand\/wp-json\/wp\/v2\/comments?post=5493"}],"version-history":[{"count":4,"href":"https:\/\/www.blakors.no\/kristiansand\/wp-json\/wp\/v2\/posts\/5493\/revisions"}],"predecessor-version":[{"id":5507,"href":"https:\/\/www.blakors.no\/kristiansand\/wp-json\/wp\/v2\/posts\/5493\/revisions\/5507"}],"wp:featuredmedia":[{"embeddable":true,"href":"https:\/\/www.blakors.no\/kristiansand\/wp-json\/wp\/v2\/media\/5496"}],"wp:attachment":[{"href":"https:\/\/www.blakors.no\/kristiansand\/wp-json\/wp\/v2\/media?parent=5493"}],"wp:term":[{"taxonomy":"category","embeddable":true,"href":"https:\/\/www.blakors.no\/kristiansand\/wp-json\/wp\/v2\/categories?post=5493"},{"taxonomy":"post_tag","embeddable":true,"href":"https:\/\/www.blakors.no\/kristiansand\/wp-json\/wp\/v2\/tags?post=5493"},{"taxonomy":"internal_tags","embeddable":true,"href":"https:\/\/www.blakors.no\/kristiansand\/wp-json\/wp\/v2\/internal_tags?post=5493"}],"curies":[{"name":"wp","href":"https:\/\/api.w.org\/{rel}","templated":true}]}}