{"id":5591,"date":"2022-08-08T10:34:00","date_gmt":"2022-08-08T08:34:00","guid":{"rendered":"https:\/\/www.blakors.no\/kristiansand\/?p=5591"},"modified":"2022-08-12T16:32:00","modified_gmt":"2022-08-12T14:32:00","slug":"i-ar-dobler-vi-vedsalget","status":"publish","type":"post","link":"https:\/\/www.blakors.no\/kristiansand\/2022\/08\/08\/i-ar-dobler-vi-vedsalget\/","title":{"rendered":"&#8211; I \u00e5r dobler vi vedsalget"},"content":{"rendered":"\n<p><strong>&#8211; P\u00e5gangen i vinter var stor, og vi solgte opp mot 800 kubikk med ved. Det forteller &laquo;vedgeneralen&raquo; i Bl\u00e5 Kors Kristiansand, Arve Hjalmar Bjerke, som regner med \u00e5 mer enn doble vedsalget denne sesongen.<\/strong><\/p>\n\n\n\n<p>Av Ivar Eidsaa<\/p>\n\n\n\n<p>Det var i forkant av vintersesongen 2021\/22 at Bl\u00e5 Kors Kristiansand startet opp med salg av ved. If\u00f8lge Bjerke ble det en eventyrlig sesong.<\/p>\n\n\n\n<p>&#8211; Alt var nytt for oss. Vi inngikk en avtale med Trekraft p\u00e5 Bjelland som leverer ved. Vi fikk p\u00e5 plass den n\u00f8dvendige infrastrukturen og satte i gang, minnes han. P\u00e5 dypt vann l\u00e6rer man \u00e5 sv\u00f8mme, og vi er blitt ganske flinke etter hvert.<\/p>\n\n\n\n<blockquote class=\"wp-block-quote is-style-default is-layout-flow wp-block-quote-is-layout-flow\"><p>Bestillingene tikker etter hvert inn i stort tempo, og det er en velsignelse \u00e5 kunne selge ved som varmer b\u00e5de \u00e9n, to og tre ganger.<\/p><\/blockquote>\n\n\n\n<h2 class=\"wp-block-heading\" id=\"h-12-500-sekker-med-ved\">12.500 sekker med ved<\/h2>\n\n\n\n<figure class=\"wp-block-image size-large\"><img loading=\"lazy\" decoding=\"async\" width=\"1024\" height=\"683\" src=\"https:\/\/www.blakors.no\/content\/uploads\/sites\/11\/2022\/08\/IMG_1857-1024x683.jpg\" alt=\"Trucken blir flittig brukt for \u00e5 flytte og losse veden til kunder.\" class=\"wp-image-5594\" srcset=\"https:\/\/www.blakors.no\/content\/uploads\/sites\/11\/2022\/08\/IMG_1857-1024x683.jpg 1024w, https:\/\/www.blakors.no\/content\/uploads\/sites\/11\/2022\/08\/IMG_1857-300x200.jpg 300w, https:\/\/www.blakors.no\/content\/uploads\/sites\/11\/2022\/08\/IMG_1857-768x512.jpg 768w, https:\/\/www.blakors.no\/content\/uploads\/sites\/11\/2022\/08\/IMG_1857-1536x1024.jpg 1536w, https:\/\/www.blakors.no\/content\/uploads\/sites\/11\/2022\/08\/IMG_1857-scaled.jpg 2048w\" sizes=\"auto, (max-width: 1024px) 100vw, 1024px\" \/><figcaption>Trucken blir flittig brukt for \u00e5 flytte og losse veden til kunder.<\/figcaption><\/figure>\n\n\n\n<p>En god gjeng hos Bl\u00e5 Kors Kristiansand pakket over 12.500 sekker med ved i forkant av sesongen. I september var salget i gang, og salget var godt allerede fra starten av. Flere ringte for \u00e5 h\u00f8re om hva Bl\u00e5 Kors n\u00e5 har startet med, mange bestilte p\u00e5 nettbutikk, og enda flere tok turen innom vedlageret i \u00c6girsvei for \u00e5 hente ved. Noen kj\u00f8pte en h\u00e5ndfull sekker, andre kom med stor tilhenger og lastet opp.<\/p>\n\n\n\n<p>Omtrent halvparten som bestiller ved \u00f8nsker \u00e5 f\u00e5 veden levert p\u00e5 d\u00f8ren. Det er frivillige, deltakere og ansatte i Bl\u00e5 Kors Kristiansand som st\u00e5r for utkj\u00f8ring og levering.<\/p>\n\n\n\n<p>&#8211; Bilene gikk i skytteltrafikk, sier Bjerke.<\/p>\n\n\n\n<h2 id=\"selger-1-600-kubikk-til-arets-sesong\"  class=\"wp-block-heading\" >Selger 1.600 kubikk til \u00e5rets sesong<\/h2>\n\n\n\n<p>Vedsalget gikk sv\u00e6rt godt, og mye bedre enn det Bjerke s\u00e5 for seg i utgangspunktet.<\/p>\n\n\n\n<blockquote class=\"wp-block-quote is-style-default is-layout-flow wp-block-quote-is-layout-flow\"><p>&#8211; I fjor solgte vi 2.500 30-liters sekker, cirka 100 sekker med 1.500 liter og 12.500 sekker med 40 liter. Da sesongen var over, hadde vi minimalt med ved tilbake, forklarer Bjerke.<\/p><\/blockquote>\n\n\n\n<p>P\u00e5gangen fra vedhungrige kunder forrige sesong, har medf\u00f8rt at Bl\u00e5 Kors Kristiansand har gearet godt opp for \u00e5 st\u00e5 best mulig rustet til \u00e5 m\u00f8te ettersp\u00f8rselen som kommer i h\u00f8st, vinter, og de neste sesongene.<\/p>\n\n\n\n<p>&#8211; Trekraft vil levere 1.500-1.600 kubikk til oss gjennom sesongen 22\/23. N\u00e5 f\u00e5r vil levert hver fredag to store krokkasser med ved p\u00e5 40 m3 hver. Hver mandag g\u00e5r tre gutter fra v\u00e5rt CVidere-prosjekt i gang med \u00e5 pakke veden, og p\u00e5 torsdagen er alt ferdigpakket i 40 eller 1.000-liters sekker, informerer han.<\/p>\n\n\n\n<h2 id=\"investeringer\"  class=\"wp-block-heading\" >Investeringer<\/h2>\n\n\n\n<p>Det er blitt investert i en ny topp moderne pakkemaskin, en pallevikler for \u00e5 stabilisere ved p\u00e5 paller for transport og lagring av i h\u00f8yden, en hydraulisk skuffe for truck \u2013 samt betongelementer for \u00e5 ta imot vekt ved tipping av st\u00f8rre kvanta av ved pr. lossing. 22 tonn l\u00f8s vekt i bevegelse er det greit \u00e5 ha kontrollen over. Bl\u00e5 Kors Kristiansand har allerede i andre drifts\u00e5r klargjort og rigget produksjonen for en ytterligere \u00f8kning.<\/p>\n\n\n\n<figure class=\"wp-block-image size-large\"><img loading=\"lazy\" decoding=\"async\" width=\"1024\" height=\"683\" src=\"https:\/\/www.blakors.no\/content\/uploads\/sites\/11\/2022\/08\/IMG_1869-1024x683.jpg\" alt=\"Veden kan l\u00f8ftes rett p\u00e5 tilhenger.\" class=\"wp-image-5593\" srcset=\"https:\/\/www.blakors.no\/content\/uploads\/sites\/11\/2022\/08\/IMG_1869-1024x683.jpg 1024w, https:\/\/www.blakors.no\/content\/uploads\/sites\/11\/2022\/08\/IMG_1869-300x200.jpg 300w, https:\/\/www.blakors.no\/content\/uploads\/sites\/11\/2022\/08\/IMG_1869-768x512.jpg 768w, https:\/\/www.blakors.no\/content\/uploads\/sites\/11\/2022\/08\/IMG_1869-1536x1024.jpg 1536w, https:\/\/www.blakors.no\/content\/uploads\/sites\/11\/2022\/08\/IMG_1869-scaled.jpg 2048w\" sizes=\"auto, (max-width: 1024px) 100vw, 1024px\" \/><figcaption>Veden kan l\u00f8ftes rett p\u00e5 tilhenger.<\/figcaption><\/figure>\n\n\n\n<p>Veden som Bl\u00e5 Kors Kristiansand selger, er sv\u00e6rt kortreist, i seg selv et konkurransefortrinn. I Norge selges over seks millioner 40-liters sekker i l\u00f8pet av fyringssesongen, tilsvarende 3.000 trailerlass, hvor det meste er importert fra Baltikum og Russland.<\/p>\n\n\n\n<p>&#8211; Veden vi selger kommer utelukkende fra skogeiere og leverand\u00f8rer fra Agder og Telemark. Kl\u00f8yving gj\u00f8res av Trekraft, og kundene f\u00e5r dermed kortreist ved produsert og transport p\u00e5 en milj\u00f8vennlig god m\u00e5te, i tillegg til at inntektene gj\u00f8r at vi kan fortsette v\u00e5rt arbeide.<\/p>\n\n\n\n<h2 id=\"gir-arbeid-til-mange\"  class=\"wp-block-heading\" >Gir arbeid til mange<\/h2>\n\n\n\n<p>Vedsalget har en mangesidig betydning for Bl\u00e5 Kors Kristiansand. Overskuddet g\u00e5r tilbake til det arbeidet som organisasjonen driver i Kristiansand, v\u00e6re seg rusomsorgen, eller arbeidet som gj\u00f8res for \u00e5 hjelpe familier som lever i en s\u00e5rbar og utfordrende livssituasjon.<\/p>\n\n\n\n<p>Vedsalget gir ogs\u00e5 arbeid til mange. Flere av dem som er med, kommer fra CVidere-tilbudet som Bl\u00e5 Kors Kristiansand startet opp i fjor, hvor man gir arbeid til flere ungdommer. Det sier sitt om behovet at bare under Palmesus-festivalen, var det rundt en 130 ungdommer fra CVidere som hadde jobb med rigging i forkant og nedrigging i etterkant av festivalen.<\/p>\n\n\n\n<div class=\"wp-block-lib-accentuated-link\"><a class=\"lib-link__link\" href=\"https:\/\/www.blakors.no\/kristiansand\/2021\/08\/16\/har-pakket-over-12-000-sekker-med-ved\/\" rel=\"\"><div class=\"lib-link__text-content\"><h6 id=\"relatert-artikkel-fra-2021\"  class=\"lib-link__tagline\" >Relatert artikkel fra 2021:<\/h6><h3 id=\"har-pakket-over-12-000-sekker-med-ved\"  class=\"lib-link__title\" >Har pakket over 12.000 sekker med ved<\/h3><\/div><\/a><\/div>\n\n\n\n<p>Arve Hjalmar Bjerke anser mulighetene for \u00e5 kunne vokse ytterligere, som sv\u00e6rt gode.<\/p>\n\n\n\n<p>&#8211; Vi f\u00e5r all ved levert ferdig kl\u00f8yet og t\u00f8rket fra v\u00e5r viktigste samarbeidspartner. Vi har et tett samarbeid med Trekraft og felles langsiktige planer, og Trekraft har definitivt et hjerte for arbeidet som gj\u00f8res i Bl\u00e5 Kors Kristiansand. Trekraft bygger for tiden et helt nytt og moderne anlegg for produksjon av ved, og all veden som kommer til oss, er t\u00f8rket med varme fra et datasentre. Ogs\u00e5 i dag. Det betyr at veden t\u00f8rkes p\u00e5 noen f\u00e5 dager, for \u00e5 tilfredsstille norsk standard for fuktighet i veden.<\/p>\n\n\n\n<p>Det betyr i teorien at fra et tre hugges til veden kan brukes i ovnen, g\u00e5r det en uke eller to. Men dette er kun teori, smiler Arve.<\/p>\n\n\n\n<p>&#8211; Et element i det hele er utviklingen i str\u00f8mprisene. Og enhver av oss kjenner nok p\u00e5 kroppen hva det betyr. Det er en enorm belastning for den enkelte husholdning, og dette driver ettersp\u00f8rselen etter alternative varmekilder i v\u00e6ret. Da er det selvf\u00f8lgelig naturlig \u00e5 tenke p\u00e5 ved som alternativ. Vi kommer til \u00e5 m\u00e5tte regulere v\u00e5re priser i tr\u00e5d med kostnader for innkj\u00f8p, transport, mv., men vi skal gj\u00f8re v\u00e5rt ytterste for at ingen skal m\u00e5tte fryse i vinter, sier Bjerke.<\/p>\n\n\n\n<div class=\"wp-block-lib-header alignfull hide\"><div class=\"image-wrapper\"><img decoding=\"async\" src=\"https:\/\/www.blakors.no\/content\/uploads\/sites\/11\/2022\/08\/IMG_1883-scaled.jpg\"\/><\/div><div class=\"header-innercontent\"><\/div><\/div>\n<div class=\"article-meta--info\">\n<div class=\"dekode-module-was-this-helpful\">\n\t<div class=\"\">\n\t\t<h2>Var dette nyttig?<\/h2>\n\t\t<form id=\"dekode-wth-form\">\n\t\t\t<button id=\"dekode-wth-yes\" class=\"button\" name=\"dekode-wth-feedback\" type=\"submit\"\n\t\t\t\t\tvalue=\"1\">Ja<\/button>\n\t\t\t<button id=\"dekode-wth-no\" class=\"button\" name=\"dekode-wth-feedback\" type=\"submit\"\n\t\t\t\t\tvalue=\"0\">Nei<\/button>\n\t\t\t<input type=\"hidden\" name=\"post_id\" value=\"5591\"\/>\n\t\t<\/form>\n\t<\/div>\n<\/div>\n\n<div class=\"relations\">\n\t<div class=\"latest-updated\">\n\t\t<span class=\"label\">Senest oppdatert: <\/span>\n\t\t<span class=\"content\">12.08.2022<\/span>\n\t<\/div>\n\t<\/div>\n<\/div>","protected":false},"excerpt":{"rendered":"<p>&#8211; P\u00e5gangen i vinter var stor, og vi solgte opp mot 800 kubikk med ved. Det forteller &laquo;vedgeneralen&raquo; i Bl\u00e5 Kors Kristiansand, Arve Hjalmar Bjerke, som regner med \u00e5 mer enn doble vedsalget denne sesongen. Av Ivar Eidsaa Det var i forkant av vintersesongen 2021\/22 at Bl\u00e5 Kors Kristiansand startet opp med salg av ved. [&hellip;]<\/p>\n","protected":false},"author":25,"featured_media":5592,"comment_status":"closed","ping_status":"closed","sticky":false,"template":"","format":"standard","meta":{"_acf_changed":false,"_relevanssi_hide_post":"","_relevanssi_hide_content":"","_relevanssi_pin_for_all":"on","_relevanssi_pin_keywords":"","_relevanssi_unpin_keywords":"","_relevanssi_related_keywords":"","_relevanssi_related_include_ids":"","_relevanssi_related_exclude_ids":"","_relevanssi_related_no_append":"","_relevanssi_related_not_related":"","_relevanssi_related_posts":"7609,4157,4416,6668,1505,1624","_relevanssi_noindex_reason":"","_custom_cards_description":"","footnotes":""},"categories":[5],"tags":[],"internal_tags":[],"class_list":["post-5591","post","type-post","status-publish","format-standard","has-post-thumbnail","hentry","category-bla-kors-kristiansand"],"acf":[],"_links":{"self":[{"href":"https:\/\/www.blakors.no\/kristiansand\/wp-json\/wp\/v2\/posts\/5591","targetHints":{"allow":["GET"]}}],"collection":[{"href":"https:\/\/www.blakors.no\/kristiansand\/wp-json\/wp\/v2\/posts"}],"about":[{"href":"https:\/\/www.blakors.no\/kristiansand\/wp-json\/wp\/v2\/types\/post"}],"author":[{"embeddable":true,"href":"https:\/\/www.blakors.no\/kristiansand\/wp-json\/wp\/v2\/users\/25"}],"replies":[{"embeddable":true,"href":"https:\/\/www.blakors.no\/kristiansand\/wp-json\/wp\/v2\/comments?post=5591"}],"version-history":[{"count":3,"href":"https:\/\/www.blakors.no\/kristiansand\/wp-json\/wp\/v2\/posts\/5591\/revisions"}],"predecessor-version":[{"id":5667,"href":"https:\/\/www.blakors.no\/kristiansand\/wp-json\/wp\/v2\/posts\/5591\/revisions\/5667"}],"wp:featuredmedia":[{"embeddable":true,"href":"https:\/\/www.blakors.no\/kristiansand\/wp-json\/wp\/v2\/media\/5592"}],"wp:attachment":[{"href":"https:\/\/www.blakors.no\/kristiansand\/wp-json\/wp\/v2\/media?parent=5591"}],"wp:term":[{"taxonomy":"category","embeddable":true,"href":"https:\/\/www.blakors.no\/kristiansand\/wp-json\/wp\/v2\/categories?post=5591"},{"taxonomy":"post_tag","embeddable":true,"href":"https:\/\/www.blakors.no\/kristiansand\/wp-json\/wp\/v2\/tags?post=5591"},{"taxonomy":"internal_tags","embeddable":true,"href":"https:\/\/www.blakors.no\/kristiansand\/wp-json\/wp\/v2\/internal_tags?post=5591"}],"curies":[{"name":"wp","href":"https:\/\/api.w.org\/{rel}","templated":true}]}}