{"id":571,"date":"2014-08-11T00:00:00","date_gmt":"2014-08-10T22:00:00","guid":{"rendered":"https:\/\/www.blakors.no\/kristiansand\/2014\/08\/11\/storkonsert-i-kilden-overskuddet-til-bla-kors\/"},"modified":"2014-08-11T00:00:00","modified_gmt":"2014-08-10T22:00:00","slug":"storkonsert-i-kilden-overskuddet-til-bla-kors","status":"publish","type":"post","link":"https:\/\/www.blakors.no\/kristiansand\/2014\/08\/11\/storkonsert-i-kilden-overskuddet-til-bla-kors\/","title":{"rendered":"Storkonsert i Kilden \u2013 overskuddet til Bl\u00e5 Kors"},"content":{"rendered":"<div class=\"teaser\" style=\"color: #000000;\">\n<p>&#8211; Jo flere som kommer p\u00e5 konserten, jo st\u00f8rre kan overskuddet bli. Det sier Arvid Solheim, daglig leder ved Bl\u00e5 Kors Kristiansand om storkonserten som finner sted i Kilden fredag 5. september.<\/p>\n<\/div>\n<p><!--more--><\/p>\n<p style=\"color: #000000;\">Av Ivar Eidsaa<\/p>\n<p style=\"color: #000000;\">&#8211; Vi er dypt takknemlige for at vi er blitt valgt ut til \u00e5 motta overskuddet fra denne konserten. Man skal vite at pengene kommer godt med og vil bli brukt i det viktige arbeidet med \u00e5 hjelpe de som sliter, sier Solheim.<\/p>\n<p style=\"color: #000000;\">Det er blitt tradisjon at Jan Johansen Big Band hver eneste h\u00f8st inviterer til konsert i Kilden. Allerede fra den f\u00f8rste konserten for noen \u00e5r siden ble det bestemt at overskuddet fra konserten skulle g\u00e5 til et veldedig form\u00e5l. Det er mulig \u00e5 s\u00f8ke om \u00e5 komme i betraktning, og i \u00e5r ble Bl\u00e5 Kors valgt.<\/p>\n<p style=\"color: #000000;\"><strong>Jens Olai Justvik<\/strong><\/p>\n<p style=\"color: #000000;\">Dette er en veldedighetskonsert med Big Band. Bandet ledes med dyktig h\u00e5nd av byens egen trompetist i Divisjonsmusikken gjennom 40 \u00e5r, Jan Johansen. Bandet har denne gangen med seg Elaine Lesley, som med sitt talent og fantastiske stemme har begeistret publikum world wide. Hun er fra England, gift med en nordmann og bor i Lillesand. Jens Olai Justvik har langt fartstid fra Den Norske Opera med utallige soloopptredener, lokalt s\u00e5 vel som nasjonalt, og har gledet mange med sin sang, gode hum\u00f8r og tilstedev\u00e6relse.<\/p>\n<p style=\"color: #000000;\"><img loading=\"lazy\" decoding=\"async\" class=\"aligncenter size-full wp-image-333\" src=\"http:\/\/cpanel42.proisp.no\/~blakolnx\/wp-content\/uploads\/2014\/08\/SensommerSwing.jpeg\" alt=\"SensommerSwing\" width=\"586\" height=\"850\" \/><\/p>\n<div class=\"article-meta--info\">\n<div class=\"dekode-module-was-this-helpful\">\n\t<div class=\"\">\n\t\t<h2>Var dette nyttig?<\/h2>\n\t\t<form id=\"dekode-wth-form\">\n\t\t\t<button id=\"dekode-wth-yes\" class=\"button\" name=\"dekode-wth-feedback\" type=\"submit\"\n\t\t\t\t\tvalue=\"1\">Ja<\/button>\n\t\t\t<button id=\"dekode-wth-no\" class=\"button\" name=\"dekode-wth-feedback\" type=\"submit\"\n\t\t\t\t\tvalue=\"0\">Nei<\/button>\n\t\t\t<input type=\"hidden\" name=\"post_id\" value=\"571\"\/>\n\t\t<\/form>\n\t<\/div>\n<\/div>\n\n<div class=\"relations\">\n\t<div class=\"latest-updated\">\n\t\t<span class=\"label\">Senest oppdatert: <\/span>\n\t\t<span class=\"content\">11.08.2014<\/span>\n\t<\/div>\n\t<\/div>\n<\/div>","protected":false},"excerpt":{"rendered":"<p>&#8211; Jo flere som kommer p\u00e5 konserten, jo st\u00f8rre kan overskuddet bli. Det sier Arvid Solheim, daglig leder ved Bl\u00e5 Kors Kristiansand om storkonserten som finner sted i Kilden fredag 5. september. Var dette nyttig? Ja Nei Senest oppdatert: 11.08.2014<\/p>\n","protected":false},"author":1,"featured_media":572,"comment_status":"open","ping_status":"open","sticky":false,"template":"","format":"standard","meta":{"_acf_changed":false,"_relevanssi_hide_post":"","_relevanssi_hide_content":"","_relevanssi_pin_for_all":"","_relevanssi_pin_keywords":"","_relevanssi_unpin_keywords":"","_relevanssi_related_keywords":"","_relevanssi_related_include_ids":"","_relevanssi_related_exclude_ids":"","_relevanssi_related_no_append":"","_relevanssi_related_not_related":"","_relevanssi_related_posts":"6031,6021,8393,6920,4435,9040","_relevanssi_noindex_reason":"","_custom_cards_description":"","footnotes":""},"categories":[5,7],"tags":[],"internal_tags":[],"class_list":["post-571","post","type-post","status-publish","format-standard","has-post-thumbnail","hentry","category-bla-kors-kristiansand","category-konserter"],"acf":[],"_links":{"self":[{"href":"https:\/\/www.blakors.no\/kristiansand\/wp-json\/wp\/v2\/posts\/571","targetHints":{"allow":["GET"]}}],"collection":[{"href":"https:\/\/www.blakors.no\/kristiansand\/wp-json\/wp\/v2\/posts"}],"about":[{"href":"https:\/\/www.blakors.no\/kristiansand\/wp-json\/wp\/v2\/types\/post"}],"author":[{"embeddable":true,"href":"https:\/\/www.blakors.no\/kristiansand\/wp-json\/wp\/v2\/users\/1"}],"replies":[{"embeddable":true,"href":"https:\/\/www.blakors.no\/kristiansand\/wp-json\/wp\/v2\/comments?post=571"}],"version-history":[{"count":0,"href":"https:\/\/www.blakors.no\/kristiansand\/wp-json\/wp\/v2\/posts\/571\/revisions"}],"wp:featuredmedia":[{"embeddable":true,"href":"https:\/\/www.blakors.no\/kristiansand\/wp-json\/wp\/v2\/media\/572"}],"wp:attachment":[{"href":"https:\/\/www.blakors.no\/kristiansand\/wp-json\/wp\/v2\/media?parent=571"}],"wp:term":[{"taxonomy":"category","embeddable":true,"href":"https:\/\/www.blakors.no\/kristiansand\/wp-json\/wp\/v2\/categories?post=571"},{"taxonomy":"post_tag","embeddable":true,"href":"https:\/\/www.blakors.no\/kristiansand\/wp-json\/wp\/v2\/tags?post=571"},{"taxonomy":"internal_tags","embeddable":true,"href":"https:\/\/www.blakors.no\/kristiansand\/wp-json\/wp\/v2\/internal_tags?post=571"}],"curies":[{"name":"wp","href":"https:\/\/api.w.org\/{rel}","templated":true}]}}