{"id":6026,"date":"2022-09-09T12:19:21","date_gmt":"2022-09-09T10:19:21","guid":{"rendered":"https:\/\/www.blakors.no\/kristiansand\/?p=6026"},"modified":"2022-09-09T13:38:09","modified_gmt":"2022-09-09T11:38:09","slug":"en-fotoutstilling-av-det-helt-spesielle-slaget","status":"publish","type":"post","link":"https:\/\/www.blakors.no\/kristiansand\/2022\/09\/09\/en-fotoutstilling-av-det-helt-spesielle-slaget\/","title":{"rendered":"En fotoutstilling av det helt spesielle slaget"},"content":{"rendered":"\n<p><strong>&#8211; Dette blir artig, sier Ole Gunnar Skare med et bredt smil. Sammen med andre deltakere i Bl\u00e5 Kors gaten\u00e6rt, inviteres det til en fotoutstilling av det helt spesielle slaget i Domkirken l\u00f8rdag 10. september kl. 12.00-15.00.<\/strong><\/p>\n\n\n\n<p>Av Ivar Eidsaa<\/p>\n\n\n\n<p>&#8211; I dag kommer bildene ferdig montert p\u00e5 plater, og n\u00e5 skal vi ut og henge opp plakater for \u00e5 fortelle at n\u00e5 blir det utstilling, sier Ole Gunnar Skare.<\/p>\n\n\n\n<p>Det er seks av deltakerne i Bl\u00e5 Kors gaten\u00e6rt som n\u00e5 skal stille ut sine bilder, og den anerkjente fotografen Yaman Konuralp har veiledet arbeidet i fotogruppen.<\/p>\n\n\n\n<p>&#8211; Det har v\u00e6rt moro \u00e5 f\u00f8lge den enkelte. De har hatt en fin utvikling, sier Konuralp. Han er f\u00f8dt og oppvokst i Kristiansand og studerte i sin tid arkitektur i London, hvor fotografering og fremkalling var en del av studiet. Lidenskapen for h\u00e5ndverket har han holdt varm siden \u00e5rene som ung arkitektstudent i London p\u00e5 80-tallet, og han flyttet senere til K\u00f8benhavn hvor han jobbet mye med streetfotografering.<\/p>\n\n\n\n<figure class=\"wp-block-image size-large\"><img loading=\"lazy\" decoding=\"async\" width=\"1024\" height=\"768\" src=\"https:\/\/www.blakors.no\/content\/uploads\/sites\/11\/2022\/09\/20220906_133830-1024x768.jpg\" alt=\"Yaman Konuralp og Ole Gunnar Stave\" class=\"wp-image-6029\" srcset=\"https:\/\/www.blakors.no\/content\/uploads\/sites\/11\/2022\/09\/20220906_133830-1024x768.jpg 1024w, https:\/\/www.blakors.no\/content\/uploads\/sites\/11\/2022\/09\/20220906_133830-300x225.jpg 300w, https:\/\/www.blakors.no\/content\/uploads\/sites\/11\/2022\/09\/20220906_133830-768x576.jpg 768w, https:\/\/www.blakors.no\/content\/uploads\/sites\/11\/2022\/09\/20220906_133830-1536x1152.jpg 1536w, https:\/\/www.blakors.no\/content\/uploads\/sites\/11\/2022\/09\/20220906_133830-scaled.jpg 2048w\" sizes=\"auto, (max-width: 1024px) 100vw, 1024px\" \/><figcaption>Yaman Konuralp ber\u00f8mmer Ole Gunnar Stave og de andre deltakerne for \u00e5 ha tatt flotte bilder av h\u00f8y kvalitet.<\/figcaption><\/figure>\n\n\n\n<h2 class=\"wp-block-heading\" id=\"h-gir-deltakerne-verdighet\">Gir deltakerne verdighet<\/h2>\n\n\n\n<p>Det var tilfeldig han ble kjent med Bl\u00e5 Kors. P\u00e5 en fototur i Kvadraturen traff han Camilla Rasch som nettopp hadde startet som virksomhetsleder for Bl\u00e5 Kors gaten\u00e6rt. Kjemien stemte, og Konuralp fikk blant annet fotografere mange av deltakerne.<\/p>\n\n\n\n<p>&#8211; Han tok flotte portretter av den enkelte, og fikk p\u00e5 en flott m\u00e5te frem mennesket bak rusavhengigheten. <\/p>\n\n\n\n<blockquote class=\"wp-block-quote is-style-default is-layout-flow wp-block-quote-is-layout-flow\"><p>De opplevde at bildene gav dem verdighet, hvor de s\u00e5 p\u00e5 seg selv som mer enn en rusavhengig.<\/p><cite>Camilla Rasch, virksomhetsleder i Bl\u00e5 Kors gaten\u00e6rt, Kristiansand<\/cite><\/blockquote>\n\n\n\n<p>&#8211; Det \u00e5 se stoltheten deres, gleden, hvor de kunne fortelle at de aldri hadde sett p\u00e5 seg selv p\u00e5 den m\u00e5ten som bildene fremstilte. Det gjorde noe med selvf\u00f8lelsen og identiteten, legger Rasch til.<\/p>\n\n\n\n<h2 id=\"dette-blir-bra\"  class=\"wp-block-heading\" >Dette blir bra!<\/h2>\n\n\n\n<p>Flere av dem hadde lyst til \u00e5 l\u00e6re mer om fotografering. Fotogruppen s\u00e5 dagens lys, og over en ett \u00e5r har Konuralp og gruppens deltakere gjennomf\u00f8rt fototurer i Kristiansand. Det er disse bildene som danner utgangspunktet for utstillingen p\u00e5 l\u00f8rdag.<\/p>\n\n\n\n<p>&#8211; Deltakerne har f\u00e5tt \u00f8kt kunnskap og kompetanse p\u00e5 foto, og for mange av dem har det handlet om \u00e5 f\u00e5 gj\u00f8re noe meningsfylt. Det er viktig \u00e5 kunne bli sett, og v\u00e6re en del av et milj\u00f8 og bli assosiert med noe annet enn rus. Det har v\u00e6rt viktig i Bl\u00e5 Kors gaten\u00e6rt generelt og i fotogruppen spesielt, hvor hver enkelt kan oppleve \u00e5 v\u00e6re en del av et trygt fellesskap med hverandre, hvor de kan kjenne p\u00e5 mestring og mening, sier Rasch.<\/p>\n\n\n\n<p>Etter hvert vokste tanken om \u00e5 kunne ha en egen utstilling, noe som har v\u00e6rt en dr\u00f8m for mange av deltakerne og som n\u00e5 blir realisert.<\/p>\n\n\n\n<p>&#8211; Jeg tror dette kan bli bra, sier Ole Gunnar Skare, som varmt \u00f8nsker publikum velkommen til fotoutstillingen l\u00f8rdag.<\/p>\n\n\n\n<div class=\"wp-block-lib-header alignfull hide\"><div class=\"image-wrapper\"><img decoding=\"async\" src=\"https:\/\/www.blakors.no\/content\/uploads\/sites\/11\/2022\/09\/20220906_133936-scaled.jpg\"\/><\/div><div class=\"header-innercontent\"><\/div><\/div>\n\n\n\n<figure class=\"wp-block-image size-large\"><img loading=\"lazy\" decoding=\"async\" width=\"1024\" height=\"683\" src=\"https:\/\/www.blakors.no\/content\/uploads\/sites\/11\/2022\/09\/IMG_3275-1024x683.jpg\" alt=\" Ole Gunnar Stave\" class=\"wp-image-6027\" srcset=\"https:\/\/www.blakors.no\/content\/uploads\/sites\/11\/2022\/09\/IMG_3275-1024x683.jpg 1024w, https:\/\/www.blakors.no\/content\/uploads\/sites\/11\/2022\/09\/IMG_3275-300x200.jpg 300w, https:\/\/www.blakors.no\/content\/uploads\/sites\/11\/2022\/09\/IMG_3275-768x512.jpg 768w, https:\/\/www.blakors.no\/content\/uploads\/sites\/11\/2022\/09\/IMG_3275-1536x1024.jpg 1536w, https:\/\/www.blakors.no\/content\/uploads\/sites\/11\/2022\/09\/IMG_3275-scaled.jpg 2048w\" sizes=\"auto, (max-width: 1024px) 100vw, 1024px\" \/><figcaption> Ole Gunnar Stave ser frem til l\u00f8rdagens utstilling.<\/figcaption><\/figure>\n<div class=\"article-meta--info\">\n<div class=\"dekode-module-was-this-helpful\">\n\t<div class=\"\">\n\t\t<h2>Var dette nyttig?<\/h2>\n\t\t<form id=\"dekode-wth-form\">\n\t\t\t<button id=\"dekode-wth-yes\" class=\"button\" name=\"dekode-wth-feedback\" type=\"submit\"\n\t\t\t\t\tvalue=\"1\">Ja<\/button>\n\t\t\t<button id=\"dekode-wth-no\" class=\"button\" name=\"dekode-wth-feedback\" type=\"submit\"\n\t\t\t\t\tvalue=\"0\">Nei<\/button>\n\t\t\t<input type=\"hidden\" name=\"post_id\" value=\"6026\"\/>\n\t\t<\/form>\n\t<\/div>\n<\/div>\n\n<div class=\"relations\">\n\t<div class=\"latest-updated\">\n\t\t<span class=\"label\">Senest oppdatert: <\/span>\n\t\t<span class=\"content\">09.09.2022<\/span>\n\t<\/div>\n\t<\/div>\n<\/div>","protected":false},"excerpt":{"rendered":"<p>&#8211; Dette blir artig, sier Ole Gunnar Skare med et bredt smil. Sammen med andre deltakere i Bl\u00e5 Kors gaten\u00e6rt, inviteres det til en fotoutstilling av det helt spesielle slaget i Domkirken l\u00f8rdag 10. september kl. 12.00-15.00. Av Ivar Eidsaa &#8211; I dag kommer bildene ferdig montert p\u00e5 plater, og n\u00e5 skal vi ut og [&hellip;]<\/p>\n","protected":false},"author":25,"featured_media":6028,"comment_status":"closed","ping_status":"closed","sticky":false,"template":"","format":"standard","meta":{"_acf_changed":false,"_relevanssi_hide_post":"","_relevanssi_hide_content":"","_relevanssi_pin_for_all":"on","_relevanssi_pin_keywords":"","_relevanssi_unpin_keywords":"","_relevanssi_related_keywords":"","_relevanssi_related_include_ids":"","_relevanssi_related_exclude_ids":"","_relevanssi_related_no_append":"","_relevanssi_related_not_related":"","_relevanssi_related_posts":"6307,8503,3888,4591,4095,8695","_relevanssi_noindex_reason":"","_custom_cards_description":"","footnotes":""},"categories":[5],"tags":[],"internal_tags":[],"class_list":["post-6026","post","type-post","status-publish","format-standard","has-post-thumbnail","hentry","category-bla-kors-kristiansand"],"acf":[],"_links":{"self":[{"href":"https:\/\/www.blakors.no\/kristiansand\/wp-json\/wp\/v2\/posts\/6026","targetHints":{"allow":["GET"]}}],"collection":[{"href":"https:\/\/www.blakors.no\/kristiansand\/wp-json\/wp\/v2\/posts"}],"about":[{"href":"https:\/\/www.blakors.no\/kristiansand\/wp-json\/wp\/v2\/types\/post"}],"author":[{"embeddable":true,"href":"https:\/\/www.blakors.no\/kristiansand\/wp-json\/wp\/v2\/users\/25"}],"replies":[{"embeddable":true,"href":"https:\/\/www.blakors.no\/kristiansand\/wp-json\/wp\/v2\/comments?post=6026"}],"version-history":[{"count":1,"href":"https:\/\/www.blakors.no\/kristiansand\/wp-json\/wp\/v2\/posts\/6026\/revisions"}],"predecessor-version":[{"id":6030,"href":"https:\/\/www.blakors.no\/kristiansand\/wp-json\/wp\/v2\/posts\/6026\/revisions\/6030"}],"wp:featuredmedia":[{"embeddable":true,"href":"https:\/\/www.blakors.no\/kristiansand\/wp-json\/wp\/v2\/media\/6028"}],"wp:attachment":[{"href":"https:\/\/www.blakors.no\/kristiansand\/wp-json\/wp\/v2\/media?parent=6026"}],"wp:term":[{"taxonomy":"category","embeddable":true,"href":"https:\/\/www.blakors.no\/kristiansand\/wp-json\/wp\/v2\/categories?post=6026"},{"taxonomy":"post_tag","embeddable":true,"href":"https:\/\/www.blakors.no\/kristiansand\/wp-json\/wp\/v2\/tags?post=6026"},{"taxonomy":"internal_tags","embeddable":true,"href":"https:\/\/www.blakors.no\/kristiansand\/wp-json\/wp\/v2\/internal_tags?post=6026"}],"curies":[{"name":"wp","href":"https:\/\/api.w.org\/{rel}","templated":true}]}}