{"id":6031,"date":"2022-09-09T12:41:17","date_gmt":"2022-09-09T10:41:17","guid":{"rendered":"https:\/\/www.blakors.no\/kristiansand\/?p=6031"},"modified":"2022-09-09T13:38:54","modified_gmt":"2022-09-09T11:38:54","slug":"mange-flere-ber-bla-kors-om-hjelp","status":"publish","type":"post","link":"https:\/\/www.blakors.no\/kristiansand\/2022\/09\/09\/mange-flere-ber-bla-kors-om-hjelp\/","title":{"rendered":"Mange flere ber Bl\u00e5 Kors om hjelp"},"content":{"rendered":"\n<p><strong>&#8211; Vi har aldri hjulpet s\u00e5 mange som vi n\u00e5 gj\u00f8r. P\u00e5gangen \u00f8ker kraftig. Vi skulle gjerne ha hjulpet alle dem som n\u00e5 trenger en h\u00e5ndsrekning. Det fremholdt daglig leder Arvid Solheim, da KrF-leder Olaug Bollestad torsdag gjestet Bl\u00e5 Kors Kristiansand sammen med flere av sine partikolleger.<\/strong><\/p>\n\n\n\n<p>Av Ivar Eidsaa<\/p>\n\n\n\n<p>I m\u00f8tet fikk Olaug Bollestad h\u00f8re at \u00f8kte renter, samt \u00f8kte priser p\u00e5 str\u00f8m, mat og drivstoff, har medf\u00f8rt at mange som tidligere klarte seg, n\u00e5 henvender seg til Bl\u00e5 Kors Kristiansand for \u00e5 f\u00e5 hjelp.<\/p>\n\n\n\n<p>&#8211; Dette er familier som ikke har v\u00e6rt i kontakt med oss tidligere, sa Solheim.<\/p>\n\n\n\n<p>Det kan v\u00e6re familier hvor en eller begge av foreldrene er i jobb, men som etter sykdom, samlivsbrudd eller som f\u00f8lge av at en kraftig \u00f8kning i utgiftene, n\u00e5 opplever at inntekten ikke strekker til.<\/p>\n\n\n\n<h2 class=\"wp-block-heading\" id=\"h-pengene-strekker-ikke-til\">Pengene strekker ikke til<\/h2>\n\n\n\n<p>&#8211; I tillegg er det mange av v\u00e5re deltakere som tidligere kanskje s\u00e5 vidt klarte seg p\u00e5 en uf\u00f8retrygd eller arbeidsavklaringspenger, men som n\u00e5 opplever at pengene ikke strekker til, sa han.<\/p>\n\n\n\n<p>&#8211; De klarer ikke \u00e5 betale alle regningene, og i for eksempel en familie vi har kontakt med, spiser familien br\u00f8d og nudler de siste to ukene f\u00f8r det kommer ny overf\u00f8ring fra NAV. Alt dette er med p\u00e5 \u00e5 skape utenforskap, flere lever med en vedvarende lav inntekt, og lever s\u00e5gar under fattigdomsgrensen, dette skaper \u00f8kte klasseskiller, antall fattige familier \u00f8ker, la Solheim til.<\/p>\n\n\n\n<h2 id=\"hjelp-til-a-handtere-livet\"  class=\"wp-block-heading\" >Hjelp til \u00e5 h\u00e5ndtere livet<\/h2>\n\n\n\n<p>Han la til at noen trenger hjelp til \u00e5 betale kontingenten slik at barnet kan v\u00e6re med p\u00e5 de aktivitetene Bl\u00e5 Kors har, som for eksempel skolefritidsordning, Bl\u00e5 Kors kulturskole og Bl\u00e5 Kors aktivitetspark. Hos Bl\u00e5 Kors barnas stasjon er p\u00e5gangen enorm.<\/p>\n\n\n\n<p>&#8211; Det er s\u00e5 mange som trenger noen \u00e5 prate med, og hjelp til \u00e5 h\u00e5ndtere livet, og de trenger det gode fellesskapet og oppf\u00f8lgingen som staben hos Bl\u00e5 Kors barnas stasjon kan gi, kunne Solheim fortelle.<\/p>\n\n\n\n<p>Ikke minst er det mange som n\u00e5 tar kontakt med oss for \u00e5 be om hjelp med kl\u00e6r, sko og utstyr til barna.<\/p>\n\n\n\n<blockquote class=\"wp-block-quote is-style-default is-layout-flow wp-block-quote-is-layout-flow\"><p>&#8211; Den kalde \u00e5rstiden st\u00e5r for d\u00f8ren, og flere familier st\u00e5r helt r\u00e5dville n\u00e5r de ikke har r\u00e5d til varmt t\u00f8y, regnt\u00f8y og vintersko til sine.<\/p><cite>Anne Randi Hanssen, virksomhetsleder for Bl\u00e5 Kors barnas stasjon, Kristiansand.<\/cite><\/blockquote>\n\n\n\n<h2 id=\"lever-toy-til-barnas-stasjon\"  class=\"wp-block-heading\" >Lever t\u00f8y til Barnas Stasjon<\/h2>\n\n\n\n<p>P\u00e5gangen har medf\u00f8rt at Bl\u00e5 Kors Kristiansand n\u00e5 inviterer dem som kanskje har barn som har vokst ut av sitt t\u00f8y, om \u00e5 levere dette inn til Bl\u00e5 Kors barnas stasjon.<\/p>\n\n\n\n<p>&#8211; Det vi f\u00e5r inn, forsvinner rimelig fort. Behovene er store, opplyste hun.<\/p>\n\n\n\t<div class=\"custom-block-related-article \">\n\t\t\t<div class=\"image\">\n\t\t\t\t<a href=\"https:\/\/www.blakors.no\/kristiansand\/2021\/12\/22\/gir-store-mengder-nytt-toy-til-bla-kors-kristiansand\/\">\n\t\t\t\t<img loading=\"lazy\" decoding=\"async\" width=\"300\" height=\"200\" src=\"https:\/\/www.blakors.no\/content\/uploads\/sites\/11\/2021\/12\/gullkorn-gave-komprimert-2-300x200.jpg\" class=\"attachment-medium size-medium wp-post-image\" alt=\"Julie Lie Beckmann, Henriette Ruud Nilsen, Wenche T\u00f8nnessen og Cecilie Weiby\" srcset=\"https:\/\/www.blakors.no\/content\/uploads\/sites\/11\/2021\/12\/gullkorn-gave-komprimert-2-300x200.jpg 300w, https:\/\/www.blakors.no\/content\/uploads\/sites\/11\/2021\/12\/gullkorn-gave-komprimert-2-1024x683.jpg 1024w, https:\/\/www.blakors.no\/content\/uploads\/sites\/11\/2021\/12\/gullkorn-gave-komprimert-2-768x512.jpg 768w, https:\/\/www.blakors.no\/content\/uploads\/sites\/11\/2021\/12\/gullkorn-gave-komprimert-2-1536x1024.jpg 1536w, https:\/\/www.blakors.no\/content\/uploads\/sites\/11\/2021\/12\/gullkorn-gave-komprimert-2-scaled.jpg 2048w\" sizes=\"auto, (max-width: 300px) 100vw, 300px\" \/>\t\t\t\t<\/a>\n\t\t\t<\/div>\n\t\t\t<div class=\"content\">\n\t\t\t\t<a href=\"https:\/\/www.blakors.no\/kristiansand\/2021\/12\/22\/gir-store-mengder-nytt-toy-til-bla-kors-kristiansand\/\">\n\t\t\t\t<span class=\"label\">Les ogs\u00e5<\/span><h3 id=\"gir-store-mengder-nytt-toy-til-bla-kors-kristiansand\"  class=\"title\" >Gir store mengder nytt t\u00f8y til Bl\u00e5 Kors Kristiansand<\/h3>\t\t\t\t<\/a>\n\t\t\t<\/div>\n\t<\/div>\n\t\n\n\n<p>Under bes\u00f8ket fikk Olaug Bollestad og hennes partikolleger ogs\u00e5 m\u00f8te to kvinner hvis familier er deltakere hos Bl\u00e5 Kors barnas stasjon.<\/p>\n\n\n\n<p>&#8211; Jeg har m\u00f8tt den ene av dem tidligere. Da var hun preget av de utfordringene hun og familien m\u00f8tte. N\u00e5 har hun tatt en utdannelse, fremst\u00e5r med en gl\u00f8d og stolthet som er flott \u00e5 se. Det viser at den hjelpen hun og mange med henne f\u00e5r, faktisk nytter, sier Olaug Bollestad i et intervju.<\/p>\n\n\n\n<p>&#8211; Det er godt \u00e5 se hva det gj\u00f8r med mennesker som f\u00e5r hjelp og f\u00e5r et nytt og mye bedre liv takket v\u00e6re det ideelle arbeidet som Bl\u00e5 Kors og andre organisasjoner gj\u00f8r.<\/p>\n\n\n\n<figure class=\"wp-block-image size-large\"><img loading=\"lazy\" decoding=\"async\" width=\"1024\" height=\"768\" src=\"https:\/\/www.blakors.no\/content\/uploads\/sites\/11\/2022\/09\/IMG_1485-1024x768.jpg\" alt=\"Flere nyhetsmedier \u00f8nsket \u00e5 snakke med Bollestad under bes\u00f8ket p\u00e5 Bl\u00e5 Kors Kristiansand\" class=\"wp-image-6033\" srcset=\"https:\/\/www.blakors.no\/content\/uploads\/sites\/11\/2022\/09\/IMG_1485-1024x768.jpg 1024w, https:\/\/www.blakors.no\/content\/uploads\/sites\/11\/2022\/09\/IMG_1485-300x225.jpg 300w, https:\/\/www.blakors.no\/content\/uploads\/sites\/11\/2022\/09\/IMG_1485-768x576.jpg 768w, https:\/\/www.blakors.no\/content\/uploads\/sites\/11\/2022\/09\/IMG_1485-1536x1152.jpg 1536w, https:\/\/www.blakors.no\/content\/uploads\/sites\/11\/2022\/09\/IMG_1485-scaled.jpg 2048w\" sizes=\"auto, (max-width: 1024px) 100vw, 1024px\" \/><figcaption>Flere nyhetsmedier \u00f8nsket \u00e5 snakke med Krf-leder Olaug Bollestad under bes\u00f8ket p\u00e5 Bl\u00e5 Kors Kristiansand.<\/figcaption><\/figure>\n\n\n\n<h2 id=\"ma-sikre-statlige-bevilgninger\"  class=\"wp-block-heading\" >M\u00e5 sikre statlige bevilgninger<\/h2>\n\n\n\n<p>&#8211; Vi m\u00e5 gj\u00f8re det vi kan for \u00e5 sikre at bevilgningene til det ideelle og forebyggende arbeidet som Bl\u00e5 Kors og andre organisasjoner gj\u00f8r, ogs\u00e5 i fortsettelsen kan bli gitt over statsbudsjettet, og at ikke overf\u00f8ringene reduseres i en tid hvor regjeringen St\u00f8re har tatt til orde for at det m\u00e5 strammes kraftig inn i statsbudsjettet for 2023, la Bollestad til.<\/p>\n\n\n\n<p>&#8211; Dersom en av konsekvensene blir at Stortinget vedtar at det er kommunenes ansvar \u00e5 finansiere arbeidet, s\u00e5 kan vi risikere at tilbudene at tilbudene blir svekket, eller lagt ned. Da mister vi noe av den hjelpen og den menneskekontakten som disse tilbudene har brukt \u00e5r p\u00e5 \u00e5 bygge opp. Det g\u00e5r utover brukerne, la hun til.<\/p>\n\n\n\n<h2 id=\"hjelpen-nar-frem\"  class=\"wp-block-heading\" >Hjelpen n\u00e5r frem<\/h2>\n\n\n\n<p>&#8211; Slike tilbud er redningen for barna og redningen for de voksne. Tilskuddene m\u00e5 gis til aktiviteter som viser resultater, og de resultatene som Bl\u00e5 Kors kan vise til, viser at hjelpen n\u00e5r fram. Tilbudene blir ikke s\u00e5 mye bedre som noen synes \u00e5 tro, dersom finanseringen skal bli kommunenes ansvar, fremholdt Bollestad.<\/p>\n\n\n\n<p>Hun sier hennes og KrF`s jobb blir \u00e5 sette fokus p\u00e5 de utfordringene som frivilligheten st\u00e5r overfor, og jobbe for \u00e5 sikre et flertall p\u00e5 Stortinget som gj\u00f8r at tilskuddene ogs\u00e5 i fortsettelsen kommer over statsbudsjettet, da det gir best resultater og forutsigbarhet.<\/p>\n\n\n\n<p>&#8211; Da er det ogs\u00e5 viktig at Bl\u00e5 Kors og andre hjelper til med \u00e5 fortelle historiene om hva som skjer med mennesker og familier som f\u00e5r hjelp, slik vi har f\u00e5tt h\u00f8re her i dag.<\/p>\n\n\n\n<h2 id=\"rekker-langt\"  class=\"wp-block-heading\" >Rekker langt<\/h2>\n\n\n\n<p>Hun sier hver krone som bevilges, rekker langt. Hun viser til at i de \u00e5tte \u00e5rene KrF satt i regjering, fikk KrF flertall for at Bl\u00e5 Kors samlet fikk tilskudd p\u00e5 130 millioner kroner over budsjettet, penger som gikk til ulike tilbud som virksomheten har, v\u00e6re seg blant annet feriearbeid, chat-tjenester og Bl\u00e5 Kors barnas stasjon.<\/p>\n\n\n\n<p>&#8211; Det har bidradd til flere hundre millioner kroner spart for samfunnet, fordi pengene er g\u00e5tt til en akt\u00f8r som kan vise til s\u00e5 gode resultater som det Bl\u00e5 Kors faktisk kan vise til.<\/p>\n\n\n\n<p>&#8211; N\u00e5r vi ser hva som er blitt spart i et samfunnsperspektiv, s\u00e5 kunne Bl\u00e5 Kors og andre ha gjort mye mer og hjulpet langt flere dersom bevilgningene hadde \u00f8kt. Bl\u00e5 Kors har ekstremt mange familier som st\u00e5r i k\u00f8 for \u00e5 f\u00e5 hjelp. Det koster samfunnet langt mer enn det vi m\u00e5tte bevilge av ekstramidler, sa Olaug Bollestad.<\/p>\n\n\n\n<div class=\"wp-block-lib-header alignfull hide\"><div class=\"image-wrapper\"><img decoding=\"async\" src=\"https:\/\/www.blakors.no\/content\/uploads\/sites\/11\/2022\/09\/IMG_3371-scaled.jpg\"\/><\/div><div class=\"header-innercontent\"><\/div><\/div>\n<div class=\"article-meta--info\">\n<div class=\"dekode-module-was-this-helpful\">\n\t<div class=\"\">\n\t\t<h2>Var dette nyttig?<\/h2>\n\t\t<form id=\"dekode-wth-form\">\n\t\t\t<button id=\"dekode-wth-yes\" class=\"button\" name=\"dekode-wth-feedback\" type=\"submit\"\n\t\t\t\t\tvalue=\"1\">Ja<\/button>\n\t\t\t<button id=\"dekode-wth-no\" class=\"button\" name=\"dekode-wth-feedback\" type=\"submit\"\n\t\t\t\t\tvalue=\"0\">Nei<\/button>\n\t\t\t<input type=\"hidden\" name=\"post_id\" value=\"6031\"\/>\n\t\t<\/form>\n\t<\/div>\n<\/div>\n\n<div class=\"relations\">\n\t<div class=\"latest-updated\">\n\t\t<span class=\"label\">Senest oppdatert: <\/span>\n\t\t<span class=\"content\">09.09.2022<\/span>\n\t<\/div>\n\t<\/div>\n<\/div>","protected":false},"excerpt":{"rendered":"<p>&#8211; Vi har aldri hjulpet s\u00e5 mange som vi n\u00e5 gj\u00f8r. P\u00e5gangen \u00f8ker kraftig. Vi skulle gjerne ha hjulpet alle dem som n\u00e5 trenger en h\u00e5ndsrekning. Det fremholdt daglig leder Arvid Solheim, da KrF-leder Olaug Bollestad torsdag gjestet Bl\u00e5 Kors Kristiansand sammen med flere av sine partikolleger. Av Ivar Eidsaa I m\u00f8tet fikk Olaug Bollestad [&hellip;]<\/p>\n","protected":false},"author":25,"featured_media":6032,"comment_status":"closed","ping_status":"closed","sticky":false,"template":"","format":"standard","meta":{"_acf_changed":false,"_relevanssi_hide_post":"","_relevanssi_hide_content":"","_relevanssi_pin_for_all":"on","_relevanssi_pin_keywords":"","_relevanssi_unpin_keywords":"","_relevanssi_related_keywords":"","_relevanssi_related_include_ids":"","_relevanssi_related_exclude_ids":"","_relevanssi_related_no_append":"","_relevanssi_related_not_related":"","_relevanssi_related_posts":"8547,8265,3765,8393,4632,6613","_relevanssi_noindex_reason":"","_custom_cards_description":"","footnotes":""},"categories":[10,5],"tags":[],"internal_tags":[],"class_list":["post-6031","post","type-post","status-publish","format-standard","has-post-thumbnail","hentry","category-barnas-stasjon","category-bla-kors-kristiansand"],"acf":[],"_links":{"self":[{"href":"https:\/\/www.blakors.no\/kristiansand\/wp-json\/wp\/v2\/posts\/6031","targetHints":{"allow":["GET"]}}],"collection":[{"href":"https:\/\/www.blakors.no\/kristiansand\/wp-json\/wp\/v2\/posts"}],"about":[{"href":"https:\/\/www.blakors.no\/kristiansand\/wp-json\/wp\/v2\/types\/post"}],"author":[{"embeddable":true,"href":"https:\/\/www.blakors.no\/kristiansand\/wp-json\/wp\/v2\/users\/25"}],"replies":[{"embeddable":true,"href":"https:\/\/www.blakors.no\/kristiansand\/wp-json\/wp\/v2\/comments?post=6031"}],"version-history":[{"count":2,"href":"https:\/\/www.blakors.no\/kristiansand\/wp-json\/wp\/v2\/posts\/6031\/revisions"}],"predecessor-version":[{"id":6035,"href":"https:\/\/www.blakors.no\/kristiansand\/wp-json\/wp\/v2\/posts\/6031\/revisions\/6035"}],"wp:featuredmedia":[{"embeddable":true,"href":"https:\/\/www.blakors.no\/kristiansand\/wp-json\/wp\/v2\/media\/6032"}],"wp:attachment":[{"href":"https:\/\/www.blakors.no\/kristiansand\/wp-json\/wp\/v2\/media?parent=6031"}],"wp:term":[{"taxonomy":"category","embeddable":true,"href":"https:\/\/www.blakors.no\/kristiansand\/wp-json\/wp\/v2\/categories?post=6031"},{"taxonomy":"post_tag","embeddable":true,"href":"https:\/\/www.blakors.no\/kristiansand\/wp-json\/wp\/v2\/tags?post=6031"},{"taxonomy":"internal_tags","embeddable":true,"href":"https:\/\/www.blakors.no\/kristiansand\/wp-json\/wp\/v2\/internal_tags?post=6031"}],"curies":[{"name":"wp","href":"https:\/\/api.w.org\/{rel}","templated":true}]}}