{"id":6166,"date":"2022-10-04T10:22:35","date_gmt":"2022-10-04T08:22:35","guid":{"rendered":"https:\/\/www.blakors.no\/kristiansand\/?p=6166"},"modified":"2025-01-03T09:47:49","modified_gmt":"2025-01-03T08:47:49","slug":"norges-storste-barnekunstutstilling-hvis-jeg-fikk-vaere-konge-eller-dronning-for-en-dag","status":"publish","type":"post","link":"https:\/\/www.blakors.no\/kristiansand\/2022\/10\/04\/norges-storste-barnekunstutstilling-hvis-jeg-fikk-vaere-konge-eller-dronning-for-en-dag\/","title":{"rendered":"Norges st\u00f8rste barnekunstutstilling: Hvis jeg fikk v\u00e6re konge eller dronning for en dag"},"content":{"rendered":"\n<p><strong>Det jobbes konsentrert i klasserommet til klasse 7 A p\u00e5 Fagerholt skole. Farger er blitt blandet, og n\u00e5 skal det store maleriet som elevene har holdt p\u00e5 med, gj\u00f8res ferdig. Bildet skal stilles ut n\u00e5r Norges st\u00f8rste barnekunstutstilling finner sted p\u00e5 Christiansholm Festning 15. og 16. oktober.<\/strong><\/p>\n\n\n\n<p>Av Ivar Eidsaa<\/p>\n\n\n\n<p>&#8211; Dette har v\u00e6rt moro \u00e5 v\u00e6re med p\u00e5, sier Sara, en av elevene i klasse 7A p\u00e5 <a href=\"https:\/\/www.minskole.no\/fagerholt\" target=\"_blank\" rel=\"noopener\">Fagerholt skole<\/a>.<\/p>\n\n\n\n<p>&#8211; Vi begynte i forrige uke og ble enige om hva vi ha som motiv, sier hun videre.<\/p>\n\n\n\n<figure class=\"wp-block-image size-large\"><img loading=\"lazy\" decoding=\"async\" width=\"1024\" height=\"683\" src=\"https:\/\/www.blakors.no\/content\/uploads\/sites\/11\/2022\/10\/IMG_3873-1024x683.jpg\" alt=\"Sara i full gang med jobben.\" class=\"wp-image-6169\" srcset=\"https:\/\/www.blakors.no\/content\/uploads\/sites\/11\/2022\/10\/IMG_3873-1024x683.jpg 1024w, https:\/\/www.blakors.no\/content\/uploads\/sites\/11\/2022\/10\/IMG_3873-300x200.jpg 300w, https:\/\/www.blakors.no\/content\/uploads\/sites\/11\/2022\/10\/IMG_3873-768x512.jpg 768w, https:\/\/www.blakors.no\/content\/uploads\/sites\/11\/2022\/10\/IMG_3873-1536x1024.jpg 1536w, https:\/\/www.blakors.no\/content\/uploads\/sites\/11\/2022\/10\/IMG_3873-scaled.jpg 2048w\" sizes=\"auto, (max-width: 1024px) 100vw, 1024px\" \/><figcaption class=\"wp-element-caption\">Sara i full gang med jobben.<\/figcaption><\/figure>\n\n\n\n<p>Elevene valgte \u00e5 male en by med mange hus. F\u00f8rst ble bakgrunnen malt, deretter husene. P\u00e5 den siste produksjonsdagen var det flere elever som holdt p\u00e5 \u00e5 male vinduer i husene.<\/p>\n\n\n\n<p>Etter r\u00e5d fra l\u00e6rer Runo Kv\u00e5s males flaten i en gulaktig farge.<\/p>\n\n\n\n<figure class=\"wp-block-image size-large\"><img loading=\"lazy\" decoding=\"async\" width=\"1024\" height=\"768\" src=\"https:\/\/www.blakors.no\/content\/uploads\/sites\/11\/2022\/10\/1-21-1024x768.jpg\" alt=\"Emil mens han maler vinduer.\" class=\"wp-image-6174\" srcset=\"https:\/\/www.blakors.no\/content\/uploads\/sites\/11\/2022\/10\/1-21-1024x768.jpg 1024w, https:\/\/www.blakors.no\/content\/uploads\/sites\/11\/2022\/10\/1-21-300x225.jpg 300w, https:\/\/www.blakors.no\/content\/uploads\/sites\/11\/2022\/10\/1-21-768x576.jpg 768w, https:\/\/www.blakors.no\/content\/uploads\/sites\/11\/2022\/10\/1-21-1536x1152.jpg 1536w, https:\/\/www.blakors.no\/content\/uploads\/sites\/11\/2022\/10\/1-21-scaled.jpg 2048w\" sizes=\"auto, (max-width: 1024px) 100vw, 1024px\" \/><figcaption class=\"wp-element-caption\">Emil mens han maler vinduer.<\/figcaption><\/figure>\n\n\n\n<h2 class=\"wp-block-heading\" id=\"h-hvis-jeg-var-konge-eller-dronning\">\u00abHvis jeg var konge eller dronning\u00bb<\/h2>\n\n\n\n<p>&#8211; Tema for prosjektet er \u00abSoria Moria \u2013 hvis jeg var konge eller dronning\u00bb, og da har elevene bestemt at dersom de fikk v\u00e6re konge eller dronning, skulle det v\u00e6re lov \u00e5 bruke str\u00f8m, derav fargen, forklarer Runo Kv\u00e5s.<\/p>\n\n\n\n<figure class=\"wp-block-image size-large\"><img loading=\"lazy\" decoding=\"async\" width=\"1024\" height=\"683\" src=\"https:\/\/www.blakors.no\/content\/uploads\/sites\/11\/2022\/10\/IMG_3855-1024x683.jpg\" alt=\"L\u00e6rer Runo Kv\u00e5s har noen forslag.\" class=\"wp-image-6170\" srcset=\"https:\/\/www.blakors.no\/content\/uploads\/sites\/11\/2022\/10\/IMG_3855-1024x683.jpg 1024w, https:\/\/www.blakors.no\/content\/uploads\/sites\/11\/2022\/10\/IMG_3855-300x200.jpg 300w, https:\/\/www.blakors.no\/content\/uploads\/sites\/11\/2022\/10\/IMG_3855-768x512.jpg 768w, https:\/\/www.blakors.no\/content\/uploads\/sites\/11\/2022\/10\/IMG_3855-1536x1024.jpg 1536w, https:\/\/www.blakors.no\/content\/uploads\/sites\/11\/2022\/10\/IMG_3855-scaled.jpg 2048w\" sizes=\"auto, (max-width: 1024px) 100vw, 1024px\" \/><figcaption class=\"wp-element-caption\">L\u00e6rer Runo Kv\u00e5s har noen forslag.<\/figcaption><\/figure>\n\n\n\n<p>Maleriet inng\u00e5r i et stort prosjekt hvor sv\u00e6rt mange barn i Kristiansand er med og maler, til det som skal bli Norges st\u00f8rste barnekunstutstilling.<\/p>\n\n\n\n<p>Det er Bl\u00e5 Kors Kristiansand som er initiativtaker til prosjektet. I samarbeid med de fleste barneskolene i kommunen, S\u00f8rlandets Kunstmuseum og andre lokale kulturinstitusjoner, inviterer Bl\u00e5 Kors Kristiansand til en storsl\u00e5tt kunstutstilling i Christiansholm Festning hvor arbeidene skal vises frem.<\/p>\n\n\n\n<figure class=\"wp-block-image size-large\"><a href=\"https:\/\/www.facebook.com\/events\/508045544494464\/508045551161130\/?active_tab=about\" target=\"_blank\" rel=\"noopener\"><img loading=\"lazy\" decoding=\"async\" width=\"1024\" height=\"450\" src=\"https:\/\/www.blakors.no\/content\/uploads\/sites\/11\/2022\/10\/Bla\u030aKors-SoriaMoria-Cover-820x360-2022-1024x450.jpg\" alt=\"Bla\u030a Kors Soria Moria\" class=\"wp-image-6181\" srcset=\"https:\/\/www.blakors.no\/content\/uploads\/sites\/11\/2022\/10\/Bla\u030aKors-SoriaMoria-Cover-820x360-2022-1024x450.jpg 1024w, https:\/\/www.blakors.no\/content\/uploads\/sites\/11\/2022\/10\/Bla\u030aKors-SoriaMoria-Cover-820x360-2022-300x132.jpg 300w, https:\/\/www.blakors.no\/content\/uploads\/sites\/11\/2022\/10\/Bla\u030aKors-SoriaMoria-Cover-820x360-2022-768x337.jpg 768w, https:\/\/www.blakors.no\/content\/uploads\/sites\/11\/2022\/10\/Bla\u030aKors-SoriaMoria-Cover-820x360-2022.jpg 1093w\" sizes=\"auto, (max-width: 1024px) 100vw, 1024px\" \/><\/a><\/figure>\n\n\n\n\t\t<div class=\"wp-block-lib-accentuated-link\">\n\t\t\t<a class=\"lib-link__link\" href=\"https:\/\/fb.me\/e\/3I1Ny4iWn\" target=\"\" rel=\"noopener\">\n\t\t\t\t\n\t\t\t\t<div class=\"lib-link__text-content\">\n\t\t\t\t\t<span class=\"lib-link__tagline\">\n\t\t\t\t\t\tSe arrangementet p\u00e5 Facebook\n\t\t\t\t\t<\/span>\n\n\t\t\t\t\t<h3 class=\"lib-link__title\">\n\t\t\t\t\t\tSoria Moria &#8211; hvis jeg var konge eller dronning for en dag\n\t\t\t\t\t<\/h3>\n\n\t\t\t\t\t\n\t\t\t<span class=\"lib-link__link-source\">\n\t\t\t\tfb.me\n\t\t\t\t<svg xmlns=\"http:\/\/www.w3.org\/2000\/svg\" viewBox=\"0 0 24 24\" height=\"24\" width=\"24\" class=\"t2-icon t2-icon-linkexternal\" aria-hidden=\"true\" focusable=\"false\"><path d=\"M5 21c-.5 0-1-.2-1.4-.6S3 19.6 3 19V5c0-.6.2-1 .6-1.4S4.5 3 5 3h6c.3 0 .5.1.7.3.2.2.3.4.3.7 0 .3-.1.5-.3.7-.2.2-.4.3-.7.3H5v14h14v-6c0-.3.1-.5.3-.7.2-.2.4-.3.7-.3s.5.1.7.3c.2.2.3.4.3.7v6c0 .6-.2 1-.6 1.4s-.8.6-1.4.6H5zm4-6c-.2-.2-.3-.4-.3-.7s.1-.5.3-.7L17.6 5H15c-.3 0-.5-.1-.7-.3-.2-.2-.3-.4-.3-.7 0-.3.1-.5.3-.7.2-.2.4-.3.7-.3h5c.3 0 .5.1.7.3.2.2.3.4.3.7v5c0 .3-.1.5-.3.7-.2.2-.4.3-.7.3s-.5-.1-.7-.3c-.2-.2-.3-.4-.3-.7V6.4L10.4 15c-.2.2-.4.3-.7.3s-.5-.1-.7-.3z\" fill=\"currentColor\" \/><\/svg>\n\t\t\t<\/span>\n\t\t\t\t<\/div>\n\t\t\t<\/a>\n\t\t<\/div>\n\n\n<h2 id=\"internasjonalt-anerkjent\"  class=\"wp-block-heading\" >Internasjonalt anerkjent<\/h2>\n\n\n\n<p>Ogs\u00e5 flere kunstnere er med og bidrar. En av dem er Martin Whatson, B\u00e6rums-kunstneren som har opparbeidet seg et solid ry nasjonalt og ikke minst internasjonalt for dine street-art og grafittiarbeider.<\/p>\n\n\n\n<p>&#8211; Det har bare tatt helt av for hans vedkommende, og han har f\u00e5tt en suksess av en helt annen verden. Jeg har i mine 30 \u00e5r i bransjen ikke opplevd at en kunstner har f\u00e5tt s\u00e5 stor annerkjennelse nasjonalt OG internasjonalt, sier Eva Marie Bentsen, kuratoren fra S\u00f8gne som har fulgt Martin Whatson tett og som tidligere i \u00e5r lanserte sin egen bok hvor hun presenterer Whatson og hans arbeider.<\/p>\n\n\n\n<p>&#8211; Det er fint \u00e5 kunne bidra, sier Martin Whatson.<\/p>\n\n\n\n<blockquote class=\"wp-block-quote is-style-default is-layout-flow wp-block-quote-is-layout-flow\">\n<p>&#8211; Bl\u00e5 Kors gj\u00f8r en solid jobb og det \u00e5 kunne v\u00e6re med i et prosjekt som dette, har v\u00e6rt en glede.<\/p>\n<cite>Martin Whatson<\/cite><\/blockquote>\n\n\n\n<h2 id=\"kunstverket-skal-auksjoneres\"  class=\"wp-block-heading\" >Kunstverket skal auksjoneres<\/h2>\n\n\n\n<p>I forbindelse med kunstprosjektet skal Bl\u00e5 Kors Kristiansand auksjonere bort en eksklusiv bit av kunstsiloen som Whatson og Hama Woods som arbeider sammen med Whatson har dekorert.<\/p>\n\n\n\n<figure class=\"wp-block-image size-large\"><img loading=\"lazy\" decoding=\"async\" width=\"1024\" height=\"768\" src=\"https:\/\/www.blakors.no\/content\/uploads\/sites\/11\/2022\/10\/Jacobsen-og-Whatson-1024x768.jpg\" alt=\"\" class=\"wp-image-6175\" srcset=\"https:\/\/www.blakors.no\/content\/uploads\/sites\/11\/2022\/10\/Jacobsen-og-Whatson-1024x768.jpg 1024w, https:\/\/www.blakors.no\/content\/uploads\/sites\/11\/2022\/10\/Jacobsen-og-Whatson-300x225.jpg 300w, https:\/\/www.blakors.no\/content\/uploads\/sites\/11\/2022\/10\/Jacobsen-og-Whatson-768x576.jpg 768w, https:\/\/www.blakors.no\/content\/uploads\/sites\/11\/2022\/10\/Jacobsen-og-Whatson-1536x1152.jpg 1536w, https:\/\/www.blakors.no\/content\/uploads\/sites\/11\/2022\/10\/Jacobsen-og-Whatson-scaled.jpg 2048w\" sizes=\"auto, (max-width: 1024px) 100vw, 1024px\" \/><figcaption class=\"wp-element-caption\">Martin Whatson (t.h) og prosjektleder Ronnie Jacobsen foran kunstverket til Whatson. Den andre veggen er dekorert av kunstneren Hama Woods.<\/figcaption><\/figure>\n\n\n\n<p>Det er Bernt Bisseth ved Galleri Bi-Z som har v\u00e6rt bindeleddet mellom Bl\u00e5 Kors Kristiansand og Whatson i forbindelse med kunstprosjektet.<\/p>\n\n\n\n<p>&#8211; Flere av v\u00e5re deltakere er rusmisbrukere som er synlige i gatebildet, og da passer street-artstilen godt til et prosjekt som dette i regi av oss, sier Ronnie Jacobsen i Bl\u00e5 Kors Kristiansand. Han har v\u00e6rt prosjektleder for kunstprosjektet.<\/p>\n\n\n\n<p>Pengene fra auksjonen skal uavkortet g\u00e5 til arbeidet for barn og unge som Bl\u00e5 Kors Kristiansand driver.<\/p>\n\n\n\n<p>Med bakgrunn i et krevende verdensbilde, har over tusen barn fra 6-12 \u00e5r i h\u00f8st laget sine egne, fantasifulle tolkninger og fargerike kunstverk av temaet \u00abSoria Moria \u2013 hvis jeg var konge eller dronning\u00bb.<\/p>\n\n\n\n<blockquote class=\"wp-block-quote is-style-default is-layout-flow wp-block-quote-is-layout-flow\">\n<p>&#8211; Bildene gir et spennende innblikk i hva som r\u00f8rer seg av tanker, kreativitet og kunstneriske uttrykk blant barn og unge i Kristiansand.<\/p>\n<cite><meta charset=\"utf-8\">Ronnie Jacobsen<\/cite><\/blockquote>\n\n\n\n<p>&#8211; Verdensbildet har i stor grad v\u00e6rt preget av pandemi og krig de siste to \u00e5rene. Dette har skapt bekymringer og uro blant mange barn. Kunstprosessen har derfor v\u00e6rt en positiv prosess for alle deltakere, der opplevelse, mestring, inkludering og mangfold har st\u00e5tt sentralt, sier Jacobsen.<\/p>\n\n\n\n<p>Som \u00f8nsker alle deltakere, familiemedlemmer og samarbeidspartnere hjertelig velkommen til storsl\u00e5tt vernissasje og kunstutstilling den 15. og 16. oktober. Der blir det selvsagt servert b\u00e5de kanapeer og champagnebrus.<\/p>\n\n\n\n<div class=\"wp-block-lib-header alignfull hide\"><div class=\"image-wrapper\"><img decoding=\"async\" src=\"https:\/\/www.blakors.no\/content\/uploads\/sites\/11\/2022\/10\/IMG_3898-scaled.jpg\"\/><\/div><div class=\"header-innercontent\">\n\n<\/div><\/div>\n<div class=\"article-meta--info\">\n<div class=\"dekode-module-was-this-helpful\">\n\t<div class=\"\">\n\t\t<h2>Var dette nyttig?<\/h2>\n\t\t<form id=\"dekode-wth-form\">\n\t\t\t<button id=\"dekode-wth-yes\" class=\"button\" name=\"dekode-wth-feedback\" type=\"submit\"\n\t\t\t\t\tvalue=\"1\">Ja<\/button>\n\t\t\t<button id=\"dekode-wth-no\" class=\"button\" name=\"dekode-wth-feedback\" type=\"submit\"\n\t\t\t\t\tvalue=\"0\">Nei<\/button>\n\t\t\t<input type=\"hidden\" name=\"post_id\" value=\"6166\"\/>\n\t\t<\/form>\n\t<\/div>\n<\/div>\n\n<div class=\"relations\">\n\t<div class=\"latest-updated\">\n\t\t<span class=\"label\">Senest oppdatert: <\/span>\n\t\t<span class=\"content\">03.01.2025<\/span>\n\t<\/div>\n\t<\/div>\n<\/div>","protected":false},"excerpt":{"rendered":"<p>Det jobbes konsentrert i klasserommet til klasse 7 A p\u00e5 Fagerholt skole. Farger er blitt blandet, og n\u00e5 skal det store maleriet som elevene har holdt p\u00e5 med, gj\u00f8res ferdig. Bildet skal stilles ut n\u00e5r Norges st\u00f8rste barnekunstutstilling finner sted p\u00e5 Christiansholm Festning 15. og 16. oktober. Av Ivar Eidsaa &#8211; Dette har v\u00e6rt moro [&hellip;]<\/p>\n","protected":false},"author":25,"featured_media":6168,"comment_status":"closed","ping_status":"closed","sticky":false,"template":"","format":"standard","meta":{"_acf_changed":false,"_relevanssi_hide_post":"","_relevanssi_hide_content":"","_relevanssi_pin_for_all":"on","_relevanssi_pin_keywords":"","_relevanssi_unpin_keywords":"","_relevanssi_related_keywords":"","_relevanssi_related_include_ids":"","_relevanssi_related_exclude_ids":"","_relevanssi_related_no_append":"","_relevanssi_related_not_related":"","_relevanssi_related_posts":"6241,7979,8916,4519,8323,8503","_relevanssi_noindex_reason":"","_custom_cards_description":"","footnotes":""},"categories":[1],"tags":[],"internal_tags":[],"class_list":["post-6166","post","type-post","status-publish","format-standard","has-post-thumbnail","hentry","category-ukategorisert"],"acf":[],"_links":{"self":[{"href":"https:\/\/www.blakors.no\/kristiansand\/wp-json\/wp\/v2\/posts\/6166","targetHints":{"allow":["GET"]}}],"collection":[{"href":"https:\/\/www.blakors.no\/kristiansand\/wp-json\/wp\/v2\/posts"}],"about":[{"href":"https:\/\/www.blakors.no\/kristiansand\/wp-json\/wp\/v2\/types\/post"}],"author":[{"embeddable":true,"href":"https:\/\/www.blakors.no\/kristiansand\/wp-json\/wp\/v2\/users\/25"}],"replies":[{"embeddable":true,"href":"https:\/\/www.blakors.no\/kristiansand\/wp-json\/wp\/v2\/comments?post=6166"}],"version-history":[{"count":5,"href":"https:\/\/www.blakors.no\/kristiansand\/wp-json\/wp\/v2\/posts\/6166\/revisions"}],"predecessor-version":[{"id":8581,"href":"https:\/\/www.blakors.no\/kristiansand\/wp-json\/wp\/v2\/posts\/6166\/revisions\/8581"}],"wp:featuredmedia":[{"embeddable":true,"href":"https:\/\/www.blakors.no\/kristiansand\/wp-json\/wp\/v2\/media\/6168"}],"wp:attachment":[{"href":"https:\/\/www.blakors.no\/kristiansand\/wp-json\/wp\/v2\/media?parent=6166"}],"wp:term":[{"taxonomy":"category","embeddable":true,"href":"https:\/\/www.blakors.no\/kristiansand\/wp-json\/wp\/v2\/categories?post=6166"},{"taxonomy":"post_tag","embeddable":true,"href":"https:\/\/www.blakors.no\/kristiansand\/wp-json\/wp\/v2\/tags?post=6166"},{"taxonomy":"internal_tags","embeddable":true,"href":"https:\/\/www.blakors.no\/kristiansand\/wp-json\/wp\/v2\/internal_tags?post=6166"}],"curies":[{"name":"wp","href":"https:\/\/api.w.org\/{rel}","templated":true}]}}