{"id":6224,"date":"2022-10-12T10:15:08","date_gmt":"2022-10-12T08:15:08","guid":{"rendered":"https:\/\/www.blakors.no\/kristiansand\/?p=6224"},"modified":"2022-10-12T10:15:09","modified_gmt":"2022-10-12T08:15:09","slug":"hva-er-konsekvensene-om-vi-ikke-lykkes-i-kampen-mot-mobbing","status":"publish","type":"post","link":"https:\/\/www.blakors.no\/kristiansand\/2022\/10\/12\/hva-er-konsekvensene-om-vi-ikke-lykkes-i-kampen-mot-mobbing\/","title":{"rendered":"Hva er konsekvensene om vi ikke lykkes i kampen mot mobbing?"},"content":{"rendered":"\n<p><strong>&#8211; Jeg h\u00e5per vi kan gi h\u00e5p og tro til deltakerne om at vi aldri m\u00e5 gi oss i kampen mot mobbing, og at det nytter. Konsekvensene er s\u00e5 store om vi ikke lykkes. Det sier Anette Gausdal, virksomhetsleder ved Bl\u00e5 Kors chat-senter i forkant av SnakkOmMobbing-konferansen som arrangeres 13. oktober i Kristiansand.<\/strong><\/p>\n\n\n\n<p>Av Ivar Eidsaa<\/p>\n\n\n\n<p>&#8211; Konferansen er for alle dem som jobber med barn og unge. Om man har oppgaver innen frivilligheten, er trener, jobber p\u00e5 barneverninstitusjon, om man er aktiv innen konfirmantarbeid, l\u00e6rere og alle andre som jobber i skoleverket, fremholder Gausdal.<\/p>\n\n\n\n<p>\u00c5rets konferanse er den andre i rekken som Bl\u00e5 Kors Chat-senter arrangerer, og Gausdal lover et innholdsrikt program.<\/p>\n\n\n\n<blockquote class=\"wp-block-quote is-style-default is-layout-flow wp-block-quote-is-layout-flow\"><p>&#8211; Vi vil presentere hva forskningen sier virker i kampen mot mobbing og hva barn og unge forteller oss i chat-samtalene.<\/p><cite>Anette Gausdal, virksomhetsleder ved Bl\u00e5 Kors chat-senter<\/cite><\/blockquote>\n\n\n\n<h2 class=\"wp-block-heading\" id=\"h-forteller-ikke-til-andre\">Forteller ikke til andre<\/h2>\n\n\n\n<p>&#8211; Mye av det barna forteller oss i chat-samtalene har de ofte aldri f\u00f8r fortalt til andre. Da har vi en plikt, en oppgave \u00e5 formidle deres stemme ut til skolene og samfunnet. De gangene vi har v\u00e6rt i dialog med skoler og i andre sammenhenger, har tilbakemeldingene ofte v\u00e6rt at deltakerne synes det er nyttig \u00e5 h\u00f8re hva barn og unge selv sier, samt at deltakerne kan f\u00e5 innspill hva som kan v\u00e6re nyttig og hensiktsmessig \u00e5 gj\u00f8re, sier hun videre.<\/p>\n\n\n\n<p>&#8211; Dette supplerer vi med historier fra Bl\u00e5 Kors, fortsetter hun.<\/p>\n\n\n\n<figure class=\"wp-block-image size-large\"><img loading=\"lazy\" decoding=\"async\" width=\"1024\" height=\"684\" src=\"https:\/\/www.blakors.no\/content\/uploads\/sites\/11\/2021\/01\/cs-ansattbilder-5-1024x684.jpg\" alt=\"Anette Gausdal\" class=\"wp-image-6108\" srcset=\"https:\/\/www.blakors.no\/content\/uploads\/sites\/11\/2021\/01\/cs-ansattbilder-5-1024x684.jpg 1024w, https:\/\/www.blakors.no\/content\/uploads\/sites\/11\/2021\/01\/cs-ansattbilder-5-300x200.jpg 300w, https:\/\/www.blakors.no\/content\/uploads\/sites\/11\/2021\/01\/cs-ansattbilder-5-768x513.jpg 768w, https:\/\/www.blakors.no\/content\/uploads\/sites\/11\/2021\/01\/cs-ansattbilder-5-1536x1026.jpg 1536w, https:\/\/www.blakors.no\/content\/uploads\/sites\/11\/2021\/01\/cs-ansattbilder-5-scaled.jpg 2048w\" sizes=\"auto, (max-width: 1024px) 100vw, 1024px\" \/><figcaption>&#8211; Konferansen er for alle dem som jobber med barn og unge. Jeg h\u00e5per vi kan gi h\u00e5p og tro til deltakerne om at vi aldri m\u00e5 gi oss i kampen mot mobbing, og at det nytter, sier Anette Gausdal, virksomhetsleder ved Bl\u00e5 Kors Chat-senter i forkant av SnakkOmMobbing-konferansen som arrangeres 13. oktober i Kristiansand.<\/figcaption><\/figure>\n\n\n\n<h2 id=\"var-selv-en-mobber\"  class=\"wp-block-heading\" >Var selv en mobber<\/h2>\n\n\n\n<p>En av historiene er med en deltaker i Bl\u00e5 Kors Steg for steg som selv var mobber i ungdommen, og hva konsekvensene er blitt av det. En kvinnelig deltaker ved Barnas Stasjon vil fortelle hvordan hennes egen mobbehistorie har p\u00e5virket hennes relasjon det hennes eget barn m\u00f8ter i skolehverdagen.<\/p>\n\n\n\n<p>&#8211; Det er mange triggere n\u00e5r en selv har en s\u00e5rbar historie, som gj\u00f8r at det kan bli vanskelig \u00e5 se hva som er mobbing og vanlig krangling mellom venner n\u00e5r dette skjer med ens eget barn. Da er det viktig at skolen m\u00f8ter henne p\u00e5 en riktig m\u00e5te, og er oppmerksomme p\u00e5 at det er noe mange voksne som selv er blitt mobbet, har det n\u00e5r ens eget barn kan oppleve det samme, sier Gausdal.<\/p>\n\n\n\n<h2 id=\"variert-program\"  class=\"wp-block-heading\" >Variert program<\/h2>\n\n\n\n<p>Konferanseprogrammet er variert. Et av innleggene handler om sosiale perspektiver, elevsyn, elevmedvirkning og skolens kjernevirksomhet. Et annet om n\u00e5r s\u00e5rbare foreldre m\u00f8ter mobbing og konsekvensene av dette. Forsker Ingrid Lunds innlegg vil handle om dialogens kraft i forebyggende arbeid mot mobbing, mens Selma T. Lyng, ogs\u00e5 hun forsker, vil si noe om gruppedynamikk i mobbingen, nye perspektiver p\u00e5 \u00e5rsaker, h\u00e5ndtering og forebygging.<\/p>\n\n\n\n<p>Anette Gausdal viser til at m\u00e5ten barn og unge mobber p\u00e5, har forandret seg mye de siste \u00e5rene. Mobbingen skjer mye mer skjult, og p\u00e5 de fleste skolene er tilfellene hvor en gjeng st\u00e5r og mobber en som st\u00e5r i midten, s\u00e5 \u00e5 si blitt frav\u00e6rende.<\/p>\n\n\n\n<p>Hun sier det \u00e5 holdes utenfor, oppleve stygge blikk, tisking og visking, er mye vanskeligere \u00e5 oppdage for oss voksne, og for barn og unge som opplever det, kan det v\u00e6re sv\u00e6rt vanskelig \u00e5 si noe om til foresatte og andre voksne.<\/p>\n\n\n\t<div class=\"custom-block-related-article \">\n\t\t\t<div class=\"image\">\n\t\t\t\t<a href=\"https:\/\/www.blakors.no\/kristiansand\/2018\/09\/14\/barn-som-mobbes-det-blir-bare-verre-om-jeg-sier-ifra\/\">\n\t\t\t\t<img loading=\"lazy\" decoding=\"async\" width=\"300\" height=\"200\" src=\"https:\/\/www.blakors.no\/content\/uploads\/sites\/11\/2018\/09\/Frode-Restad-Foto-Jarle-R.-Martinsen-300x200.jpg\" class=\"attachment-medium size-medium wp-post-image\" alt=\"Frode Restad Foto:Jarle R. Martinsen\/Fevennen\" srcset=\"https:\/\/www.blakors.no\/content\/uploads\/sites\/11\/2018\/09\/Frode-Restad-Foto-Jarle-R.-Martinsen-300x200.jpg 300w, https:\/\/www.blakors.no\/content\/uploads\/sites\/11\/2018\/09\/Frode-Restad-Foto-Jarle-R.-Martinsen-1024x683.jpg 1024w, https:\/\/www.blakors.no\/content\/uploads\/sites\/11\/2018\/09\/Frode-Restad-Foto-Jarle-R.-Martinsen-768x512.jpg 768w, https:\/\/www.blakors.no\/content\/uploads\/sites\/11\/2018\/09\/Frode-Restad-Foto-Jarle-R.-Martinsen-1536x1024.jpg 1536w, https:\/\/www.blakors.no\/content\/uploads\/sites\/11\/2018\/09\/Frode-Restad-Foto-Jarle-R.-Martinsen-scaled.jpg 2048w\" sizes=\"auto, (max-width: 300px) 100vw, 300px\" \/>\t\t\t\t<\/a>\n\t\t\t<\/div>\n\t\t\t<div class=\"content\">\n\t\t\t\t<a href=\"https:\/\/www.blakors.no\/kristiansand\/2018\/09\/14\/barn-som-mobbes-det-blir-bare-verre-om-jeg-sier-ifra\/\">\n\t\t\t\t<span class=\"label\">Les ogs\u00e5<\/span><h3 id=\"barn-som-mobbes-det-blir-bare-verre-om-jeg-sier-ifra\"  class=\"title\" >Barn som mobbes: \u00abDet blir bare verre om jeg sier ifra\u00bb<\/h3>\t\t\t\t<\/a>\n\t\t\t<\/div>\n\t<\/div>\n\t\n\n\n<h2 id=\"9-12-aringene-blir-mest-mobbet\"  class=\"wp-block-heading\" >9-12-\u00e5ringene blir mest mobbet<\/h2>\n\n\n\n<p>&#8211; Det h\u00f8res s\u00e5 bagatellmessig ut n\u00e5r noe slikt sies h\u00f8yt, men skjer det over tid, er det sv\u00e6rt alvorlig og krenkende for den som opplever noe slikt. Man f\u00f8ler seg skamfull, og man sp\u00f8r<\/p>\n\n\n\n<p>seg hva som er galt med en selv som gj\u00f8r at en ikke kommer inn i gjengen med de andre, sier hun.<\/p>\n\n\n\n<p>Den nasjonale Ungdata-junior-unders\u00f8kelsen, viser at det er barn i 9-12 \u00e5rsalderen som i st\u00f8rst grad opplever \u00e5 bli mobbet. Hun forklarer at skal skolen klare \u00e5 ta gode grep, er det viktig at l\u00e6rerne har en god relasjon til sine elever.<\/p>\n\n\n\n<p>&#8211; Det \u00e5 lytte til elevene slik at de f\u00f8ler seg h\u00f8rt, er avgj\u00f8rende. Det holder ikke bare \u00e5 h\u00f8re p\u00e5 det de sier, men ogs\u00e5 at de kan kjenne at det de har sagt betyr noe, sier Gausdal, og legger til at en autorativ l\u00e6rer som b\u00e5de tydelig og varm, er det det beste utgangspunktet n\u00e5r mobbesituasjoner skal h\u00e5ndteres.<\/p>\n\n\n\n<div class=\"wp-block-lib-header alignfull hide\"><div class=\"image-wrapper\"><img decoding=\"async\" src=\"https:\/\/www.blakors.no\/content\/uploads\/sites\/11\/2018\/09\/Salen-Foto-Jarle-R.-Martinsen-scaled.jpg\"\/><\/div><div class=\"header-innercontent\"><\/div><\/div>\n<div class=\"article-meta--info\">\n<div class=\"dekode-module-was-this-helpful\">\n\t<div class=\"\">\n\t\t<h2>Var dette nyttig?<\/h2>\n\t\t<form id=\"dekode-wth-form\">\n\t\t\t<button id=\"dekode-wth-yes\" class=\"button\" name=\"dekode-wth-feedback\" type=\"submit\"\n\t\t\t\t\tvalue=\"1\">Ja<\/button>\n\t\t\t<button id=\"dekode-wth-no\" class=\"button\" name=\"dekode-wth-feedback\" type=\"submit\"\n\t\t\t\t\tvalue=\"0\">Nei<\/button>\n\t\t\t<input type=\"hidden\" name=\"post_id\" value=\"6224\"\/>\n\t\t<\/form>\n\t<\/div>\n<\/div>\n\n<div class=\"relations\">\n\t<div class=\"latest-updated\">\n\t\t<span class=\"label\">Senest oppdatert: <\/span>\n\t\t<span class=\"content\">12.10.2022<\/span>\n\t<\/div>\n\t<\/div>\n<\/div>","protected":false},"excerpt":{"rendered":"<p>&#8211; Jeg h\u00e5per vi kan gi h\u00e5p og tro til deltakerne om at vi aldri m\u00e5 gi oss i kampen mot mobbing, og at det nytter. Konsekvensene er s\u00e5 store om vi ikke lykkes. Det sier Anette Gausdal, virksomhetsleder ved Bl\u00e5 Kors chat-senter i forkant av SnakkOmMobbing-konferansen som arrangeres 13. oktober i Kristiansand. Av Ivar [&hellip;]<\/p>\n","protected":false},"author":25,"featured_media":6227,"comment_status":"closed","ping_status":"closed","sticky":false,"template":"","format":"standard","meta":{"_acf_changed":false,"_relevanssi_hide_post":"","_relevanssi_hide_content":"","_relevanssi_pin_for_all":"on","_relevanssi_pin_keywords":"","_relevanssi_unpin_keywords":"","_relevanssi_related_keywords":"","_relevanssi_related_include_ids":"","_relevanssi_related_exclude_ids":"","_relevanssi_related_no_append":"","_relevanssi_related_not_related":"","_relevanssi_related_posts":"4519,2671,4095,4103,8265,4241","_relevanssi_noindex_reason":"","_custom_cards_description":"","footnotes":""},"categories":[5,18],"tags":[],"internal_tags":[],"class_list":["post-6224","post","type-post","status-publish","format-standard","has-post-thumbnail","hentry","category-bla-kors-kristiansand","category-snakk-om-mobbing"],"acf":[],"_links":{"self":[{"href":"https:\/\/www.blakors.no\/kristiansand\/wp-json\/wp\/v2\/posts\/6224","targetHints":{"allow":["GET"]}}],"collection":[{"href":"https:\/\/www.blakors.no\/kristiansand\/wp-json\/wp\/v2\/posts"}],"about":[{"href":"https:\/\/www.blakors.no\/kristiansand\/wp-json\/wp\/v2\/types\/post"}],"author":[{"embeddable":true,"href":"https:\/\/www.blakors.no\/kristiansand\/wp-json\/wp\/v2\/users\/25"}],"replies":[{"embeddable":true,"href":"https:\/\/www.blakors.no\/kristiansand\/wp-json\/wp\/v2\/comments?post=6224"}],"version-history":[{"count":2,"href":"https:\/\/www.blakors.no\/kristiansand\/wp-json\/wp\/v2\/posts\/6224\/revisions"}],"predecessor-version":[{"id":6231,"href":"https:\/\/www.blakors.no\/kristiansand\/wp-json\/wp\/v2\/posts\/6224\/revisions\/6231"}],"wp:featuredmedia":[{"embeddable":true,"href":"https:\/\/www.blakors.no\/kristiansand\/wp-json\/wp\/v2\/media\/6227"}],"wp:attachment":[{"href":"https:\/\/www.blakors.no\/kristiansand\/wp-json\/wp\/v2\/media?parent=6224"}],"wp:term":[{"taxonomy":"category","embeddable":true,"href":"https:\/\/www.blakors.no\/kristiansand\/wp-json\/wp\/v2\/categories?post=6224"},{"taxonomy":"post_tag","embeddable":true,"href":"https:\/\/www.blakors.no\/kristiansand\/wp-json\/wp\/v2\/tags?post=6224"},{"taxonomy":"internal_tags","embeddable":true,"href":"https:\/\/www.blakors.no\/kristiansand\/wp-json\/wp\/v2\/internal_tags?post=6224"}],"curies":[{"name":"wp","href":"https:\/\/api.w.org\/{rel}","templated":true}]}}