{"id":6898,"date":"2023-02-01T12:28:16","date_gmt":"2023-02-01T11:28:16","guid":{"rendered":"https:\/\/www.blakors.no\/kristiansand\/?p=6898"},"modified":"2023-05-10T12:28:39","modified_gmt":"2023-05-10T10:28:39","slug":"bla-kors-kristiansand-familien-samlet-under-samme-tak","status":"publish","type":"post","link":"https:\/\/www.blakors.no\/kristiansand\/2023\/02\/01\/bla-kors-kristiansand-familien-samlet-under-samme-tak\/","title":{"rendered":"Bl\u00e5 Kors Kristiansand-familien samlet under samme tak"},"content":{"rendered":"\n<p><strong>Store deler av Bl\u00e5 Kors-familien i Kristiansand er n\u00e5 samlet under samme tak i Gyldenl\u00f8vesgate.<\/strong><\/p>\n\n\n\n<p>Av Ivar Eidsaa<\/p>\n\n\n\n<p>De siste ti \u00e5rene har Bl\u00e5 Kors Kristiansand utvidet arbeidet betydelig. I takt med de store behovene som medarbeiderne m\u00f8ter, har nye tilbud kommet til, og flere nye medarbeidere likes\u00e5.<\/p>\n\n\n\n<blockquote class=\"wp-block-quote is-style-default is-layout-flow wp-block-quote-is-layout-flow\">\n<p>Helt siden 1909 har Bl\u00e5 Kors Kristiansand hatt sitt tilholdssted i Gyldenl\u00f8vesgate i Posebyen. <\/p>\n<\/blockquote>\n\n\n\n<p>Men etter hvert er det blitt trangt om plassen. S\u00e5 da muligheten b\u00f8d seg til \u00e5 leie lokaler i de gamle lokalene til Kristiansand Energiverk p\u00e5 Tangen, flytter flere av medarbeiderne inn der.<\/p>\n\n\n\n<p>I noen \u00e5r har Bl\u00e5 Kors ferier-staben, markeds- og fundraisingsavdelingen, samt administrasjonen v\u00e6rt \u00e5 finne p\u00e5 Tangen.<\/p>\n\n\n\n<p>S\u00f8gne-entrepren\u00f8ren Mur i S\u00f8r har kj\u00f8pt lokalene og har store planer for hvordan eiendommen skal utvikles. Dermed ble det behov for nye lokaler for Bl\u00e5 Kors Kristiansand sin del.<\/p>\n\n\n\n<blockquote class=\"wp-block-quote is-style-default is-layout-flow wp-block-quote-is-layout-flow\">\n<p>&#8211; Det blir en helt annen dynamikk n\u00e5r vi er samlet.<\/p>\n<cite>Daglig leder, Arvid Solheim<\/cite><\/blockquote>\n\n\n\n<p>I Gyldenl\u00f8vesgate er hybelhuset som ligger mellom Bl\u00e5 Kors barnas stasjon og det gamle administrasjonsbygget blitt bygget om. Hele 12 nye kontorer er kommet til. Den gamle &laquo;stallen&raquo; er blitt pusset opp og huser n\u00e5 Bl\u00e5 Kors ferier med fem kontorplasser, og i &laquo;Halvveishuset&raquo; er det kommer til 15 nye kontorplasser, samt fem i lokalene til Bl\u00e5 Kors ung.<\/p>\n\n\n\n<p>S\u00f8rlandets sykehus avd. ARA skal fortsette \u00e5 leie kontorer i &laquo;Halvveishuset&raquo;, eiendommen som ligger mellom Bl\u00e5 Kors-lokalene og Bl\u00e5 Kors barnas stasjon. Her skal ARA fortsette \u00e5 drive sin polikliniske behandling.<\/p>\n\n\n\n<p>&#8211; Det har betydd mye for milj\u00f8et og trivselen \u00e5 kunne samles under samme tak. N\u00e5 er det bare Bl\u00e5 Kors chat-senter som ikke er \u00e5 finne i Gyldenl\u00f8vesgate, sier daglig leder Arvid Solheim.<\/p>\n\n\n\n<figure class=\"wp-block-image alignright size-medium is-resized is-style-rounded\"><img decoding=\"async\" src=\"https:\/\/www.blakors.no\/content\/uploads\/sites\/11\/2023\/05\/Arvid-Solheim-edited.jpg\" alt=\"Arvid Solheim\" class=\"wp-image-6899\" width=\"314\" srcset=\"https:\/\/www.blakors.no\/content\/uploads\/sites\/11\/2023\/05\/Arvid-Solheim-edited.jpg 1825w, https:\/\/www.blakors.no\/content\/uploads\/sites\/11\/2023\/05\/Arvid-Solheim-edited-300x300.jpg 300w, https:\/\/www.blakors.no\/content\/uploads\/sites\/11\/2023\/05\/Arvid-Solheim-edited-1024x1024.jpg 1024w, https:\/\/www.blakors.no\/content\/uploads\/sites\/11\/2023\/05\/Arvid-Solheim-edited-150x150.jpg 150w, https:\/\/www.blakors.no\/content\/uploads\/sites\/11\/2023\/05\/Arvid-Solheim-edited-768x768.jpg 768w, https:\/\/www.blakors.no\/content\/uploads\/sites\/11\/2023\/05\/Arvid-Solheim-edited-1536x1536.jpg 1536w, https:\/\/www.blakors.no\/content\/uploads\/sites\/11\/2023\/05\/Arvid-Solheim-edited-200x200.jpg 200w\" sizes=\"(max-width: 1825px) 100vw, 1825px\" \/><figcaption class=\"wp-element-caption\">Arvid Solheim<\/figcaption><\/figure>\n\n\n\n<p>&#8211; Det blir en helt annen dynamikk n\u00e5r vi er samlet. Det blir lettere \u00e5 treffes, utveksle erfaringer og \u00e5 s\u00f8ke r\u00e5d hos hverandre. Treffpunktene er mange. Med M\u00f8teplassen i 1. etasje og nyoppussede lokaler i kjelleren, treffes medarbeidere, Tidgivere, brukere og andre bes\u00f8kende p\u00e5 en annen og bedre m\u00e5te, fremholder Solheim.<\/p>\n\n\n\n<p>&#8211; Vi har et utrolig godt samarbeid med ARA, hvor deltakerne kan bli med i de tilbudene Bl\u00e5 Kors driver i Kristiansand. Det blir lettere \u00e5 bygge et godt og trygt nettverk rundt dem, sier Arvid Solheim.<\/p>\n\n\n\n<div class=\"wp-block-lib-header alignfull hide\"><div class=\"image-wrapper\"><img decoding=\"async\" src=\"https:\/\/www.blakors.no\/content\/uploads\/sites\/11\/2021\/01\/Fasade-Bla\u030a-Kors-Kristiansand-scaled.jpg\" alt=\"header\" \/><\/div><div class=\"header-innercontent\"><\/div><\/div>\n<div class=\"article-meta--info\">\n<div class=\"dekode-module-was-this-helpful\">\n\t<div class=\"\">\n\t\t<h2>Var dette nyttig?<\/h2>\n\t\t<form id=\"dekode-wth-form\">\n\t\t\t<button id=\"dekode-wth-yes\" class=\"button\" name=\"dekode-wth-feedback\" type=\"submit\"\n\t\t\t\t\tvalue=\"1\">Ja<\/button>\n\t\t\t<button id=\"dekode-wth-no\" class=\"button\" name=\"dekode-wth-feedback\" type=\"submit\"\n\t\t\t\t\tvalue=\"0\">Nei<\/button>\n\t\t\t<input type=\"hidden\" name=\"post_id\" value=\"6898\"\/>\n\t\t<\/form>\n\t<\/div>\n<\/div>\n\n<div class=\"relations\">\n\t<div class=\"latest-updated\">\n\t\t<span class=\"label\">Senest oppdatert: <\/span>\n\t\t<span class=\"content\">10.05.2023<\/span>\n\t<\/div>\n\t<\/div>\n<\/div>","protected":false},"excerpt":{"rendered":"<p>Store deler av Bl\u00e5 Kors-familien i Kristiansand er n\u00e5 samlet under samme tak i Gyldenl\u00f8vesgate. Av Ivar Eidsaa De siste ti \u00e5rene har Bl\u00e5 Kors Kristiansand utvidet arbeidet betydelig. I takt med de store behovene som medarbeiderne m\u00f8ter, har nye tilbud kommet til, og flere nye medarbeidere likes\u00e5. Helt siden 1909 har Bl\u00e5 Kors Kristiansand [&hellip;]<\/p>\n","protected":false},"author":25,"featured_media":3940,"comment_status":"closed","ping_status":"closed","sticky":false,"template":"","format":"standard","meta":{"_acf_changed":false,"_relevanssi_hide_post":"","_relevanssi_hide_content":"","_relevanssi_pin_for_all":"on","_relevanssi_pin_keywords":"","_relevanssi_unpin_keywords":"","_relevanssi_related_keywords":"","_relevanssi_related_include_ids":"","_relevanssi_related_exclude_ids":"","_relevanssi_related_no_append":"","_relevanssi_related_not_related":"","_relevanssi_related_posts":"3765,6031,9040,6920,6613,8393","_relevanssi_noindex_reason":"","_custom_cards_description":"","footnotes":""},"categories":[5],"tags":[],"internal_tags":[],"class_list":["post-6898","post","type-post","status-publish","format-standard","has-post-thumbnail","hentry","category-bla-kors-kristiansand"],"acf":[],"_links":{"self":[{"href":"https:\/\/www.blakors.no\/kristiansand\/wp-json\/wp\/v2\/posts\/6898","targetHints":{"allow":["GET"]}}],"collection":[{"href":"https:\/\/www.blakors.no\/kristiansand\/wp-json\/wp\/v2\/posts"}],"about":[{"href":"https:\/\/www.blakors.no\/kristiansand\/wp-json\/wp\/v2\/types\/post"}],"author":[{"embeddable":true,"href":"https:\/\/www.blakors.no\/kristiansand\/wp-json\/wp\/v2\/users\/25"}],"replies":[{"embeddable":true,"href":"https:\/\/www.blakors.no\/kristiansand\/wp-json\/wp\/v2\/comments?post=6898"}],"version-history":[{"count":1,"href":"https:\/\/www.blakors.no\/kristiansand\/wp-json\/wp\/v2\/posts\/6898\/revisions"}],"predecessor-version":[{"id":6900,"href":"https:\/\/www.blakors.no\/kristiansand\/wp-json\/wp\/v2\/posts\/6898\/revisions\/6900"}],"wp:featuredmedia":[{"embeddable":true,"href":"https:\/\/www.blakors.no\/kristiansand\/wp-json\/wp\/v2\/media\/3940"}],"wp:attachment":[{"href":"https:\/\/www.blakors.no\/kristiansand\/wp-json\/wp\/v2\/media?parent=6898"}],"wp:term":[{"taxonomy":"category","embeddable":true,"href":"https:\/\/www.blakors.no\/kristiansand\/wp-json\/wp\/v2\/categories?post=6898"},{"taxonomy":"post_tag","embeddable":true,"href":"https:\/\/www.blakors.no\/kristiansand\/wp-json\/wp\/v2\/tags?post=6898"},{"taxonomy":"internal_tags","embeddable":true,"href":"https:\/\/www.blakors.no\/kristiansand\/wp-json\/wp\/v2\/internal_tags?post=6898"}],"curies":[{"name":"wp","href":"https:\/\/api.w.org\/{rel}","templated":true}]}}