{"id":7342,"date":"2023-09-11T12:58:25","date_gmt":"2023-09-11T10:58:25","guid":{"rendered":"https:\/\/www.blakors.no\/kristiansand\/?p=7342"},"modified":"2023-09-11T12:58:27","modified_gmt":"2023-09-11T10:58:27","slug":"lop-med-mening-jeg-foler-dette-er-en-seier-for-bla-kors","status":"publish","type":"post","link":"https:\/\/www.blakors.no\/kristiansand\/2023\/09\/11\/lop-med-mening-jeg-foler-dette-er-en-seier-for-bla-kors\/","title":{"rendered":"L\u00f8p med mening: &#8211; Jeg f\u00f8ler dette er en seier for Bl\u00e5 Kors!"},"content":{"rendered":"\n<p><strong>&#8211; Jeg f\u00f8ler dette er en seier for Bl\u00e5 Kors, smilte en forn\u00f8yd Rolf K\u00e5fjord fra S\u00f8rlandskj\u00f8kken i S\u00f8gne, da han krysset m\u00e5lstreken i L\u00f8p med mening, et showl\u00f8p arrangert s\u00f8ndag av Bl\u00e5 Kors Kristiansand for \u00e5 skaffe til veie midler til arbeidet som drives. Og da summene var lagt sammen, hadde deltakerne l\u00f8pt inn hele 146.000 kroner til Bl\u00e5 Kors!<\/strong><\/p>\n\n\n\n<p>Av Ivar Eidsaa<\/p>\n\n\n\n<p>Innsatsen var stor da mange kjendiser, sportsprofiler, bedriftseiere, influensere, politikere og andre gjennomf\u00f8rte L\u00f8p med mening s\u00f8ndag.<\/p>\n\n\n\n<p>En av dem som representerte sponsorer var 70 \u00e5r gamle Rolf K\u00e5fjord fra S\u00f8rlandskj\u00f8kken i S\u00f8gne.<\/p>\n\n\n\n<p>&#8211; Det var g\u00f8y, det var varmt, og det var fint \u00e5 bidra, sa K\u00e5fjord noen minutter etter at han og de andre deltakerne hadde l\u00f8pt runde for runde p\u00e5 Kristiansand stadion, og med en rekke andre \u00f8velser og aktiviteter som Bl\u00e5 Kors Kristiansand hadde lagt opp til.<\/p>\n\n\n\n<p>P\u00e5 sp\u00f8rsm\u00e5l om hva han f\u00f8lte n\u00e5, f\u00e5 minutter etter \u00e5 ha krysset m\u00e5lstreken, kom svaret kontant:<\/p>\n\n\n\n<figure class=\"wp-block-image size-large\"><img loading=\"lazy\" decoding=\"async\" width=\"1024\" height=\"683\" src=\"https:\/\/www.blakors.no\/content\/uploads\/sites\/11\/2023\/09\/Monica-Nyhus-1024x683.jpg\" alt=\"Influenser Monica Nyhus og Rolf K\u00e5fjord\" class=\"wp-image-7363\" srcset=\"https:\/\/www.blakors.no\/content\/uploads\/sites\/11\/2023\/09\/Monica-Nyhus-1024x683.jpg 1024w, https:\/\/www.blakors.no\/content\/uploads\/sites\/11\/2023\/09\/Monica-Nyhus-300x200.jpg 300w, https:\/\/www.blakors.no\/content\/uploads\/sites\/11\/2023\/09\/Monica-Nyhus-768x512.jpg 768w, https:\/\/www.blakors.no\/content\/uploads\/sites\/11\/2023\/09\/Monica-Nyhus-1536x1024.jpg 1536w, https:\/\/www.blakors.no\/content\/uploads\/sites\/11\/2023\/09\/Monica-Nyhus-scaled.jpg 2048w\" sizes=\"auto, (max-width: 1024px) 100vw, 1024px\" \/><figcaption class=\"wp-element-caption\">Influenser Monica Nyhus og Rolf K\u00e5fjord<\/figcaption><\/figure>\n\n\n\n<p><strong>&#8211; En seier for Bl\u00e5 Kors!<\/strong><\/p>\n\n\n\n<p>&#8211; Jeg f\u00f8ler dette var en seier for Bl\u00e5 Kors!<\/p>\n\n\n\n<p>Nils Olav Larsen, KrF-ordf\u00f8reren fra Vennesla, var ogs\u00e5 med.<\/p>\n\n\n\n<p>&#8211; Jeg var med p\u00e5 et terrengl\u00f8p i g\u00e5r p\u00e5 4,5 kilometer. Det gikk bra, da jeg kom i m\u00e5l hadde jeg ingen bak meg, for han som l\u00f8p bak meg, hadde gitt seg, lo Larsen f\u00f8r l\u00f8pet tok til.<\/p>\n\n\n\n<figure class=\"wp-block-image size-large\"><img loading=\"lazy\" decoding=\"async\" width=\"1024\" height=\"683\" src=\"https:\/\/www.blakors.no\/content\/uploads\/sites\/11\/2023\/09\/Nils-Olav-Larsen-1024x683.jpg\" alt=\"Ordf\u00f8rer i Vennesla Nils Olav Larsen\" class=\"wp-image-7343\" srcset=\"https:\/\/www.blakors.no\/content\/uploads\/sites\/11\/2023\/09\/Nils-Olav-Larsen-1024x683.jpg 1024w, https:\/\/www.blakors.no\/content\/uploads\/sites\/11\/2023\/09\/Nils-Olav-Larsen-300x200.jpg 300w, https:\/\/www.blakors.no\/content\/uploads\/sites\/11\/2023\/09\/Nils-Olav-Larsen-768x512.jpg 768w, https:\/\/www.blakors.no\/content\/uploads\/sites\/11\/2023\/09\/Nils-Olav-Larsen-1536x1024.jpg 1536w, https:\/\/www.blakors.no\/content\/uploads\/sites\/11\/2023\/09\/Nils-Olav-Larsen-scaled.jpg 2048w\" sizes=\"auto, (max-width: 1024px) 100vw, 1024px\" \/><figcaption class=\"wp-element-caption\">Ordf\u00f8rer i Vennesla Nils Olav Larsen<\/figcaption><\/figure>\n\n\n\n<p>&#8211; Jeg har prikket inn toppformen til i dag og har gjennomf\u00f8rt noen turer til Moseidvarden for \u00e5 toppe formen, la han til.<\/p>\n\n\n\n<p>Da l\u00f8petimen var over, viste tallene at Larsen hadde gjennomf\u00f8rt hele 21 runder p\u00e5 en time.<\/p>\n\n\n\n<p>Ogs\u00e5 Trond Moi, kjent restauranteier og TV-deltaker, kunne fortelle at han stilte godt forberedt.<\/p>\n\n\n\n<p><strong>Har trent nesten hver dag<\/strong><\/p>\n\n\n\n<p>&#8211; Jeg har trent nesten hver dag; nesten mandag, nesten tirsdag og nesten onsdag!<\/p>\n\n\n\n<figure class=\"wp-block-image size-large\"><img loading=\"lazy\" decoding=\"async\" width=\"1024\" height=\"683\" src=\"https:\/\/www.blakors.no\/content\/uploads\/sites\/11\/2023\/09\/Trond-Moi-1024x683.jpg\" alt=\"Mesterkokken Trond Moi\" class=\"wp-image-7346\" srcset=\"https:\/\/www.blakors.no\/content\/uploads\/sites\/11\/2023\/09\/Trond-Moi-1024x683.jpg 1024w, https:\/\/www.blakors.no\/content\/uploads\/sites\/11\/2023\/09\/Trond-Moi-300x200.jpg 300w, https:\/\/www.blakors.no\/content\/uploads\/sites\/11\/2023\/09\/Trond-Moi-768x512.jpg 768w, https:\/\/www.blakors.no\/content\/uploads\/sites\/11\/2023\/09\/Trond-Moi-1536x1024.jpg 1536w, https:\/\/www.blakors.no\/content\/uploads\/sites\/11\/2023\/09\/Trond-Moi-scaled.jpg 2048w\" sizes=\"auto, (max-width: 1024px) 100vw, 1024px\" \/><figcaption class=\"wp-element-caption\">Mesterkokken Trond Moi<\/figcaption><\/figure>\n\n\n\n<p>Influenser Monica Nyhus og ektemannen Chris Nyhus stilte ogs\u00e5 til start. P\u00e5 sp\u00f8rsm\u00e5l om hun hadde som m\u00e5l \u00e5 sl\u00e5 ektemannen, var svaret klart:<\/p>\n\n\n\n<p>&#8211; Chris er irriterende god i ganske mye, s\u00e5 jeg m\u00e5 ha som m\u00e5l \u00e5 sl\u00e5 ham i noen av aktivitetene underveis, smilte hun.<\/p>\n\n\n\n<p>Underveis i l\u00f8pet var det lagt inn flere ulike aktiviteter: Gjette p\u00e5 hvilket navn som stod p\u00e5 plakaten som deltakerne holdt opp med ja- og nei-sp\u00f8rsm\u00e5l til publikum, kast p\u00e5 boks, treffe med ballene p\u00e5 stigegolfspill, balansere med bordtennisball i skje og \u00e5 g\u00e5 med en appelsin mellom kn\u00e6rne, som noen eksempler.<\/p>\n\n\n\n<figure class=\"wp-block-image size-large\"><img loading=\"lazy\" decoding=\"async\" width=\"1024\" height=\"683\" src=\"https:\/\/www.blakors.no\/content\/uploads\/sites\/11\/2023\/09\/Margit-Dale-1024x683.jpg\" alt=\"Margit Dale i gang med \u00e5 kaste p\u00e5 boks\" class=\"wp-image-7355\" srcset=\"https:\/\/www.blakors.no\/content\/uploads\/sites\/11\/2023\/09\/Margit-Dale-1024x683.jpg 1024w, https:\/\/www.blakors.no\/content\/uploads\/sites\/11\/2023\/09\/Margit-Dale-300x200.jpg 300w, https:\/\/www.blakors.no\/content\/uploads\/sites\/11\/2023\/09\/Margit-Dale-768x512.jpg 768w, https:\/\/www.blakors.no\/content\/uploads\/sites\/11\/2023\/09\/Margit-Dale-1536x1024.jpg 1536w, https:\/\/www.blakors.no\/content\/uploads\/sites\/11\/2023\/09\/Margit-Dale-scaled.jpg 2048w\" sizes=\"auto, (max-width: 1024px) 100vw, 1024px\" \/><figcaption class=\"wp-element-caption\">Margit Dale i gang med \u00e5 kaste p\u00e5 boks<\/figcaption><\/figure>\n\n\n\n<p><strong>L\u00f8p 30 runder!<\/strong><\/p>\n\n\n\n<p>Solen stekte godt, og mange m\u00e5tte avkj\u00f8le seg med vann underveis. Men felles for alle, var stor innsats og vilje til \u00e5 bidra.<\/p>\n\n\n\n<p>Svein Erik Bjorvand leverte virkelig varene, med 30 runder i l\u00f8pet av l\u00f8petimen.<\/p>\n\n\n\n<p>Bjorvand var i en klasse for seg, kanskje ikke s\u00e5 rart, ettersom han ofte deltar p\u00e5 b\u00e5de halvmaraton og helmaraton.<\/p>\n\n\n\n<figure class=\"wp-block-image size-large\"><img loading=\"lazy\" decoding=\"async\" width=\"1024\" height=\"683\" src=\"https:\/\/www.blakors.no\/content\/uploads\/sites\/11\/2023\/09\/Chris-Nyhus-t.v-Svein-Erik-Bjorvand-og-Stian-Reinhartsen-1024x683.jpg\" alt=\"Vinneren Svein Erik Bjorvand, flankert med Chris Nyhus p\u00e5 2. plass og Stian Reinhartsen p\u00e5 3. plass.\" class=\"wp-image-7344\" srcset=\"https:\/\/www.blakors.no\/content\/uploads\/sites\/11\/2023\/09\/Chris-Nyhus-t.v-Svein-Erik-Bjorvand-og-Stian-Reinhartsen-1024x683.jpg 1024w, https:\/\/www.blakors.no\/content\/uploads\/sites\/11\/2023\/09\/Chris-Nyhus-t.v-Svein-Erik-Bjorvand-og-Stian-Reinhartsen-300x200.jpg 300w, https:\/\/www.blakors.no\/content\/uploads\/sites\/11\/2023\/09\/Chris-Nyhus-t.v-Svein-Erik-Bjorvand-og-Stian-Reinhartsen-768x512.jpg 768w, https:\/\/www.blakors.no\/content\/uploads\/sites\/11\/2023\/09\/Chris-Nyhus-t.v-Svein-Erik-Bjorvand-og-Stian-Reinhartsen-1536x1024.jpg 1536w, https:\/\/www.blakors.no\/content\/uploads\/sites\/11\/2023\/09\/Chris-Nyhus-t.v-Svein-Erik-Bjorvand-og-Stian-Reinhartsen-scaled.jpg 2048w\" sizes=\"auto, (max-width: 1024px) 100vw, 1024px\" \/><figcaption class=\"wp-element-caption\">Vinneren Svein Erik Bjorvand, flankert med Chris Nyhus p\u00e5 2. plass og Stian Reinhartsen p\u00e5 3. plass.<\/figcaption><\/figure>\n\n\n\n<p>Nils Olav Larsen var godt forn\u00f8yd med \u00e5 passere m\u00e5lstreken da timen var over.<\/p>\n\n\n\n<p>&#8211; Jeg h\u00e5per pulsen kommer ned i l\u00f8pet av kvelden. Det var verre \u00e5 delta enn jeg trodde. Hver runde var dobbel s\u00e5 lang som den s\u00e5 ut p\u00e5 forh\u00e5nd. Men det er g\u00f8y \u00e5 kunne bidra til en god sak, sa Nils Olav Larsen.<\/p>\n\n\n\n<figure class=\"wp-block-image size-large\"><img loading=\"lazy\" decoding=\"async\" width=\"1024\" height=\"683\" src=\"https:\/\/www.blakors.no\/content\/uploads\/sites\/11\/2023\/09\/Nils-Olav-Larsen-2-1024x683.jpg\" alt=\"Nils Olav Larsen fors\u00f8ker \u00e5 f\u00e5 et strikk ned til halsen, uten \u00e5 bruke hendene.\" class=\"wp-image-7354\" srcset=\"https:\/\/www.blakors.no\/content\/uploads\/sites\/11\/2023\/09\/Nils-Olav-Larsen-2-1024x683.jpg 1024w, https:\/\/www.blakors.no\/content\/uploads\/sites\/11\/2023\/09\/Nils-Olav-Larsen-2-300x200.jpg 300w, https:\/\/www.blakors.no\/content\/uploads\/sites\/11\/2023\/09\/Nils-Olav-Larsen-2-768x512.jpg 768w, https:\/\/www.blakors.no\/content\/uploads\/sites\/11\/2023\/09\/Nils-Olav-Larsen-2-1536x1024.jpg 1536w, https:\/\/www.blakors.no\/content\/uploads\/sites\/11\/2023\/09\/Nils-Olav-Larsen-2-scaled.jpg 2048w\" sizes=\"auto, (max-width: 1024px) 100vw, 1024px\" \/><figcaption class=\"wp-element-caption\">Nils Olav Larsen fors\u00f8ker \u00e5 f\u00e5 et strikk ned til halsen, uten \u00e5 bruke hendene.<\/figcaption><\/figure>\n\n\n\n<p>Henning Reme, markedssjef i Bl\u00e5 Kors Kristiansand, sa seg meget godt forn\u00f8yd med innsatsen til deltakerne.<\/p>\n\n\n\n<p>&#8211; De har imponert med stor innsats. Tusen takk til alle som har v\u00e6rt med, og til sponsorene S\u00f8rlandskj\u00f8kken, Spiss arkitektur, S\u00f8rlandsadvokatene, Viego Regnskap, Asbj\u00f8rnsen Holding, Mosvold &amp; Co, Checkin, Brandsdal Group, Mestermal og Lyskomponenter som har v\u00e6rt med sponsor, sa Reme til de mange fremm\u00f8tte etter l\u00f8pet.<\/p>\n\n\n\n<p>Bildegalleri:<\/p>\n\n\n\n<figure class=\"wp-block-image size-large\"><img loading=\"lazy\" decoding=\"async\" width=\"1024\" height=\"683\" src=\"https:\/\/www.blakors.no\/content\/uploads\/sites\/11\/2023\/09\/Trond-Moi-og-Gunnar-Stavrum-Jan-Oddvar-Skisland-1024x683.jpg\" alt=\"\" class=\"wp-image-7365\" srcset=\"https:\/\/www.blakors.no\/content\/uploads\/sites\/11\/2023\/09\/Trond-Moi-og-Gunnar-Stavrum-Jan-Oddvar-Skisland-1024x683.jpg 1024w, https:\/\/www.blakors.no\/content\/uploads\/sites\/11\/2023\/09\/Trond-Moi-og-Gunnar-Stavrum-Jan-Oddvar-Skisland-300x200.jpg 300w, https:\/\/www.blakors.no\/content\/uploads\/sites\/11\/2023\/09\/Trond-Moi-og-Gunnar-Stavrum-Jan-Oddvar-Skisland-768x512.jpg 768w, https:\/\/www.blakors.no\/content\/uploads\/sites\/11\/2023\/09\/Trond-Moi-og-Gunnar-Stavrum-Jan-Oddvar-Skisland-1536x1024.jpg 1536w, https:\/\/www.blakors.no\/content\/uploads\/sites\/11\/2023\/09\/Trond-Moi-og-Gunnar-Stavrum-Jan-Oddvar-Skisland-scaled.jpg 2048w\" sizes=\"auto, (max-width: 1024px) 100vw, 1024px\" \/><figcaption class=\"wp-element-caption\">Trond Moi, Gunnar Stavrum og Jan Oddvar Skisland f\u00f8r l\u00f8pet.<\/figcaption><\/figure>\n\n\n\n<figure class=\"wp-block-image size-large\"><img loading=\"lazy\" decoding=\"async\" width=\"1024\" height=\"683\" src=\"https:\/\/www.blakors.no\/content\/uploads\/sites\/11\/2023\/09\/Trond-Moi-og-Margit-Dale-1024x683.jpg\" alt=\"\" class=\"wp-image-7364\" srcset=\"https:\/\/www.blakors.no\/content\/uploads\/sites\/11\/2023\/09\/Trond-Moi-og-Margit-Dale-1024x683.jpg 1024w, https:\/\/www.blakors.no\/content\/uploads\/sites\/11\/2023\/09\/Trond-Moi-og-Margit-Dale-300x200.jpg 300w, https:\/\/www.blakors.no\/content\/uploads\/sites\/11\/2023\/09\/Trond-Moi-og-Margit-Dale-768x512.jpg 768w, https:\/\/www.blakors.no\/content\/uploads\/sites\/11\/2023\/09\/Trond-Moi-og-Margit-Dale-1536x1024.jpg 1536w, https:\/\/www.blakors.no\/content\/uploads\/sites\/11\/2023\/09\/Trond-Moi-og-Margit-Dale-scaled.jpg 2048w\" sizes=\"auto, (max-width: 1024px) 100vw, 1024px\" \/><figcaption class=\"wp-element-caption\">Trond Moi, Margit Dale og Jan Oddvar Skisland f\u00f8r l\u00f8pet.<\/figcaption><\/figure>\n\n\n\n<figure class=\"wp-block-image size-large\"><img loading=\"lazy\" decoding=\"async\" width=\"1024\" height=\"683\" src=\"https:\/\/www.blakors.no\/content\/uploads\/sites\/11\/2023\/09\/Einar-Ogrey-Brandsdal-1024x683.jpg\" alt=\"Einar \u00d8grey Bransdal viste imponerende form.\" class=\"wp-image-7362\" srcset=\"https:\/\/www.blakors.no\/content\/uploads\/sites\/11\/2023\/09\/Einar-Ogrey-Brandsdal-1024x683.jpg 1024w, https:\/\/www.blakors.no\/content\/uploads\/sites\/11\/2023\/09\/Einar-Ogrey-Brandsdal-300x200.jpg 300w, https:\/\/www.blakors.no\/content\/uploads\/sites\/11\/2023\/09\/Einar-Ogrey-Brandsdal-768x512.jpg 768w, https:\/\/www.blakors.no\/content\/uploads\/sites\/11\/2023\/09\/Einar-Ogrey-Brandsdal-1536x1024.jpg 1536w, https:\/\/www.blakors.no\/content\/uploads\/sites\/11\/2023\/09\/Einar-Ogrey-Brandsdal-scaled.jpg 2048w\" sizes=\"auto, (max-width: 1024px) 100vw, 1024px\" \/><figcaption class=\"wp-element-caption\">Einar \u00d8grey Bransdal viste imponerende form.<\/figcaption><\/figure>\n\n\n\n<figure class=\"wp-block-image size-large\"><img loading=\"lazy\" decoding=\"async\" width=\"1024\" height=\"683\" src=\"https:\/\/www.blakors.no\/content\/uploads\/sites\/11\/2023\/09\/Jan-Erik-Gino-Bless-Maeland-1024x683.jpg\" alt=\"Artist Jan Erik \u00abGino Bless\u00bb M\u00e6land.\" class=\"wp-image-7361\" srcset=\"https:\/\/www.blakors.no\/content\/uploads\/sites\/11\/2023\/09\/Jan-Erik-Gino-Bless-Maeland-1024x683.jpg 1024w, https:\/\/www.blakors.no\/content\/uploads\/sites\/11\/2023\/09\/Jan-Erik-Gino-Bless-Maeland-300x200.jpg 300w, https:\/\/www.blakors.no\/content\/uploads\/sites\/11\/2023\/09\/Jan-Erik-Gino-Bless-Maeland-768x512.jpg 768w, https:\/\/www.blakors.no\/content\/uploads\/sites\/11\/2023\/09\/Jan-Erik-Gino-Bless-Maeland-1536x1024.jpg 1536w, https:\/\/www.blakors.no\/content\/uploads\/sites\/11\/2023\/09\/Jan-Erik-Gino-Bless-Maeland-scaled.jpg 2048w\" sizes=\"auto, (max-width: 1024px) 100vw, 1024px\" \/><figcaption class=\"wp-element-caption\">Artist Jan Erik \u00abGino Bless\u00bb M\u00e6land.<\/figcaption><\/figure>\n\n\n\n<figure class=\"wp-block-image size-large\"><img loading=\"lazy\" decoding=\"async\" width=\"1024\" height=\"683\" src=\"https:\/\/www.blakors.no\/content\/uploads\/sites\/11\/2023\/09\/Svein-Erik-Bjorvand-og-Kristian-Thomassen-1024x683.jpg\" alt=\"Svein Erik Bjorvand og Kristian Thomassen.\" class=\"wp-image-7360\" srcset=\"https:\/\/www.blakors.no\/content\/uploads\/sites\/11\/2023\/09\/Svein-Erik-Bjorvand-og-Kristian-Thomassen-1024x683.jpg 1024w, https:\/\/www.blakors.no\/content\/uploads\/sites\/11\/2023\/09\/Svein-Erik-Bjorvand-og-Kristian-Thomassen-300x200.jpg 300w, https:\/\/www.blakors.no\/content\/uploads\/sites\/11\/2023\/09\/Svein-Erik-Bjorvand-og-Kristian-Thomassen-768x512.jpg 768w, https:\/\/www.blakors.no\/content\/uploads\/sites\/11\/2023\/09\/Svein-Erik-Bjorvand-og-Kristian-Thomassen-1536x1024.jpg 1536w, https:\/\/www.blakors.no\/content\/uploads\/sites\/11\/2023\/09\/Svein-Erik-Bjorvand-og-Kristian-Thomassen-scaled.jpg 2048w\" sizes=\"auto, (max-width: 1024px) 100vw, 1024px\" \/><figcaption class=\"wp-element-caption\">Svein Erik Bjorvand og Kristian Thomassen.<\/figcaption><\/figure>\n\n\n\n<figure class=\"wp-block-image size-large\"><img loading=\"lazy\" decoding=\"async\" width=\"1024\" height=\"683\" src=\"https:\/\/www.blakors.no\/content\/uploads\/sites\/11\/2023\/09\/Helene-Axelsen-1024x683.jpg\" alt=\"Helene Axelsen\" class=\"wp-image-7359\" srcset=\"https:\/\/www.blakors.no\/content\/uploads\/sites\/11\/2023\/09\/Helene-Axelsen-1024x683.jpg 1024w, https:\/\/www.blakors.no\/content\/uploads\/sites\/11\/2023\/09\/Helene-Axelsen-300x200.jpg 300w, https:\/\/www.blakors.no\/content\/uploads\/sites\/11\/2023\/09\/Helene-Axelsen-768x512.jpg 768w, https:\/\/www.blakors.no\/content\/uploads\/sites\/11\/2023\/09\/Helene-Axelsen-1536x1024.jpg 1536w, https:\/\/www.blakors.no\/content\/uploads\/sites\/11\/2023\/09\/Helene-Axelsen-scaled.jpg 2048w\" sizes=\"auto, (max-width: 1024px) 100vw, 1024px\" \/><figcaption class=\"wp-element-caption\">Helene Axelsen<\/figcaption><\/figure>\n\n\n\n<figure class=\"wp-block-image size-large\"><img loading=\"lazy\" decoding=\"async\" width=\"1024\" height=\"683\" src=\"https:\/\/www.blakors.no\/content\/uploads\/sites\/11\/2023\/09\/Lagbilde-1024x683.jpg\" alt=\"Lagbilde med profilene som deltok\" class=\"wp-image-7358\" srcset=\"https:\/\/www.blakors.no\/content\/uploads\/sites\/11\/2023\/09\/Lagbilde-1024x683.jpg 1024w, https:\/\/www.blakors.no\/content\/uploads\/sites\/11\/2023\/09\/Lagbilde-300x200.jpg 300w, https:\/\/www.blakors.no\/content\/uploads\/sites\/11\/2023\/09\/Lagbilde-768x512.jpg 768w, https:\/\/www.blakors.no\/content\/uploads\/sites\/11\/2023\/09\/Lagbilde-1536x1024.jpg 1536w, https:\/\/www.blakors.no\/content\/uploads\/sites\/11\/2023\/09\/Lagbilde-scaled.jpg 2048w\" sizes=\"auto, (max-width: 1024px) 100vw, 1024px\" \/><figcaption class=\"wp-element-caption\">Alle deltakerne f\u00f8r l\u00f8pet startet.: Bak fra venstre: Vennesla-ordf\u00f8rer Nils Olav Larsen, influenser Chris Nyhus, artist Jan Erik \u00abGino Bless\u00bb M\u00e6land, NRK-journalist Siv Kristin S\u00e6llmann, markedsf\u00f8rer Stian Reinhartsen, eier av Bransdal Group Einar \u00d8grey Brandsdal, redakt\u00f8r i KRS Gunnar Stavrum, arkitekt Svein Erik Bjorvand i Spiss arkitektur, og biolog i Kristiansand Dyrepark Helene Axelsen.\nForan fra venstre: Kristiansands ordf\u00f8rer Jan Oddvar Skisland, influenser Monica Nyhus, kjendiskokk og TV-kjendis Trond Moi, eiendomsutvikler Kurt Mosvold, politiker og matblogger Margit Dale, journalist i F\u00e6drelandsvennen Jim Rune Bjorvand, daglig leder i Lyskomponenter Kai Arne Arnesen og markedsf\u00f8rer Kristian Thomassen.<\/figcaption><\/figure>\n\n\n\n<figure class=\"wp-block-image size-large\"><img loading=\"lazy\" decoding=\"async\" width=\"1024\" height=\"683\" src=\"https:\/\/www.blakors.no\/content\/uploads\/sites\/11\/2023\/09\/Gater-1024x683.jpg\" alt=\"En av \u00f8velsene var \u00e5 svare p\u00e5 en g\u00e5te.\" class=\"wp-image-7357\" srcset=\"https:\/\/www.blakors.no\/content\/uploads\/sites\/11\/2023\/09\/Gater-1024x683.jpg 1024w, https:\/\/www.blakors.no\/content\/uploads\/sites\/11\/2023\/09\/Gater-300x200.jpg 300w, https:\/\/www.blakors.no\/content\/uploads\/sites\/11\/2023\/09\/Gater-768x512.jpg 768w, https:\/\/www.blakors.no\/content\/uploads\/sites\/11\/2023\/09\/Gater-1536x1024.jpg 1536w, https:\/\/www.blakors.no\/content\/uploads\/sites\/11\/2023\/09\/Gater-scaled.jpg 2048w\" sizes=\"auto, (max-width: 1024px) 100vw, 1024px\" \/><figcaption class=\"wp-element-caption\">En av \u00f8velsene var \u00e5 svare p\u00e5 en g\u00e5te.<\/figcaption><\/figure>\n\n\n\n<figure class=\"wp-block-image size-large\"><img loading=\"lazy\" decoding=\"async\" width=\"1024\" height=\"683\" src=\"https:\/\/www.blakors.no\/content\/uploads\/sites\/11\/2023\/09\/Gunnar-Stavrum-1024x683.jpg\" alt=\"Det var varmt \u00e5 l\u00f8pe i solen for Gunnar Stavrum og de andre deltakerne.\" class=\"wp-image-7353\" srcset=\"https:\/\/www.blakors.no\/content\/uploads\/sites\/11\/2023\/09\/Gunnar-Stavrum-1024x683.jpg 1024w, https:\/\/www.blakors.no\/content\/uploads\/sites\/11\/2023\/09\/Gunnar-Stavrum-300x200.jpg 300w, https:\/\/www.blakors.no\/content\/uploads\/sites\/11\/2023\/09\/Gunnar-Stavrum-768x512.jpg 768w, https:\/\/www.blakors.no\/content\/uploads\/sites\/11\/2023\/09\/Gunnar-Stavrum-1536x1024.jpg 1536w, https:\/\/www.blakors.no\/content\/uploads\/sites\/11\/2023\/09\/Gunnar-Stavrum-scaled.jpg 2048w\" sizes=\"auto, (max-width: 1024px) 100vw, 1024px\" \/><figcaption class=\"wp-element-caption\">Det var varmt \u00e5 l\u00f8pe i solen for Gunnar Stavrum og de andre deltakerne.<\/figcaption><\/figure>\n\n\n\n<figure class=\"wp-block-image size-large\"><img loading=\"lazy\" decoding=\"async\" width=\"1024\" height=\"683\" src=\"https:\/\/www.blakors.no\/content\/uploads\/sites\/11\/2023\/09\/Tidgiver-for-Bla-Kors-1024x683.jpg\" alt=\"En av \u00f8velsene gikk p\u00e5 \u00e5 gjette hvilket kjendisnavn som stod p\u00e5 plakaten.\" class=\"wp-image-7352\" srcset=\"https:\/\/www.blakors.no\/content\/uploads\/sites\/11\/2023\/09\/Tidgiver-for-Bla-Kors-1024x683.jpg 1024w, https:\/\/www.blakors.no\/content\/uploads\/sites\/11\/2023\/09\/Tidgiver-for-Bla-Kors-300x200.jpg 300w, https:\/\/www.blakors.no\/content\/uploads\/sites\/11\/2023\/09\/Tidgiver-for-Bla-Kors-768x512.jpg 768w, https:\/\/www.blakors.no\/content\/uploads\/sites\/11\/2023\/09\/Tidgiver-for-Bla-Kors-1536x1024.jpg 1536w, https:\/\/www.blakors.no\/content\/uploads\/sites\/11\/2023\/09\/Tidgiver-for-Bla-Kors-scaled.jpg 2048w\" sizes=\"auto, (max-width: 1024px) 100vw, 1024px\" \/><figcaption class=\"wp-element-caption\">En av \u00f8velsene gikk p\u00e5 \u00e5 gjette hvilket kjendisnavn som stod p\u00e5 plakaten.<\/figcaption><\/figure>\n\n\n\n<figure class=\"wp-block-image size-large\"><img loading=\"lazy\" decoding=\"async\" width=\"1024\" height=\"683\" src=\"https:\/\/www.blakors.no\/content\/uploads\/sites\/11\/2023\/09\/Kristian-Thomassen-1024x683.jpg\" alt=\"Kristian Thomassen i full gang med \u00e5 l\u00f8pe med en skje med en ball p\u00e5 skjeen.\" class=\"wp-image-7351\" srcset=\"https:\/\/www.blakors.no\/content\/uploads\/sites\/11\/2023\/09\/Kristian-Thomassen-1024x683.jpg 1024w, https:\/\/www.blakors.no\/content\/uploads\/sites\/11\/2023\/09\/Kristian-Thomassen-300x200.jpg 300w, https:\/\/www.blakors.no\/content\/uploads\/sites\/11\/2023\/09\/Kristian-Thomassen-768x512.jpg 768w, https:\/\/www.blakors.no\/content\/uploads\/sites\/11\/2023\/09\/Kristian-Thomassen-1536x1024.jpg 1536w, https:\/\/www.blakors.no\/content\/uploads\/sites\/11\/2023\/09\/Kristian-Thomassen-scaled.jpg 2048w\" sizes=\"auto, (max-width: 1024px) 100vw, 1024px\" \/><figcaption class=\"wp-element-caption\">Kristian Thomassen i full gang med \u00e5 l\u00f8pe med en skje med en ball p\u00e5 skjeen.<\/figcaption><\/figure>\n\n\n\n<figure class=\"wp-block-image size-large\"><img loading=\"lazy\" decoding=\"async\" width=\"1024\" height=\"683\" src=\"https:\/\/www.blakors.no\/content\/uploads\/sites\/11\/2023\/09\/Svein-Erik-Bjorvand-2-1024x683.jpg\" alt=\"Svein Erik Bjorvand l\u00f8p hele 30 runder p\u00e5 Kristiansand stadion!\" class=\"wp-image-7350\" srcset=\"https:\/\/www.blakors.no\/content\/uploads\/sites\/11\/2023\/09\/Svein-Erik-Bjorvand-2-1024x683.jpg 1024w, https:\/\/www.blakors.no\/content\/uploads\/sites\/11\/2023\/09\/Svein-Erik-Bjorvand-2-300x200.jpg 300w, https:\/\/www.blakors.no\/content\/uploads\/sites\/11\/2023\/09\/Svein-Erik-Bjorvand-2-768x512.jpg 768w, https:\/\/www.blakors.no\/content\/uploads\/sites\/11\/2023\/09\/Svein-Erik-Bjorvand-2-1536x1024.jpg 1536w, https:\/\/www.blakors.no\/content\/uploads\/sites\/11\/2023\/09\/Svein-Erik-Bjorvand-2-scaled.jpg 2048w\" sizes=\"auto, (max-width: 1024px) 100vw, 1024px\" \/><figcaption class=\"wp-element-caption\">Svein Erik Bjorvand l\u00f8p hele 30 runder p\u00e5 Kristiansand stadion!<\/figcaption><\/figure>\n\n\n\n<figure class=\"wp-block-image size-large\"><img loading=\"lazy\" decoding=\"async\" width=\"1024\" height=\"683\" src=\"https:\/\/www.blakors.no\/content\/uploads\/sites\/11\/2023\/09\/Tore-Lovland-og-Daniel-Aase-1024x683.jpg\" alt=\"Tore L\u00f8vland og Daniel Aase gjorde en utmerket jobb som speakere.\" class=\"wp-image-7349\" srcset=\"https:\/\/www.blakors.no\/content\/uploads\/sites\/11\/2023\/09\/Tore-Lovland-og-Daniel-Aase-1024x683.jpg 1024w, https:\/\/www.blakors.no\/content\/uploads\/sites\/11\/2023\/09\/Tore-Lovland-og-Daniel-Aase-300x200.jpg 300w, https:\/\/www.blakors.no\/content\/uploads\/sites\/11\/2023\/09\/Tore-Lovland-og-Daniel-Aase-768x512.jpg 768w, https:\/\/www.blakors.no\/content\/uploads\/sites\/11\/2023\/09\/Tore-Lovland-og-Daniel-Aase-1536x1024.jpg 1536w, https:\/\/www.blakors.no\/content\/uploads\/sites\/11\/2023\/09\/Tore-Lovland-og-Daniel-Aase-scaled.jpg 2048w\" sizes=\"auto, (max-width: 1024px) 100vw, 1024px\" \/><figcaption class=\"wp-element-caption\">Tore L\u00f8vland og Daniel Aase gjorde en utmerket jobb som speakere.<\/figcaption><\/figure>\n\n\n\n<figure class=\"wp-block-image size-large\"><img loading=\"lazy\" decoding=\"async\" width=\"1024\" height=\"683\" src=\"https:\/\/www.blakors.no\/content\/uploads\/sites\/11\/2023\/09\/Jim-Rune-Bjorvand-1024x683.jpg\" alt=\"Jim Rune Bjorvand f\u00e5r kaldt vann i nakken for \u00e5 kj\u00f8le seg litt ned.\" class=\"wp-image-7348\" srcset=\"https:\/\/www.blakors.no\/content\/uploads\/sites\/11\/2023\/09\/Jim-Rune-Bjorvand-1024x683.jpg 1024w, https:\/\/www.blakors.no\/content\/uploads\/sites\/11\/2023\/09\/Jim-Rune-Bjorvand-300x200.jpg 300w, https:\/\/www.blakors.no\/content\/uploads\/sites\/11\/2023\/09\/Jim-Rune-Bjorvand-768x512.jpg 768w, https:\/\/www.blakors.no\/content\/uploads\/sites\/11\/2023\/09\/Jim-Rune-Bjorvand-1536x1024.jpg 1536w, https:\/\/www.blakors.no\/content\/uploads\/sites\/11\/2023\/09\/Jim-Rune-Bjorvand-scaled.jpg 2048w\" sizes=\"auto, (max-width: 1024px) 100vw, 1024px\" \/><figcaption class=\"wp-element-caption\">Jim Rune Bjorvand f\u00e5r kaldt vann i nakken for \u00e5 kj\u00f8le seg litt ned.<\/figcaption><\/figure>\n\n\n\n<figure class=\"wp-block-image size-large\"><img loading=\"lazy\" decoding=\"async\" width=\"1024\" height=\"683\" src=\"https:\/\/www.blakors.no\/content\/uploads\/sites\/11\/2023\/09\/Jan-Oddvar-Skisland-1024x683.jpg\" alt=\"Imponerende innsats av Jan Oddvar Skisland.\" class=\"wp-image-7347\" srcset=\"https:\/\/www.blakors.no\/content\/uploads\/sites\/11\/2023\/09\/Jan-Oddvar-Skisland-1024x683.jpg 1024w, https:\/\/www.blakors.no\/content\/uploads\/sites\/11\/2023\/09\/Jan-Oddvar-Skisland-300x200.jpg 300w, https:\/\/www.blakors.no\/content\/uploads\/sites\/11\/2023\/09\/Jan-Oddvar-Skisland-768x512.jpg 768w, https:\/\/www.blakors.no\/content\/uploads\/sites\/11\/2023\/09\/Jan-Oddvar-Skisland-1536x1024.jpg 1536w, https:\/\/www.blakors.no\/content\/uploads\/sites\/11\/2023\/09\/Jan-Oddvar-Skisland-scaled.jpg 2048w\" sizes=\"auto, (max-width: 1024px) 100vw, 1024px\" \/><figcaption class=\"wp-element-caption\">Imponerende innsats av Jan Oddvar Skisland.<\/figcaption><\/figure>\n\n\n\n<div class=\"wp-block-lib-header alignfull hide\"><div class=\"image-wrapper\"><img decoding=\"async\" src=\"https:\/\/www.blakors.no\/content\/uploads\/sites\/11\/2023\/09\/Lagbilde-scaled.jpg\" alt=\"header\"\/><\/div><div class=\"header-innercontent\"><\/div><\/div>\n<div class=\"article-meta--info\">\n<div class=\"dekode-module-was-this-helpful\">\n\t<div class=\"\">\n\t\t<h2>Var dette nyttig?<\/h2>\n\t\t<form id=\"dekode-wth-form\">\n\t\t\t<button id=\"dekode-wth-yes\" class=\"button\" name=\"dekode-wth-feedback\" type=\"submit\"\n\t\t\t\t\tvalue=\"1\">Ja<\/button>\n\t\t\t<button id=\"dekode-wth-no\" class=\"button\" name=\"dekode-wth-feedback\" type=\"submit\"\n\t\t\t\t\tvalue=\"0\">Nei<\/button>\n\t\t\t<input type=\"hidden\" name=\"post_id\" value=\"7342\"\/>\n\t\t<\/form>\n\t<\/div>\n<\/div>\n\n<div class=\"relations\">\n\t<div class=\"latest-updated\">\n\t\t<span class=\"label\">Senest oppdatert: <\/span>\n\t\t<span class=\"content\">11.09.2023<\/span>\n\t<\/div>\n\t<\/div>\n<\/div>","protected":false},"excerpt":{"rendered":"<p>&#8211; Jeg f\u00f8ler dette er en seier for Bl\u00e5 Kors, smilte en forn\u00f8yd Rolf K\u00e5fjord fra S\u00f8rlandskj\u00f8kken i S\u00f8gne, da han krysset m\u00e5lstreken i L\u00f8p med mening, et showl\u00f8p arrangert s\u00f8ndag av Bl\u00e5 Kors Kristiansand for \u00e5 skaffe til veie midler til arbeidet som drives. Og da summene var lagt sammen, hadde deltakerne l\u00f8pt inn [&hellip;]<\/p>\n","protected":false},"author":25,"featured_media":7358,"comment_status":"closed","ping_status":"closed","sticky":false,"template":"","format":"standard","meta":{"_acf_changed":false,"_relevanssi_hide_post":"","_relevanssi_hide_content":"","_relevanssi_pin_for_all":"on","_relevanssi_pin_keywords":"","_relevanssi_unpin_keywords":"","_relevanssi_related_keywords":"","_relevanssi_related_include_ids":"","_relevanssi_related_exclude_ids":"","_relevanssi_related_no_append":"","_relevanssi_related_not_related":"","_relevanssi_related_posts":"7752,4670,8503,4435,6613,6031","_relevanssi_noindex_reason":"","_custom_cards_description":"","footnotes":""},"categories":[5],"tags":[],"internal_tags":[],"class_list":["post-7342","post","type-post","status-publish","format-standard","has-post-thumbnail","hentry","category-bla-kors-kristiansand"],"acf":[],"_links":{"self":[{"href":"https:\/\/www.blakors.no\/kristiansand\/wp-json\/wp\/v2\/posts\/7342","targetHints":{"allow":["GET"]}}],"collection":[{"href":"https:\/\/www.blakors.no\/kristiansand\/wp-json\/wp\/v2\/posts"}],"about":[{"href":"https:\/\/www.blakors.no\/kristiansand\/wp-json\/wp\/v2\/types\/post"}],"author":[{"embeddable":true,"href":"https:\/\/www.blakors.no\/kristiansand\/wp-json\/wp\/v2\/users\/25"}],"replies":[{"embeddable":true,"href":"https:\/\/www.blakors.no\/kristiansand\/wp-json\/wp\/v2\/comments?post=7342"}],"version-history":[{"count":1,"href":"https:\/\/www.blakors.no\/kristiansand\/wp-json\/wp\/v2\/posts\/7342\/revisions"}],"predecessor-version":[{"id":7366,"href":"https:\/\/www.blakors.no\/kristiansand\/wp-json\/wp\/v2\/posts\/7342\/revisions\/7366"}],"wp:featuredmedia":[{"embeddable":true,"href":"https:\/\/www.blakors.no\/kristiansand\/wp-json\/wp\/v2\/media\/7358"}],"wp:attachment":[{"href":"https:\/\/www.blakors.no\/kristiansand\/wp-json\/wp\/v2\/media?parent=7342"}],"wp:term":[{"taxonomy":"category","embeddable":true,"href":"https:\/\/www.blakors.no\/kristiansand\/wp-json\/wp\/v2\/categories?post=7342"},{"taxonomy":"post_tag","embeddable":true,"href":"https:\/\/www.blakors.no\/kristiansand\/wp-json\/wp\/v2\/tags?post=7342"},{"taxonomy":"internal_tags","embeddable":true,"href":"https:\/\/www.blakors.no\/kristiansand\/wp-json\/wp\/v2\/internal_tags?post=7342"}],"curies":[{"name":"wp","href":"https:\/\/api.w.org\/{rel}","templated":true}]}}