{"id":767,"date":"2014-09-04T00:00:00","date_gmt":"2014-09-03T22:00:00","guid":{"rendered":"https:\/\/www.blakors.no\/kristiansand\/2014\/09\/04\/ferieidyll-for-dem-som-virkelig-trenger-det\/"},"modified":"2014-09-04T00:00:00","modified_gmt":"2014-09-03T22:00:00","slug":"ferieidyll-for-dem-som-virkelig-trenger-det","status":"publish","type":"post","link":"https:\/\/www.blakors.no\/kristiansand\/2014\/09\/04\/ferieidyll-for-dem-som-virkelig-trenger-det\/","title":{"rendered":"Ferieidyll for dem som virkelig trenger det"},"content":{"rendered":"<div class=\"teaser\">\n<p>&#8211; Alternativet hadde v\u00e6rt og \u00e5 bli hjemme i sommer. Her f\u00e5r vi den ferieidyllen vi bare har dr\u00f8mt om. Det sier flere av dem som i sommer har v\u00e6rt deltakere p\u00e5 de to sommercampene som Bl\u00e5 Kors Kristiansand har arrangert.<\/p>\n<\/div>\n<p><!--more--><\/p>\n<div>Av Ivar Eidsaa<\/div>\n<div><\/div>\n<div>&#8211; Det er ikke alle som har r\u00e5d til \u00e5 kunne ta ferie. Mange er i den situasjon at verken helsen eller \u00f8konomien gj\u00f8r dette mulig. Det har vi \u00f8nsket \u00e5 gj\u00f8re noe med, og vi har i sommer arrangert to sommer- og feriecamper i egen regi for dem som virkelig trenger det, forteller Maria \u00abMia\u00bb L\u00f8land Jacobsen som har ansvaret n\u00e5r Bl\u00e5 Kors Kristiansand inviterer enslige foreldre fra hele landet til \u00e5 legge sommerferien til Kristiansand.Aktiviteten er h\u00f8y p\u00e5 den store \u00e5pne plassen foran S\u00f8rlandets Folkeh\u00f8gskole p\u00e5 Birkeland hvor feriecampener har sin base. Det dufter god sommermat fra en rekke griller som er blitt fyrt opp. Barna leker og koser seg. Solen skinner fra en skyfri himmel. Barn og voksne er i feriemodus.<\/div>\n<div><\/div>\n<div><strong>Holy Riders<\/strong><\/div>\n<div><\/div>\n<div>Etter hvert stiger spenningen. I det fjerne h\u00f8res brummingen fra flere motorsykler. Kort tid etter svinger flere motorsykler inn p\u00e5 plassen. En hel gjeng fra Holy Riders har ankommet. Det er tid for en kveld med stilige motorsykler og mye lyd. N\u00e5r s\u00e5 en av guttene i Holy Riders tar en burnout p\u00e5 plassen, er det s\u00e5 \u00f8ynene n\u00e6rmest st\u00e5r p\u00e5 stilker hos noen av guttene.<\/div>\n<div><\/div>\n<div>Deretter inviterer Holy Riders foreldre og barn med p\u00e5 tur. F\u00f8rst en liten tur p\u00e5 noen f\u00e5 minutter slik at alle kan bli med, deretter en lengre tur for dem som har lyst. Stemningen er stor. Det er tydelig at dette bes\u00f8ket er det mange som har ventet p\u00e5.<\/div>\n<div><\/div>\n<div>&#8211; S\u00e5 bra dette er, sier Lena fra Oslo som er p\u00e5 sommercamp sammen med datteren Rebecca.<\/div>\n<div><\/div>\n<div>&#8211; Alternativet til sommercampen hadde v\u00e6rt mye kjedeligere. Hvis vi ikke hadde f\u00e5tt mulighet til \u00e5 komme hit, ville vi ha blitt hjemme. Med en lommebok som ikke er av de st\u00f8rste, ville det blitt lite \u00e5 finne p\u00e5, sier flere av deltakerne.<\/div>\n<div><\/div>\n<div>&#8211; Vi har virkelig sett frem til \u00e5 komme hit. Dette er det tredje \u00e5ret vi er med. Vi har f\u00e5tt flere gode venner, og har knyttet gode kontakter med dem som bor i samme by som oss. Vi treffes gjennom h\u00f8sten og vinteren, og det \u00e5 f\u00e5 et nettverk, setter vi virkelig pris p\u00e5, sier to-tre av deltakerne som er hjemmeh\u00f8rende i Oslo.<\/div>\n<div><\/div>\n<div><strong>Er med for 8. gang<\/strong><\/div>\n<div><\/div>\n<div>&#8211; Dette er det \u00e5ttende \u00e5ret vi er her, og det er noe vi ser frem til gjennom hele vinteren, sier en kvinne fra \u00d8stlandsomr\u00e5det, som \u00f8nsker \u00e5 v\u00e6re anonym. Barn og foreldre forteller ivrig om ferieuken p\u00e5 S\u00f8rlandet.<\/div>\n<div><\/div>\n<div>&#8211; Her p\u00e5 Birkeland har vi mye \u00e5 finne p\u00e5. Her er det gymnastikkhall og sv\u00f8mmehall som brukes ofte. En dag var vi p\u00e5 fisketur i skj\u00e6rg\u00e5rden, en annen dag bes\u00f8kte vi Dyreparken. I dag var vi p\u00e5 Kjerlingland g\u00e5rd ved Lillesand hvor vi fikk ri p\u00e5 hest og fikk v\u00e6re sammen med dyrene, forteller Rebecca ivrig.<\/div>\n<div><\/div>\n<div>&#8211; Det er godt \u00e5 kunne komme hjem etter et slikt ferieopphold og vite at barna kan fortelle klassekamerater og venner at de har v\u00e6rt p\u00e5 S\u00f8rlandsferie og opplevd s\u00e5 mye forskjellig, sier Lena.<\/div>\n<div><\/div>\n<div>&#8211; Alle som har kunnet reise p\u00e5 ferie sammen med familien, vet hvor verdifullt det er i seg selv. Minnene blir mange. Det har v\u00e6rt mange sterke \u00f8yeblikk underveis, og det blir sikkert fint for barna som ellers ikke hadde hatt noen opplevelser i l\u00f8pet av sommeren, sier Mia L\u00f8land.<\/div>\n<div><\/div>\n<div>&#8211; Vi \u00f8nsker at flest mulig barn skal ha noe \u00e5 fortelle om n\u00e5r skole eller barnehagen starter. Derfor arrangerer Bl\u00e5 Kors Ferie sommerferie for hele familien, alt i trygge omgivelser. I \u00e5r har vi arrangert to sommercamper, med godt over 40 deltakere p\u00e5 hver av campene, legger hun til.<\/div>\n<div><\/div>\n<div><strong>Mange st\u00f8ttespillere<\/strong><\/div>\n<div><\/div>\n<div>&#8211; Det hadde ikke v\u00e6rt mulig \u00e5 kunne gjennomf\u00f8re campene uten v\u00e5re gode samarbeidspartnere. Vi f\u00e5r ogs\u00e5 st\u00f8tte fra det offentlige, og vi har en del sponsorer som bidrar p\u00e5 en fin m\u00e5te. Vi H\u00e5per at den offentlige st\u00f8tten kan \u00f8ke noe i \u00e5rene fremover slik at vi hjelpe enda flere og \u00e5pne for nye reisem\u00e5l. Det er jo s\u00e5 mange som trenger et ferieopphold, men som ikke har midlene som skal til, sier L\u00f8land Jacobsen.<\/div>\n<div><\/div>\n<div>Da ferietilbudet i regi av Bl\u00e5 Kors startet for 40 \u00e5r siden, var det en del kvinner fra Kristiansand som ville gi alle som trengte s\u00e5rt et avbrekk i hverdagen muligheten til \u00e5 kunne f\u00e5 en fin sommerferie med mange gode minner for b\u00e5de store og sm\u00e5.<\/div>\n<div><\/div>\n<div>Alle som trenger det, kan s\u00f8ke om st\u00f8tte til deler av ferieoppholdet hos Nav og\/eller Bl\u00e5 Kors. Tilbudet er i hovedsak rettet inn mot barnefamilier som har eller har hatt alkohol-, rus- eller psykiske problemer n\u00e6rt inn p\u00e5 livet.<\/div>\n<div><\/div>\n<div>&#8211; Vi har hatt deltakere fra hele landet, noen fra b\u00e5de Kristiansand og Vennesla, fra Vestlandet og \u00d8stlandet. Vi har i \u00e5r ogs\u00e5 hatt med en familie som er bosatt i Alta, sier L\u00f8land Jacobsen.<\/div>\n<div><\/div>\n<div>&#8211; For \u00e5 f\u00e5 gjennomf\u00f8rt campene er vi avhengig av at flere yter en innsats. Samlet har det v\u00e6rt over 40 personer som har valgt \u00e5 bruke deler av ferien sin til \u00e5 delta som frivillige under campene. Uten deres formidable innsats, ville vi ikke klart \u00e5 gjennomf\u00f8re campene slik vi faktisk har f\u00e5tt til, sier hun.<\/div>\n<div><\/div>\n<div>&#8211; Dette har v\u00e6rt en uforglemmelig uke. Vi h\u00e5per vi kan f\u00e5 muligheten til \u00e5 komme tilbake neste \u00e5r, sier Lena.<\/div>\n<div>\n<figure id=\"attachment_780\" aria-describedby=\"caption-attachment-780\" style=\"width: 880px\" class=\"wp-caption aligncenter\"><img loading=\"lazy\" decoding=\"async\" class=\"wp-image-780 size-large\" src=\"http:\/\/cpanel42.proisp.no\/~blakolnx\/wp-content\/uploads\/2014\/09\/DSC_0099-1024x680.jpeg\" alt=\"- Vi har gjort mye spennende, v\u00e6rt p\u00e5 bondeg\u00e5rd, p\u00e5 fisketur, vi har badet, kj\u00f8rt motorsykkel og mye mer, sier Rebecca. \" width=\"880\" height=\"584\" \/><figcaption id=\"caption-attachment-780\" class=\"wp-caption-text\">&#8211; Vi har gjort mye spennende, v\u00e6rt p\u00e5 bondeg\u00e5rd, p\u00e5 fisketur, vi har badet, kj\u00f8rt motorsykkel og mye mer, sier Rebecca.<\/figcaption><\/figure>\n<figure id=\"attachment_786\" aria-describedby=\"caption-attachment-786\" style=\"width: 880px\" class=\"wp-caption aligncenter\"><img loading=\"lazy\" decoding=\"async\" class=\"wp-image-786 size-large\" src=\"http:\/\/cpanel42.proisp.no\/~blakolnx\/wp-content\/uploads\/2014\/09\/DSC_0005-1024x680.jpeg\" alt=\"Sommercampen har samlet familier hjemmeh\u00f8rende fra Alta i nord til Vennesla i s\u00f8r. \" width=\"880\" height=\"584\" \/><figcaption id=\"caption-attachment-786\" class=\"wp-caption-text\">Sommercampen har samlet familier hjemmeh\u00f8rende fra Alta i nord til Vennesla i s\u00f8r.<\/figcaption><\/figure>\n<figure id=\"attachment_785\" aria-describedby=\"caption-attachment-785\" style=\"width: 880px\" class=\"wp-caption aligncenter\"><img loading=\"lazy\" decoding=\"async\" class=\"wp-image-785 size-large\" src=\"http:\/\/cpanel42.proisp.no\/~blakolnx\/wp-content\/uploads\/2014\/09\/DSC_0010-1024x680.jpeg\" alt=\"Holy Riders har ankommet sommercampen, og stemningen st\u00e5r i taket.\" width=\"880\" height=\"584\" \/><figcaption id=\"caption-attachment-785\" class=\"wp-caption-text\">Holy Riders har ankommet sommercampen, og stemningen st\u00e5r i taket.<\/figcaption><\/figure>\n<figure id=\"attachment_784\" aria-describedby=\"caption-attachment-784\" style=\"width: 880px\" class=\"wp-caption aligncenter\"><img loading=\"lazy\" decoding=\"async\" class=\"wp-image-784 size-large\" src=\"http:\/\/cpanel42.proisp.no\/~blakolnx\/wp-content\/uploads\/2014\/09\/DSC_0014-1024x680.jpeg\" alt=\"Holy Riders har ankommet sommercampen, og stemningen st\u00e5r i taket.\" width=\"880\" height=\"584\" \/><figcaption id=\"caption-attachment-784\" class=\"wp-caption-text\">Holy Riders har ankommet sommercampen, og stemningen st\u00e5r i taket.<\/figcaption><\/figure>\n<figure id=\"attachment_783\" aria-describedby=\"caption-attachment-783\" style=\"width: 880px\" class=\"wp-caption aligncenter\"><img loading=\"lazy\" decoding=\"async\" class=\"wp-image-783 size-large\" src=\"http:\/\/cpanel42.proisp.no\/~blakolnx\/wp-content\/uploads\/2014\/09\/DSC_0018-1024x680.jpeg\" alt=\"Alle ville pr\u00f8vesitte. \" width=\"880\" height=\"584\" \/><figcaption id=\"caption-attachment-783\" class=\"wp-caption-text\">Alle ville pr\u00f8vesitte.<\/figcaption><\/figure>\n<figure id=\"attachment_782\" aria-describedby=\"caption-attachment-782\" style=\"width: 880px\" class=\"wp-caption aligncenter\"><img loading=\"lazy\" decoding=\"async\" class=\"wp-image-782 size-large\" src=\"http:\/\/cpanel42.proisp.no\/~blakolnx\/wp-content\/uploads\/2014\/09\/DSC_0037-1024x680.jpeg\" alt=\"Barna var sv\u00e6rt forn\u00f8yde over \u00e5 f\u00e5 pr\u00f8ve seg. \" width=\"880\" height=\"584\" \/><figcaption id=\"caption-attachment-782\" class=\"wp-caption-text\">Barna var sv\u00e6rt forn\u00f8yde over \u00e5 f\u00e5 pr\u00f8ve seg.<\/figcaption><\/figure>\n<figure id=\"attachment_781\" aria-describedby=\"caption-attachment-781\" style=\"width: 880px\" class=\"wp-caption aligncenter\"><img loading=\"lazy\" decoding=\"async\" class=\"wp-image-781 size-large\" src=\"http:\/\/cpanel42.proisp.no\/~blakolnx\/wp-content\/uploads\/2014\/09\/DSC_0057-1024x680.jpeg\" alt=\"Ut p\u00e5 tur aldri sur. \" width=\"880\" height=\"584\" \/><figcaption id=\"caption-attachment-781\" class=\"wp-caption-text\">Ut p\u00e5 tur aldri sur.<\/figcaption><\/figure>\n<\/div>\n<div><\/div>\n<p>&nbsp;<\/p>\n<div class=\"article-meta--info\">\n<div class=\"dekode-module-was-this-helpful\">\n\t<div class=\"\">\n\t\t<h2>Var dette nyttig?<\/h2>\n\t\t<form id=\"dekode-wth-form\">\n\t\t\t<button id=\"dekode-wth-yes\" class=\"button\" name=\"dekode-wth-feedback\" type=\"submit\"\n\t\t\t\t\tvalue=\"1\">Ja<\/button>\n\t\t\t<button id=\"dekode-wth-no\" class=\"button\" name=\"dekode-wth-feedback\" type=\"submit\"\n\t\t\t\t\tvalue=\"0\">Nei<\/button>\n\t\t\t<input type=\"hidden\" name=\"post_id\" value=\"767\"\/>\n\t\t<\/form>\n\t<\/div>\n<\/div>\n\n<div class=\"relations\">\n\t<div class=\"latest-updated\">\n\t\t<span class=\"label\">Senest oppdatert: <\/span>\n\t\t<span class=\"content\">04.09.2014<\/span>\n\t<\/div>\n\t<\/div>\n<\/div>","protected":false},"excerpt":{"rendered":"<p>&#8211; Alternativet hadde v\u00e6rt og \u00e5 bli hjemme i sommer. Her f\u00e5r vi den ferieidyllen vi bare har dr\u00f8mt om. Det sier flere av dem som i sommer har v\u00e6rt deltakere p\u00e5 de to sommercampene som Bl\u00e5 Kors Kristiansand har arrangert. Var dette nyttig? Ja Nei Senest oppdatert: 04.09.2014<\/p>\n","protected":false},"author":1,"featured_media":768,"comment_status":"open","ping_status":"open","sticky":false,"template":"","format":"standard","meta":{"_acf_changed":false,"_relevanssi_hide_post":"","_relevanssi_hide_content":"","_relevanssi_pin_for_all":"","_relevanssi_pin_keywords":"","_relevanssi_unpin_keywords":"","_relevanssi_related_keywords":"","_relevanssi_related_include_ids":"","_relevanssi_related_exclude_ids":"","_relevanssi_related_no_append":"","_relevanssi_related_not_related":"","_relevanssi_related_posts":"3888,6307,4095,8503,4568,6031","_relevanssi_noindex_reason":"","_custom_cards_description":"","footnotes":""},"categories":[5,6],"tags":[],"internal_tags":[],"class_list":["post-767","post","type-post","status-publish","format-standard","has-post-thumbnail","hentry","category-bla-kors-kristiansand","category-bla-kors-ferie"],"acf":[],"_links":{"self":[{"href":"https:\/\/www.blakors.no\/kristiansand\/wp-json\/wp\/v2\/posts\/767","targetHints":{"allow":["GET"]}}],"collection":[{"href":"https:\/\/www.blakors.no\/kristiansand\/wp-json\/wp\/v2\/posts"}],"about":[{"href":"https:\/\/www.blakors.no\/kristiansand\/wp-json\/wp\/v2\/types\/post"}],"author":[{"embeddable":true,"href":"https:\/\/www.blakors.no\/kristiansand\/wp-json\/wp\/v2\/users\/1"}],"replies":[{"embeddable":true,"href":"https:\/\/www.blakors.no\/kristiansand\/wp-json\/wp\/v2\/comments?post=767"}],"version-history":[{"count":0,"href":"https:\/\/www.blakors.no\/kristiansand\/wp-json\/wp\/v2\/posts\/767\/revisions"}],"wp:featuredmedia":[{"embeddable":true,"href":"https:\/\/www.blakors.no\/kristiansand\/wp-json\/wp\/v2\/media\/768"}],"wp:attachment":[{"href":"https:\/\/www.blakors.no\/kristiansand\/wp-json\/wp\/v2\/media?parent=767"}],"wp:term":[{"taxonomy":"category","embeddable":true,"href":"https:\/\/www.blakors.no\/kristiansand\/wp-json\/wp\/v2\/categories?post=767"},{"taxonomy":"post_tag","embeddable":true,"href":"https:\/\/www.blakors.no\/kristiansand\/wp-json\/wp\/v2\/tags?post=767"},{"taxonomy":"internal_tags","embeddable":true,"href":"https:\/\/www.blakors.no\/kristiansand\/wp-json\/wp\/v2\/internal_tags?post=767"}],"curies":[{"name":"wp","href":"https:\/\/api.w.org\/{rel}","templated":true}]}}