{"id":7734,"date":"2023-09-26T09:36:00","date_gmt":"2023-09-26T07:36:00","guid":{"rendered":"https:\/\/www.blakors.no\/kristiansand\/?p=7734"},"modified":"2023-11-22T12:27:30","modified_gmt":"2023-11-22T11:27:30","slug":"en-pause-fra-det-som-er-vanskelig","status":"publish","type":"post","link":"https:\/\/www.blakors.no\/kristiansand\/2023\/09\/26\/en-pause-fra-det-som-er-vanskelig\/","title":{"rendered":"En pause fra det som er vanskelig"},"content":{"rendered":"\n<div class=\"wp-block-lib-header alignfull hide\"><div class=\"image-wrapper\"><img decoding=\"async\" src=\"https:\/\/www.blakors.no\/content\/uploads\/sites\/11\/2023\/09\/Oystein-og-ferdig-tegning.jpg\" alt=\"header\"\/><\/div><div class=\"header-innercontent\"><\/div><\/div>\n\n\n\n<p><strong>Denne m\u00e5neden ble prosjektet &laquo;Kunstterapi for barn&raquo; fra Bl\u00e5 Kors barnas stasjon presentert i&nbsp;Barcelona&nbsp;p\u00e5 forskningskonferansen The 4<sup>th<\/sup> Barcelona Conference on Education, en konferanse i regi av et internasjonalt akademisk nettverk kalt IAFOR (International Academic Forum). <\/strong><\/p>\n\n\n\n<p>Prosjektet har blitt utviklet i forlengelsen av <a href=\"https:\/\/www.blakors.no\/kristiansand\/2022\/10\/04\/norges-storste-barnekunstutstilling-hvis-jeg-fikk-vaere-konge-eller-dronning-for-en-dag\/\" data-type=\"post\" data-id=\"6166\">Soria Moria barnekunstprosjektet<\/a>, og handler&nbsp;om \u00e5 utvikle et kursopplegg i kunstterapi for barn med traumer. <\/p>\n\n\n\t<div class=\"custom-block-related-article \">\n\t\t\t<div class=\"image\">\n\t\t\t\t<a href=\"https:\/\/www.blakors.no\/kristiansand\/2022\/10\/17\/putin-far-ikke-lov-a-komme-pa-besok\/\">\n\t\t\t\t<img loading=\"lazy\" decoding=\"async\" width=\"300\" height=\"200\" src=\"https:\/\/www.blakors.no\/content\/uploads\/sites\/11\/2022\/10\/IMG_4417-300x200.jpg\" class=\"attachment-medium size-medium wp-post-image\" alt=\"Frode Holgersen fra Kilden, Camilla Lillengen fra Kilden, Ronnie Jacobsen fra Bl\u00e5 Kors Kristiansand, V\u00e5rin Traaholt fra Kunstsilo, Kristine Kolloen Nilsen fra Kunstsilo og Trond Furseth fra Bl\u00e5 Kors Kristiansand\" srcset=\"https:\/\/www.blakors.no\/content\/uploads\/sites\/11\/2022\/10\/IMG_4417-300x200.jpg 300w, https:\/\/www.blakors.no\/content\/uploads\/sites\/11\/2022\/10\/IMG_4417-1024x683.jpg 1024w, https:\/\/www.blakors.no\/content\/uploads\/sites\/11\/2022\/10\/IMG_4417-768x512.jpg 768w, https:\/\/www.blakors.no\/content\/uploads\/sites\/11\/2022\/10\/IMG_4417-1536x1024.jpg 1536w, https:\/\/www.blakors.no\/content\/uploads\/sites\/11\/2022\/10\/IMG_4417-scaled.jpg 2048w\" sizes=\"auto, (max-width: 300px) 100vw, 300px\" \/>\t\t\t\t<\/a>\n\t\t\t<\/div>\n\t\t\t<div class=\"content\">\n\t\t\t\t<a href=\"https:\/\/www.blakors.no\/kristiansand\/2022\/10\/17\/putin-far-ikke-lov-a-komme-pa-besok\/\">\n\t\t\t\t<span class=\"label\">Les ogs\u00e5<\/span><h3 id=\"putin-far-ikke-lov-a-komme-pa-besok\"  class=\"title\" >\u00abPutin f\u00e5r ikke lov \u00e5 komme p\u00e5 bes\u00f8k\u00bb<\/h3>\t\t\t\t<\/a>\n\t\t\t<\/div>\n\t<\/div>\n\t\n\n\n<figure class=\"wp-block-image size-large\"><img loading=\"lazy\" decoding=\"async\" width=\"1024\" height=\"768\" src=\"https:\/\/www.blakors.no\/content\/uploads\/sites\/11\/2023\/11\/Presentasjon-fire-forfattere-1024x768.jpg\" alt=\"Presentasjon fire forfattere\" class=\"wp-image-7742\" srcset=\"https:\/\/www.blakors.no\/content\/uploads\/sites\/11\/2023\/11\/Presentasjon-fire-forfattere-1024x768.jpg 1024w, https:\/\/www.blakors.no\/content\/uploads\/sites\/11\/2023\/11\/Presentasjon-fire-forfattere-300x225.jpg 300w, https:\/\/www.blakors.no\/content\/uploads\/sites\/11\/2023\/11\/Presentasjon-fire-forfattere-768x576.jpg 768w, https:\/\/www.blakors.no\/content\/uploads\/sites\/11\/2023\/11\/Presentasjon-fire-forfattere-1536x1152.jpg 1536w, https:\/\/www.blakors.no\/content\/uploads\/sites\/11\/2023\/11\/Presentasjon-fire-forfattere-1920x1440.jpg 1920w, https:\/\/www.blakors.no\/content\/uploads\/sites\/11\/2023\/11\/Presentasjon-fire-forfattere.jpg 2048w\" sizes=\"auto, (max-width: 1024px) 100vw, 1024px\" \/><figcaption class=\"wp-element-caption\">De fire forfatterne, Darius Radkevicius (f.v), Migle Helmersen, \u00d8istein Kristiansen og May&nbsp;Olaug Horverak.<\/figcaption><\/figure>\n\n\n\n<p>V\u00e5ren 2023 ble kurset gjennomf\u00f8rt av seniorr\u00e5dgiver fra Innovasjonsavdelingen i Bl\u00e5 Kors Kristiansand,&nbsp;May&nbsp;Olaug Horverak, i samarbeid med leder av Bl\u00e5 Kors barnas stasjon i Kristiansand, Anne Randi Hanssen. Deltakerne var en blandet gruppe av barn og unge med ulik bakgrunn, hvorav tre barn var fra Ukraina. <\/p>\n\n\n\n<blockquote class=\"wp-block-quote is-style-default is-layout-flow wp-block-quote-is-layout-flow\">\n<p>Denne typen aktiviteter kan hjelpe barna \u00e5 f\u00e5 en pause fra det som er vanskelig.<\/p>\n<\/blockquote>\n\n\n\n<p>Gjennom kurset ble det samlet erfaringer og evalueringer, og det er disse erfaringene som ble presentert p\u00e5 konferansen. Som enkelte av barna, eller ungdommene, sier selv i evalueringene, s\u00e5 kan denne typen aktiviteter hjelpe dem til \u00e5 f\u00e5 en pause fra det som er vanskelig, og det hjelper dem p\u00e5 denne m\u00e5ten. Det er noe av hensikten med disse \u00f8ktene i kunstterapi, som handler om \u00e5 bruke kreative evner i arbeid med \u00e5 h\u00e5ndtere ulike emosjoner som sinne, frykt etc. og til \u00e5 hjelpe dem \u00e5 tenke p\u00e5 hva som styrker og beskytter dem fremover i livet. <\/p>\n\n\n\n<p>I en av \u00f8ktene malte en av jentene et selvportrett med en bamse og et hjerte p\u00e5 som beskyttende faktorer, og i en annen \u00f8kt tegnet en ukrainsk gutt ulike steiner med forskjellige emosjonelle ansiktsuttrykk. Da barna ble bedt om \u00e5 lage en tegning over livet sitt, med symboler og opp- og nedturer, s\u00e5 vi at de ukrainske barna tegnet inn krigen mellom annet som en av de vanskelige periodene.<\/p>\n\n\n\n<figure class=\"wp-block-image size-full\"><img loading=\"lazy\" decoding=\"async\" width=\"915\" height=\"687\" src=\"https:\/\/www.blakors.no\/content\/uploads\/sites\/11\/2023\/11\/image-2.png\" alt=\"Tegning fra kurset\" class=\"wp-image-7737\" srcset=\"https:\/\/www.blakors.no\/content\/uploads\/sites\/11\/2023\/11\/image-2.png 915w, https:\/\/www.blakors.no\/content\/uploads\/sites\/11\/2023\/11\/image-2-300x225.png 300w, https:\/\/www.blakors.no\/content\/uploads\/sites\/11\/2023\/11\/image-2-768x577.png 768w\" sizes=\"auto, (max-width: 915px) 100vw, 915px\" \/><\/figure>\n\n\n\n<figure class=\"wp-block-image size-full\"><img loading=\"lazy\" decoding=\"async\" width=\"637\" height=\"478\" src=\"https:\/\/www.blakors.no\/content\/uploads\/sites\/11\/2023\/11\/image.png\" alt=\"Tegning fra kurset\" class=\"wp-image-7735\" srcset=\"https:\/\/www.blakors.no\/content\/uploads\/sites\/11\/2023\/11\/image.png 637w, https:\/\/www.blakors.no\/content\/uploads\/sites\/11\/2023\/11\/image-300x225.png 300w\" sizes=\"auto, (max-width: 637px) 100vw, 637px\" \/><\/figure>\n\n\n\n<figure class=\"wp-block-image size-full\"><img loading=\"lazy\" decoding=\"async\" width=\"637\" height=\"479\" src=\"https:\/\/www.blakors.no\/content\/uploads\/sites\/11\/2023\/11\/image-1.png\" alt=\"Tegning fra kurset\" class=\"wp-image-7736\" srcset=\"https:\/\/www.blakors.no\/content\/uploads\/sites\/11\/2023\/11\/image-1.png 637w, https:\/\/www.blakors.no\/content\/uploads\/sites\/11\/2023\/11\/image-1-300x226.png 300w\" sizes=\"auto, (max-width: 637px) 100vw, 637px\" \/><\/figure>\n\n\n\n<p>Prosjektet har blitt til gjennom et internasjonalt samarbeid, og kurset i kunstterapi er utviklet av psykolog Darius Radkevicius fra Litauen og den verdenskjente tegneren \u00d8istein Kristiansen, som nok er mest kjent nasjonalt for barne-tv-programmet &laquo;\u00d8isteins blyant&raquo;. Dette kurset ble tilpasset norsk kontekst i gjennomf\u00f8ringen. F\u00f8rsteamanuensis Migle Helmersen fra UiA er ogs\u00e5 en del av teamet, og bidrar i forskningsarbeidet i prosjektet. Det blir en vitenskapelig publikasjon i etterkant av konferansen som beskriver erfaringen fra gjennomf\u00f8ringen. Prosjektet er st\u00f8ttet av Agder fylkeskommune.<\/p>\n\n\n\n<figure class=\"wp-block-image size-large\"><img loading=\"lazy\" decoding=\"async\" width=\"1024\" height=\"766\" src=\"https:\/\/www.blakors.no\/content\/uploads\/sites\/11\/2023\/11\/Oystein-illustrerer-oppvarmingsovelser-1024x766.jpg\" alt=\"\u00d8ystein illustrerer oppvarmings\u00f8velser\" class=\"wp-image-7740\" srcset=\"https:\/\/www.blakors.no\/content\/uploads\/sites\/11\/2023\/11\/Oystein-illustrerer-oppvarmingsovelser-1024x766.jpg 1024w, https:\/\/www.blakors.no\/content\/uploads\/sites\/11\/2023\/11\/Oystein-illustrerer-oppvarmingsovelser-300x225.jpg 300w, https:\/\/www.blakors.no\/content\/uploads\/sites\/11\/2023\/11\/Oystein-illustrerer-oppvarmingsovelser-768x575.jpg 768w, https:\/\/www.blakors.no\/content\/uploads\/sites\/11\/2023\/11\/Oystein-illustrerer-oppvarmingsovelser.jpg 1125w\" sizes=\"auto, (max-width: 1024px) 100vw, 1024px\" \/><figcaption class=\"wp-element-caption\">\u00d8ystein illustrerer oppvarmings\u00f8velser<\/figcaption><\/figure>\n\n\n\n<p>Presentasjonen ble godt mottatt av publikum, og det var stort engasjement rundt arbeidet v\u00e5rt.&nbsp;Konseptet som er utviklet i samarbeid med Bl\u00e5 Kors barnas stasjon er allerede ogs\u00e5 pr\u00f8vd ut i Litauen, og vil sannsynligvis bre om seg til flere deler av verden. Ogs\u00e5 lokalt h\u00e5per vi at dette er noe som kan hjelpe mange barn og unge som har det vanskelig til \u00e5 f\u00e5 en litt bedre hverdag.<\/p>\n\n\n\n<figure class=\"wp-block-image size-full\"><img loading=\"lazy\" decoding=\"async\" width=\"828\" height=\"621\" src=\"https:\/\/www.blakors.no\/content\/uploads\/sites\/11\/2023\/11\/May-presenterer.jpg\" alt=\"May Olaug presenterer\" class=\"wp-image-7743\" srcset=\"https:\/\/www.blakors.no\/content\/uploads\/sites\/11\/2023\/11\/May-presenterer.jpg 828w, https:\/\/www.blakors.no\/content\/uploads\/sites\/11\/2023\/11\/May-presenterer-300x225.jpg 300w, https:\/\/www.blakors.no\/content\/uploads\/sites\/11\/2023\/11\/May-presenterer-768x576.jpg 768w\" sizes=\"auto, (max-width: 828px) 100vw, 828px\" \/><figcaption class=\"wp-element-caption\">May Olaug presenterer<\/figcaption><\/figure>\n\n<div class=\"relations\">\n\t<div class=\"latest-updated\">\n\t\t<span class=\"label\">Senest oppdatert: <\/span>\n\t\t<span class=\"content\">22.11.2023<\/span>\n\t<\/div>\n\t<\/div>\n","protected":false},"excerpt":{"rendered":"<p>Denne m\u00e5neden ble prosjektet &laquo;Kunstterapi for barn&raquo; fra Bl\u00e5 Kors barnas stasjon presentert i&nbsp;Barcelona&nbsp;p\u00e5 forskningskonferansen The 4th Barcelona Conference on Education, en konferanse i regi av et internasjonalt akademisk nettverk kalt IAFOR (International Academic Forum). Prosjektet har blitt utviklet i forlengelsen av Soria Moria barnekunstprosjektet, og handler&nbsp;om \u00e5 utvikle et kursopplegg i kunstterapi for barn [&hellip;]<\/p>\n","protected":false},"author":25,"featured_media":7747,"comment_status":"closed","ping_status":"closed","sticky":false,"template":"","format":"standard","meta":{"_acf_changed":false,"_relevanssi_hide_post":"","_relevanssi_hide_content":"","_relevanssi_pin_for_all":"on","_relevanssi_pin_keywords":"","_relevanssi_unpin_keywords":"","_relevanssi_related_keywords":"","_relevanssi_related_include_ids":"","_relevanssi_related_exclude_ids":"","_relevanssi_related_no_append":"","_relevanssi_related_not_related":"","_relevanssi_related_posts":"3888,6307,4095,4519,4103,4525","_relevanssi_noindex_reason":"","_custom_cards_description":"","footnotes":""},"categories":[10,5],"tags":[],"internal_tags":[],"class_list":["post-7734","post","type-post","status-publish","format-standard","has-post-thumbnail","hentry","category-barnas-stasjon","category-bla-kors-kristiansand"],"acf":[],"_links":{"self":[{"href":"https:\/\/www.blakors.no\/kristiansand\/wp-json\/wp\/v2\/posts\/7734","targetHints":{"allow":["GET"]}}],"collection":[{"href":"https:\/\/www.blakors.no\/kristiansand\/wp-json\/wp\/v2\/posts"}],"about":[{"href":"https:\/\/www.blakors.no\/kristiansand\/wp-json\/wp\/v2\/types\/post"}],"author":[{"embeddable":true,"href":"https:\/\/www.blakors.no\/kristiansand\/wp-json\/wp\/v2\/users\/25"}],"replies":[{"embeddable":true,"href":"https:\/\/www.blakors.no\/kristiansand\/wp-json\/wp\/v2\/comments?post=7734"}],"version-history":[{"count":5,"href":"https:\/\/www.blakors.no\/kristiansand\/wp-json\/wp\/v2\/posts\/7734\/revisions"}],"predecessor-version":[{"id":7777,"href":"https:\/\/www.blakors.no\/kristiansand\/wp-json\/wp\/v2\/posts\/7734\/revisions\/7777"}],"wp:featuredmedia":[{"embeddable":true,"href":"https:\/\/www.blakors.no\/kristiansand\/wp-json\/wp\/v2\/media\/7747"}],"wp:attachment":[{"href":"https:\/\/www.blakors.no\/kristiansand\/wp-json\/wp\/v2\/media?parent=7734"}],"wp:term":[{"taxonomy":"category","embeddable":true,"href":"https:\/\/www.blakors.no\/kristiansand\/wp-json\/wp\/v2\/categories?post=7734"},{"taxonomy":"post_tag","embeddable":true,"href":"https:\/\/www.blakors.no\/kristiansand\/wp-json\/wp\/v2\/tags?post=7734"},{"taxonomy":"internal_tags","embeddable":true,"href":"https:\/\/www.blakors.no\/kristiansand\/wp-json\/wp\/v2\/internal_tags?post=7734"}],"curies":[{"name":"wp","href":"https:\/\/api.w.org\/{rel}","templated":true}]}}