{"id":7979,"date":"2024-02-08T08:54:27","date_gmt":"2024-02-08T07:54:27","guid":{"rendered":"https:\/\/www.blakors.no\/kristiansand\/?p=7979"},"modified":"2024-02-08T08:57:12","modified_gmt":"2024-02-08T07:57:12","slug":"magi-fra-sigvart-dagsland-trio","status":"publish","type":"post","link":"https:\/\/www.blakors.no\/kristiansand\/2024\/02\/08\/magi-fra-sigvart-dagsland-trio\/","title":{"rendered":"Magi fra Sigvart Dagsland Trio"},"content":{"rendered":"\n<p><strong>Konserten som Sigvart Dagsland Trio gjennomf\u00f8rte i Mandal kirke onsdag, den f\u00f8rste av i alt fire konserter i samarbeid med Bl\u00e5 Kors Kristiansand, ble noe helt spesielt. Det var rett og slett magi som ble levert.<\/strong><\/p>\n\n\n\n<p>Av Ivar Eidsaa<\/p>\n\n\n\n<p>&#8211; Dette var en nydelig konsert, sa Astrid Vatnedal da konserten var over.<\/p>\n\n\n\n<figure class=\"wp-block-image size-large\"><img loading=\"lazy\" decoding=\"async\" width=\"1024\" height=\"768\" src=\"https:\/\/www.blakors.no\/content\/uploads\/sites\/11\/2024\/02\/Arthur-Bauge-og-Astrid-Vatnedalen-1024x768.jpg\" alt=\"Sv\u00e6rt godt forn\u00f8yd med konserten: Arthur Bauge og Astrid Vatnedalen\" class=\"wp-image-7982\" srcset=\"https:\/\/www.blakors.no\/content\/uploads\/sites\/11\/2024\/02\/Arthur-Bauge-og-Astrid-Vatnedalen-1024x768.jpg 1024w, https:\/\/www.blakors.no\/content\/uploads\/sites\/11\/2024\/02\/Arthur-Bauge-og-Astrid-Vatnedalen-300x225.jpg 300w, https:\/\/www.blakors.no\/content\/uploads\/sites\/11\/2024\/02\/Arthur-Bauge-og-Astrid-Vatnedalen-768x576.jpg 768w, https:\/\/www.blakors.no\/content\/uploads\/sites\/11\/2024\/02\/Arthur-Bauge-og-Astrid-Vatnedalen-1536x1152.jpg 1536w, https:\/\/www.blakors.no\/content\/uploads\/sites\/11\/2024\/02\/Arthur-Bauge-og-Astrid-Vatnedalen-2048x1536.jpg 2048w, https:\/\/www.blakors.no\/content\/uploads\/sites\/11\/2024\/02\/Arthur-Bauge-og-Astrid-Vatnedalen-1920x1440.jpg 1920w\" sizes=\"auto, (max-width: 1024px) 100vw, 1024px\" \/><figcaption class=\"wp-element-caption\">Sv\u00e6rt godt forn\u00f8yd med konserten: Arthur Bauge og Astrid Vatnedalen.<\/figcaption><\/figure>\n\n\n\n<p>&#8211; Jeg er veldig glad i stemmen, og ikke minst flere av tekstene med s\u00e5 mye mening. Spesielt starten gikk rett i hjertet, sier Vatnedal, om sangen \u00abHendt i Dag\u00bb som ble gitt ut p\u00e5 Kirkelig Kulturverksted i 1994.<\/p>\n\n\n\n\t\t<div class=\"wp-block-lib-accentuated-link\">\n\t\t\t<a class=\"lib-link__link\" href=\"https:\/\/www.checkin.no\/search?q=sigvart\" target=\"\" rel=\"noopener\">\n\t\t\t\t\n\t\t\t\t<div class=\"lib-link__text-content\">\n\t\t\t\t\t<span class=\"lib-link__tagline\">\n\t\t\t\t\t\tKirkekonserter med Sigvart Dagsland trio\n\t\t\t\t\t<\/span>\n\n\t\t\t\t\t<h3 class=\"lib-link__title\">\n\t\t\t\t\t\tKj\u00f8p billett til konsert p\u00e5 Checkin.no\n\t\t\t\t\t<\/h3>\n\n\t\t\t\t\t\n\t\t\t<span class=\"lib-link__link-source\">\n\t\t\t\twww.checkin.no\n\t\t\t\t<svg xmlns=\"http:\/\/www.w3.org\/2000\/svg\" viewBox=\"0 0 24 24\" height=\"24\" width=\"24\" class=\"t2-icon t2-icon-linkexternal\" aria-hidden=\"true\" focusable=\"false\"><path d=\"M5 21c-.5 0-1-.2-1.4-.6S3 19.6 3 19V5c0-.6.2-1 .6-1.4S4.5 3 5 3h6c.3 0 .5.1.7.3.2.2.3.4.3.7 0 .3-.1.5-.3.7-.2.2-.4.3-.7.3H5v14h14v-6c0-.3.1-.5.3-.7.2-.2.4-.3.7-.3s.5.1.7.3c.2.2.3.4.3.7v6c0 .6-.2 1-.6 1.4s-.8.6-1.4.6H5zm4-6c-.2-.2-.3-.4-.3-.7s.1-.5.3-.7L17.6 5H15c-.3 0-.5-.1-.7-.3-.2-.2-.3-.4-.3-.7 0-.3.1-.5.3-.7.2-.2.4-.3.7-.3h5c.3 0 .5.1.7.3.2.2.3.4.3.7v5c0 .3-.1.5-.3.7-.2.2-.4.3-.7.3s-.5-.1-.7-.3c-.2-.2-.3-.4-.3-.7V6.4L10.4 15c-.2.2-.4.3-.7.3s-.5-.1-.7-.3z\" fill=\"currentColor\" \/><\/svg>\n\t\t\t<\/span>\n\t\t\t\t<\/div>\n\t\t\t<\/a>\n\t\t<\/div>\n\n\n<p><strong>Utfrysning og mobbing<\/strong><\/p>\n\n\n\n<p>Sangen fra tidlig 1990-tall er en av de aller f\u00f8rste som Sigvart Dagsland fremf\u00f8rte. Den handler om den 17 \u00e5r gamle jenta som var s\u00e5 pen at<br><em>\u00abbygd\u00e5&#8217;s mannfolk di l\u00e5g strage.<br>N\u00e5 va hu blitt gravid, det blei til slutt et slid, \u00e5 motst\u00e5 presse\u00bb,<\/em><\/p>\n\n\n\n<p>og om hvordan hun ble mobbet i hjembygda fordi<br><em>\u00abat ein m\u00e5 mobbast og ein m\u00e5 svi,<br>S\u00e5 me kan tomme sj\u00f8l g\u00e5 fri, fra skammen.<br>Det har hendt i dag, det har hendt i g\u00e5r.<br>Den svake ligge me andre st\u00e5r omkring, \u00e5 nyde oss sj\u00f8l.\u00bb<\/em><\/p>\n\n\n\n<p>F\u00f8r han fortsatte:<br><em>\u00abFor n\u00e5r ein blir utst\u00f8tt og gjort til skam,<br>Kan me andre trenga oss langre fram i k\u00f8en.<br>Det har hendt i dag, det har hendt i g\u00e5r.<br>Den svake lykke me andre st\u00e5r omkring,<br>\u00e5 nyde oss sj\u00f8l.<\/em><\/p>\n\n\n\n<p><em>Der va ein som sa at det er di sm\u00e5 s\u00e5 er di st\u00f8rste.<br>Di som n\u00e5 er sist skal ein gong bli di fusste.<br>Ein merkelige fyr, s\u00e5 folk han er p\u00e5 styr, det meinte mange.<br>Han sa di som brukkes ner skal f\u00e5 Guds rike.<br>Sj\u00f8l om han visste det ville di mektige ikkje lige.<br>Han blei s\u00e5 rar \u00e5 traus, d\u00e5 mobben slepptes laus, \u00e5 skreik &laquo;korsfest han.\u00bb<\/em><\/p>\n\n\n\n<blockquote class=\"wp-block-quote is-style-default is-layout-flow wp-block-quote-is-layout-flow\">\n<p>Det ble en variert musikalsk reise som skapte en stemning man altfor sjelden f\u00e5r oppleve p\u00e5 konsert.<\/p>\n<\/blockquote>\n\n\n\n<p><strong>En lang musikalsk reise<\/strong><\/p>\n\n\n\n<p>Sigvart Dagsland, trommisen Jan Inge \u00abJango\u00bb Nilsen og Torjus Vierli p\u00e5 tangenter, tok publikum med p\u00e5 en lang musikalsk reise, med noen helt nye l\u00e5ter, noen eldre og noen steingamle. Mange hadde kjent sin bes\u00f8kelsestid. Det var rimelig trangt i kirkebenkene i det som er Norges st\u00f8rste trekirke med 1.500 sitteplasser totalt.<\/p>\n\n\n\n<figure class=\"wp-block-image size-large\"><img loading=\"lazy\" decoding=\"async\" width=\"1024\" height=\"683\" src=\"https:\/\/www.blakors.no\/content\/uploads\/sites\/11\/2024\/02\/Sigvart-Dagsland-trio-1024x683.jpg\" alt=\"Sigvart Dagsland trio\" class=\"wp-image-7980\" srcset=\"https:\/\/www.blakors.no\/content\/uploads\/sites\/11\/2024\/02\/Sigvart-Dagsland-trio-1024x683.jpg 1024w, https:\/\/www.blakors.no\/content\/uploads\/sites\/11\/2024\/02\/Sigvart-Dagsland-trio-300x200.jpg 300w, https:\/\/www.blakors.no\/content\/uploads\/sites\/11\/2024\/02\/Sigvart-Dagsland-trio-768x512.jpg 768w, https:\/\/www.blakors.no\/content\/uploads\/sites\/11\/2024\/02\/Sigvart-Dagsland-trio-1536x1024.jpg 1536w, https:\/\/www.blakors.no\/content\/uploads\/sites\/11\/2024\/02\/Sigvart-Dagsland-trio-2048x1365.jpg 2048w\" sizes=\"auto, (max-width: 1024px) 100vw, 1024px\" \/><figcaption class=\"wp-element-caption\">Jan Inge \u00abJango\u00bb Nilsen, Sigvart Dagsland og Torjus Vierli takker av etter en sterk konsert. Torsdag 8. februar spiller trioen i Vanse kirke, f\u00f8r Kristiansand Domkirke st\u00e5r for tur 9. februar og hvor konsertturneen avsluttes i Trefoldighetskirken i Arendal 10. februar.<\/figcaption><\/figure>\n\n\n\n<p>Det ble en variert reise som skapte en stemning hos konsertpublikummet som man altfor sjelden f\u00e5r oppleve p\u00e5 en konsert, med tekster om livet, de utfordringene vi mennesker kan oppleve i fellesskapet med andre, om nederlag, om seire, om \u00e5 kunne reise oss igjen og komme videre.<\/p>\n\n\n\n<p><strong>Skapte magi<\/strong><\/p>\n\n\n\n<p>I l\u00f8pet av konserten ble flere av Dagslands eldre l\u00e5ter fremf\u00f8rt. \u00abTyver i natten\u00bb var en slik, med en knallsterk tekst, f\u00f8r de fortsatte med \u00abLangt hjemmefra\u00bb, i et arrangement og med en fremf\u00f8ring som bergtok publikum \u2013 ogs\u00e5 mye takket v\u00e6re at Jan Inge \u00abJango\u00bb Nilsen og ikke minst Torjus Vierli formelig skapte magi.<\/p>\n\n\n\n<figure class=\"wp-block-image size-large\"><img loading=\"lazy\" decoding=\"async\" width=\"1024\" height=\"768\" src=\"https:\/\/www.blakors.no\/content\/uploads\/sites\/11\/2024\/02\/Torjus-Vierli-1024x768.jpg\" alt=\"Torjus Vierli\" class=\"wp-image-7983\" srcset=\"https:\/\/www.blakors.no\/content\/uploads\/sites\/11\/2024\/02\/Torjus-Vierli-1024x768.jpg 1024w, https:\/\/www.blakors.no\/content\/uploads\/sites\/11\/2024\/02\/Torjus-Vierli-300x225.jpg 300w, https:\/\/www.blakors.no\/content\/uploads\/sites\/11\/2024\/02\/Torjus-Vierli-768x576.jpg 768w, https:\/\/www.blakors.no\/content\/uploads\/sites\/11\/2024\/02\/Torjus-Vierli-1536x1152.jpg 1536w, https:\/\/www.blakors.no\/content\/uploads\/sites\/11\/2024\/02\/Torjus-Vierli-2048x1536.jpg 2048w, https:\/\/www.blakors.no\/content\/uploads\/sites\/11\/2024\/02\/Torjus-Vierli-1920x1440.jpg 1920w\" sizes=\"auto, (max-width: 1024px) 100vw, 1024px\" \/><figcaption class=\"wp-element-caption\">Torjus Vierli leverte magi p\u00e5 tangentene.<\/figcaption><\/figure>\n\n\n\n<figure class=\"wp-block-image size-large\"><img loading=\"lazy\" decoding=\"async\" width=\"1024\" height=\"768\" src=\"https:\/\/www.blakors.no\/content\/uploads\/sites\/11\/2024\/02\/Jan-Inge-Jango-Nilsen-1024x768.jpg\" alt=\"Jan Inge Jango Nilsen\" class=\"wp-image-7984\" srcset=\"https:\/\/www.blakors.no\/content\/uploads\/sites\/11\/2024\/02\/Jan-Inge-Jango-Nilsen-1024x768.jpg 1024w, https:\/\/www.blakors.no\/content\/uploads\/sites\/11\/2024\/02\/Jan-Inge-Jango-Nilsen-300x225.jpg 300w, https:\/\/www.blakors.no\/content\/uploads\/sites\/11\/2024\/02\/Jan-Inge-Jango-Nilsen-768x576.jpg 768w, https:\/\/www.blakors.no\/content\/uploads\/sites\/11\/2024\/02\/Jan-Inge-Jango-Nilsen-1536x1152.jpg 1536w, https:\/\/www.blakors.no\/content\/uploads\/sites\/11\/2024\/02\/Jan-Inge-Jango-Nilsen-2048x1536.jpg 2048w, https:\/\/www.blakors.no\/content\/uploads\/sites\/11\/2024\/02\/Jan-Inge-Jango-Nilsen-1920x1440.jpg 1920w\" sizes=\"auto, (max-width: 1024px) 100vw, 1024px\" \/><figcaption class=\"wp-element-caption\">Jan Inge \u00abJango\u00bb Nilsen leverte str\u00e5lende p\u00e5 trommsettet.<\/figcaption><\/figure>\n\n\n\n<p>Konserten med Sigvart Dagsland Trio er den f\u00f8rste av i alt fire kirkeonserter.<\/p>\n\n\n\n<p>&#8211; Vi gjennomf\u00f8rte i fjor fire kirkekonserter med Jan Eggum og har \u00f8nsket at det skal bli en tradisjon \u00e5 arrangere kirkekonserter til inntekt for arbeidet vi driver, forteller markedssjef i Bl\u00e5 Kors Kristiansand, Henning Reme.<\/p>\n\n\n\n<figure class=\"wp-block-image size-large\"><img loading=\"lazy\" decoding=\"async\" width=\"1024\" height=\"576\" src=\"https:\/\/www.blakors.no\/content\/uploads\/sites\/11\/2023\/12\/Sigvart_Dagsland_Trio_SoMe-1920x1080px-1024x576.jpg\" alt=\"Sigvart Dagsland\" class=\"wp-image-7832\" srcset=\"https:\/\/www.blakors.no\/content\/uploads\/sites\/11\/2023\/12\/Sigvart_Dagsland_Trio_SoMe-1920x1080px-1024x576.jpg 1024w, https:\/\/www.blakors.no\/content\/uploads\/sites\/11\/2023\/12\/Sigvart_Dagsland_Trio_SoMe-1920x1080px-300x169.jpg 300w, https:\/\/www.blakors.no\/content\/uploads\/sites\/11\/2023\/12\/Sigvart_Dagsland_Trio_SoMe-1920x1080px-768x432.jpg 768w, https:\/\/www.blakors.no\/content\/uploads\/sites\/11\/2023\/12\/Sigvart_Dagsland_Trio_SoMe-1920x1080px-1536x864.jpg 1536w, https:\/\/www.blakors.no\/content\/uploads\/sites\/11\/2023\/12\/Sigvart_Dagsland_Trio_SoMe-1920x1080px.jpg 1920w\" sizes=\"auto, (max-width: 1024px) 100vw, 1024px\" \/><figcaption class=\"wp-element-caption\">Sigvart Dagsland Trio fortsetter konsertrekken i i Vanse kirke 8. februar, f\u00f8r turen g\u00e5r videre til Domkirken i Kristiansand den 9. februar. Kirkekonsertene avsluttes i Trefoldighetskirken i Arendal den 10. februar 2024<\/figcaption><\/figure>\n\n\n\n<p>Han sier videre han er glad for at det var mulig \u00e5 gjennomf\u00f8re konsertrekken sammen med Sigvart Dagsland Trio.<\/p>\n\n\n\n<p>&#8211; Dagsland er en artist med mye refleksjon om livet generelt og om det som handler om utenforskap, fremholder han.<\/p>\n\n\n\n<p>&#8211; L\u00e5tene hans rommer s\u00e5 mye og passer inn i kirkerommet, b\u00e5de hva innhold og formatet ang\u00e5r, legger han til.<\/p>\n\n\n\n<div class=\"wp-block-lib-header alignfull hide\"><div class=\"image-wrapper\"><img decoding=\"async\" src=\"https:\/\/www.blakors.no\/content\/uploads\/sites\/11\/2024\/02\/Sigvart-Dagsland-2.jpg\" alt=\"header\"\/><\/div><div class=\"header-innercontent\"><\/div><\/div>\n<div class=\"article-meta--info\">\n<div class=\"dekode-module-was-this-helpful\">\n\t<div class=\"\">\n\t\t<h2>Var dette nyttig?<\/h2>\n\t\t<form id=\"dekode-wth-form\">\n\t\t\t<button id=\"dekode-wth-yes\" class=\"button\" name=\"dekode-wth-feedback\" type=\"submit\"\n\t\t\t\t\tvalue=\"1\">Ja<\/button>\n\t\t\t<button id=\"dekode-wth-no\" class=\"button\" name=\"dekode-wth-feedback\" type=\"submit\"\n\t\t\t\t\tvalue=\"0\">Nei<\/button>\n\t\t\t<input type=\"hidden\" name=\"post_id\" value=\"7979\"\/>\n\t\t<\/form>\n\t<\/div>\n<\/div>\n\n<div class=\"relations\">\n\t<div class=\"latest-updated\">\n\t\t<span class=\"label\">Senest oppdatert: <\/span>\n\t\t<span class=\"content\">08.02.2024<\/span>\n\t<\/div>\n\t<\/div>\n<\/div>","protected":false},"excerpt":{"rendered":"<p>Konserten som Sigvart Dagsland Trio gjennomf\u00f8rte i Mandal kirke onsdag, den f\u00f8rste av i alt fire konserter i samarbeid med Bl\u00e5 Kors Kristiansand, ble noe helt spesielt. Det var rett og slett magi som ble levert. Av Ivar Eidsaa &#8211; Dette var en nydelig konsert, sa Astrid Vatnedal da konserten var over. &#8211; Jeg er [&hellip;]<\/p>\n","protected":false},"author":25,"featured_media":7981,"comment_status":"closed","ping_status":"closed","sticky":false,"template":"","format":"standard","meta":{"_acf_changed":false,"_relevanssi_hide_post":"","_relevanssi_hide_content":"","_relevanssi_pin_for_all":"on","_relevanssi_pin_keywords":"","_relevanssi_unpin_keywords":"","_relevanssi_related_keywords":"","_relevanssi_related_include_ids":"","_relevanssi_related_exclude_ids":"","_relevanssi_related_no_append":"","_relevanssi_related_not_related":"","_relevanssi_related_posts":"7831,8157,7609,8092,5591,5546","_relevanssi_noindex_reason":"","_custom_cards_description":"","footnotes":""},"categories":[5],"tags":[],"internal_tags":[],"class_list":["post-7979","post","type-post","status-publish","format-standard","has-post-thumbnail","hentry","category-bla-kors-kristiansand"],"acf":[],"_links":{"self":[{"href":"https:\/\/www.blakors.no\/kristiansand\/wp-json\/wp\/v2\/posts\/7979","targetHints":{"allow":["GET"]}}],"collection":[{"href":"https:\/\/www.blakors.no\/kristiansand\/wp-json\/wp\/v2\/posts"}],"about":[{"href":"https:\/\/www.blakors.no\/kristiansand\/wp-json\/wp\/v2\/types\/post"}],"author":[{"embeddable":true,"href":"https:\/\/www.blakors.no\/kristiansand\/wp-json\/wp\/v2\/users\/25"}],"replies":[{"embeddable":true,"href":"https:\/\/www.blakors.no\/kristiansand\/wp-json\/wp\/v2\/comments?post=7979"}],"version-history":[{"count":2,"href":"https:\/\/www.blakors.no\/kristiansand\/wp-json\/wp\/v2\/posts\/7979\/revisions"}],"predecessor-version":[{"id":7988,"href":"https:\/\/www.blakors.no\/kristiansand\/wp-json\/wp\/v2\/posts\/7979\/revisions\/7988"}],"wp:featuredmedia":[{"embeddable":true,"href":"https:\/\/www.blakors.no\/kristiansand\/wp-json\/wp\/v2\/media\/7981"}],"wp:attachment":[{"href":"https:\/\/www.blakors.no\/kristiansand\/wp-json\/wp\/v2\/media?parent=7979"}],"wp:term":[{"taxonomy":"category","embeddable":true,"href":"https:\/\/www.blakors.no\/kristiansand\/wp-json\/wp\/v2\/categories?post=7979"},{"taxonomy":"post_tag","embeddable":true,"href":"https:\/\/www.blakors.no\/kristiansand\/wp-json\/wp\/v2\/tags?post=7979"},{"taxonomy":"internal_tags","embeddable":true,"href":"https:\/\/www.blakors.no\/kristiansand\/wp-json\/wp\/v2\/internal_tags?post=7979"}],"curies":[{"name":"wp","href":"https:\/\/api.w.org\/{rel}","templated":true}]}}