{"id":8323,"date":"2024-07-01T14:20:00","date_gmt":"2024-07-01T12:20:00","guid":{"rendered":"https:\/\/www.blakors.no\/kristiansand\/?p=8323"},"modified":"2024-07-01T14:20:02","modified_gmt":"2024-07-01T12:20:02","slug":"glede-engasjement-og-sommerstemning","status":"publish","type":"post","link":"https:\/\/www.blakors.no\/kristiansand\/2024\/07\/01\/glede-engasjement-og-sommerstemning\/","title":{"rendered":"Glede, engasjement og sommerstemning"},"content":{"rendered":"<p class=\"t2-ingress wp-block-t2-ingress\">Bl\u00e5 Kors ferier har denne uken hatt 67 personer med p\u00e5 et innholdsrikt og variert ferieopphold med base p\u00e5 Kristiansand Feriesenter, og med fire medarbeidere fra ASKO AGDER som har v\u00e6rt med som Tidgivere (frivillige).<\/p>\n\n\n<p>Av Ivar Eidsaa<\/p>\n\n\n\n<p>&#8211; Det har v\u00e6rt en innholdsrik uke. Gode minner er blitt skapt. Dette ville vi ikke v\u00e6rt foruten, det har gjort stort inntrykk \u00e5 v\u00e6re med, sier Nina Thorsdahl, som sammen med Phuong Luu, Maud Gutvik og \u00d8ystein Tveide har v\u00e6rt Tidgivere under ferieuken.<\/p>\n\n\n\n<p>Det var i fjor at ASKO AGDER \u00f8nsket \u00e5 bidra inn til det arbeidet som Bl\u00e5 Kors ferier driver. Avtalen innebar at ASKO AGDER skulle bidra \u00f8konomisk til en ferieuke p\u00e5 Kristiansand Feriesenter p\u00e5 Dvergsnes, pluss at frivillige ansatte kunne stille for \u00e5 kunne gjennomf\u00f8re ferieoppholdet. Disse ville f\u00e5 permisjon med l\u00f8nn, og de kunne i tillegg ta med eget barn under ferieoppholdet.<\/p>\n\n\n\n<h2 id=\"ville-viderefore-avtalen\"  class=\"wp-block-heading\" >Ville videref\u00f8re avtalen<\/h2>\n\n\n\n<p>ASKO AGDER var s\u00e5 forn\u00f8yd med opplegget at da det ble gjennomf\u00f8rt et evalueringsm\u00f8te med Bl\u00e5 Kors ferier i etterkant av ferieuken i fjor, \u00f8nsket ASKO AGDER \u00e5 videref\u00f8re avtalen med nye tre \u00e5r.<\/p>\n\n\n\n<p>Det er fint \u00e5 kunne gi av sin egen tid til andre som ikke har det s\u00e5 greit, sier \u00d8ystein Tveide som var med som Tidgiver da \u00abHelaften\u00bb ble arrangert i november.<\/p>\n\n\n\n<blockquote class=\"wp-block-quote is-style-default is-layout-flow wp-block-quote-is-layout-flow\">\n<p>&#8211; Jeg blir jo stolt over egen arbeidsgiver som bidrar p\u00e5 denne m\u00e5ten.<\/p>\n<cite>\u00d8ystein Tveide, ASKO AGDER<\/cite><\/blockquote>\n\n\n\n<p>&#8211; Dette gav mersmak og jeg ville gjerne bidra mer. Det gir s\u00e5 mye glede tilbake, og det koster s\u00e5 lite \u00e5 bidra, og s\u00e5 betyr det mye for de som er med under ferieuken som deltakere, antagelig mye mer enn vi tror, sier Tveide.<\/p>\n\n\n\n<h2 id=\"variert-program\"  class=\"wp-block-heading\" >Variert program<\/h2>\n\n\n\n<p>&#8211; Kollegaene som var med i fjor skr\u00f8t veldig over det de hadde f\u00e5tt v\u00e6re en del av, og det gjorde at jeg hadde veldig lyst til \u00e5 bidra, sier Nina Thorsdahl.<\/p>\n\n\n\n<p>&#8211; Det at vi har hatt med eget barn er jo en stor fordel. Barna har s\u00e5 lett for \u00e5 f\u00e5 venner, og barna som er med som deltakere f\u00e5r jo mange barn \u00e5 v\u00e6re sammen med, sier Maud Gutvik.<\/p>\n\n\n\n<p>De forteller om feriedager med et variert program. Den f\u00f8rste dagen tok de imot familiene som kom. Alle m\u00e5ltider har v\u00e6rt fellesm\u00e5ltider. Siden har det v\u00e6rt krabbefiskekonkurranse, en tur til Dyreparken, en kinotur, b\u00e5ttur i flott skj\u00e6rg\u00e5rdsntatur og volleyballturnering, for \u00e5 ha nevnt noe. P\u00e5 onsdagen kom flere MC-klubber p\u00e5 bes\u00f8k hvor barn og voksne fikk v\u00e6re med p\u00e5 motorsykkeltur, og kvelden ble avsluttet med tidenes bingo bingobord med premier til alle.<\/p>\n\n\n\n<p>&#8211; S\u00e5 vi er blitt veldig godt kjent med deltakerne, sier Phuong Luu.<\/p>\n\n\n\n<h2 id=\"sterke-historier\"  class=\"wp-block-heading\" >Sterke historier<\/h2>\n\n\n\n<p>De forteller at deltakerne har sterke historier \u00e5 fortelle. \u00c5rsakene til at de har s\u00f8kt om \u00e5 f\u00e5 et ferieopphold er s\u00e5 mange. Noen har mistet jobben og opplever dyrtiden som ekstra krevende. For andre handler det om sykdom og ulike helsemessige utfordringer.<\/p>\n\n\n\n<p>&#8211; Det er jo et paradoks at behovene for et slikt tilbud \u00f8ker. S\u00f8knadsmassen \u00f8ker. Det er bekymringsfullt at flere n\u00e5 sliter, sier Gutvik.<\/p>\n\n\n\n<p>&#8211; Alle kan bidra med noe. ASKO AGDER har lagt til rette for at vi kan v\u00e6re med under hele uken. Andre kan bidra med en pengesum, atter andre med ulike produkter som en familie p\u00e5 ferietur m\u00e5tte trenge, sier Nina Thorsdahl.<\/p>\n\n\n\n<figure class=\"wp-block-image alignright size-large is-resized\"><img loading=\"lazy\" decoding=\"async\" width=\"1024\" height=\"683\" src=\"https:\/\/www.blakors.no\/content\/uploads\/sites\/11\/2020\/08\/Synnove-m-1024x683.jpg\" alt=\"Synn\u00f8ve Roland\" class=\"wp-image-7164\" style=\"width:476px;height:auto\" srcset=\"https:\/\/www.blakors.no\/content\/uploads\/sites\/11\/2020\/08\/Synnove-m-1024x683.jpg 1024w, https:\/\/www.blakors.no\/content\/uploads\/sites\/11\/2020\/08\/Synnove-m-300x200.jpg 300w, https:\/\/www.blakors.no\/content\/uploads\/sites\/11\/2020\/08\/Synnove-m-768x512.jpg 768w, https:\/\/www.blakors.no\/content\/uploads\/sites\/11\/2020\/08\/Synnove-m-1536x1024.jpg 1536w, https:\/\/www.blakors.no\/content\/uploads\/sites\/11\/2020\/08\/Synnove-m.jpg 1920w\" sizes=\"auto, (max-width: 1024px) 100vw, 1024px\" \/><figcaption class=\"wp-element-caption\">Synn\u00f8ve Roland<\/figcaption><\/figure>\n\n\n\n<p>Synn\u00f8ve Roland, virksomhetsleder for Bl\u00e5 Kors ferier, sier samarbeidet med ASKO AGDER er gull verd.<\/p>\n\n\n\n<p>&#8211; Avtalen inneb\u00e6rer at vi i \u00e5r kan gi et ferieopphold til 67 personer, med mange gode opplevelser og hvor fine ferieminner skapes, og det er fint \u00e5 h\u00f8re fra dem hvor mye det har betydd \u00e5 v\u00e6re med, og det motiverende for oss i Bl\u00e5 Kors ferier \u00e5 h\u00f8re hvorfor ASKO AGDER \u00f8nsker \u00e5 gj\u00f8re dette, sier Roland.<\/p>\n\n\n\n<p>Ferieuken p\u00e5 Kristiansand Feriesenter er bare en av flere som Bl\u00e5 Kors ferier gjennomf\u00f8rer i sommer. En egen ferieuke i Lyngdal, en egen ferieuke ved Folkeh\u00f8gskolen S\u00f8rlandet p\u00e5 Birkeland og ferieoppholdene gjennom Hjerterom, hvor campingplasser og feriesentre gir gratis overnatting, er noen eksempler.<\/p>\n\n\n\n<p>&#8211; Gjennom sommeren klarer vi \u00e5 gi et ferieopphold til tusen barn og foreldre, sier Synn\u00f8ve Roland.<\/p>\n<div class=\"article-meta--info\">\n<div class=\"dekode-module-was-this-helpful\">\n\t<div class=\"\">\n\t\t<h2>Var dette nyttig?<\/h2>\n\t\t<form id=\"dekode-wth-form\">\n\t\t\t<button id=\"dekode-wth-yes\" class=\"button\" name=\"dekode-wth-feedback\" type=\"submit\"\n\t\t\t\t\tvalue=\"1\">Ja<\/button>\n\t\t\t<button id=\"dekode-wth-no\" class=\"button\" name=\"dekode-wth-feedback\" type=\"submit\"\n\t\t\t\t\tvalue=\"0\">Nei<\/button>\n\t\t\t<input type=\"hidden\" name=\"post_id\" value=\"8323\"\/>\n\t\t<\/form>\n\t<\/div>\n<\/div>\n\n<div class=\"relations\">\n\t<div class=\"latest-updated\">\n\t\t<span class=\"label\">Senest oppdatert: <\/span>\n\t\t<span class=\"content\">01.07.2024<\/span>\n\t<\/div>\n\t<\/div>\n<\/div>","protected":false},"excerpt":{"rendered":"<p>Av Ivar Eidsaa &#8211; Det har v\u00e6rt en innholdsrik uke. Gode minner er blitt skapt. Dette ville vi ikke v\u00e6rt foruten, det har gjort stort inntrykk \u00e5 v\u00e6re med, sier Nina Thorsdahl, som sammen med Phuong Luu, Maud Gutvik og \u00d8ystein Tveide har v\u00e6rt Tidgivere under ferieuken. Det var i fjor at ASKO AGDER \u00f8nsket [&hellip;]<\/p>\n","protected":false},"author":25,"featured_media":8324,"comment_status":"closed","ping_status":"closed","sticky":false,"template":"","format":"standard","meta":{"_acf_changed":false,"_relevanssi_hide_post":"","_relevanssi_hide_content":"","_relevanssi_pin_for_all":"on","_relevanssi_pin_keywords":"","_relevanssi_unpin_keywords":"","_relevanssi_related_keywords":"","_relevanssi_related_include_ids":"","_relevanssi_related_exclude_ids":"","_relevanssi_related_no_append":"","_relevanssi_related_not_related":"","_relevanssi_related_posts":"9040,4758,5542,4525,6263,8571","_relevanssi_noindex_reason":"","_custom_cards_description":"","footnotes":""},"categories":[5],"tags":[],"internal_tags":[],"class_list":["post-8323","post","type-post","status-publish","format-standard","has-post-thumbnail","hentry","category-bla-kors-kristiansand"],"acf":[],"_links":{"self":[{"href":"https:\/\/www.blakors.no\/kristiansand\/wp-json\/wp\/v2\/posts\/8323","targetHints":{"allow":["GET"]}}],"collection":[{"href":"https:\/\/www.blakors.no\/kristiansand\/wp-json\/wp\/v2\/posts"}],"about":[{"href":"https:\/\/www.blakors.no\/kristiansand\/wp-json\/wp\/v2\/types\/post"}],"author":[{"embeddable":true,"href":"https:\/\/www.blakors.no\/kristiansand\/wp-json\/wp\/v2\/users\/25"}],"replies":[{"embeddable":true,"href":"https:\/\/www.blakors.no\/kristiansand\/wp-json\/wp\/v2\/comments?post=8323"}],"version-history":[{"count":1,"href":"https:\/\/www.blakors.no\/kristiansand\/wp-json\/wp\/v2\/posts\/8323\/revisions"}],"predecessor-version":[{"id":8325,"href":"https:\/\/www.blakors.no\/kristiansand\/wp-json\/wp\/v2\/posts\/8323\/revisions\/8325"}],"wp:featuredmedia":[{"embeddable":true,"href":"https:\/\/www.blakors.no\/kristiansand\/wp-json\/wp\/v2\/media\/8324"}],"wp:attachment":[{"href":"https:\/\/www.blakors.no\/kristiansand\/wp-json\/wp\/v2\/media?parent=8323"}],"wp:term":[{"taxonomy":"category","embeddable":true,"href":"https:\/\/www.blakors.no\/kristiansand\/wp-json\/wp\/v2\/categories?post=8323"},{"taxonomy":"post_tag","embeddable":true,"href":"https:\/\/www.blakors.no\/kristiansand\/wp-json\/wp\/v2\/tags?post=8323"},{"taxonomy":"internal_tags","embeddable":true,"href":"https:\/\/www.blakors.no\/kristiansand\/wp-json\/wp\/v2\/internal_tags?post=8323"}],"curies":[{"name":"wp","href":"https:\/\/api.w.org\/{rel}","templated":true}]}}