{"id":8571,"date":"2024-12-12T10:33:41","date_gmt":"2024-12-12T09:33:41","guid":{"rendered":"https:\/\/www.blakors.no\/kristiansand\/?p=8571"},"modified":"2025-07-29T15:14:22","modified_gmt":"2025-07-29T13:14:22","slug":"hjertevarmen-er-stor","status":"publish","type":"post","link":"https:\/\/www.blakors.no\/kristiansand\/2024\/12\/12\/hjertevarmen-er-stor\/","title":{"rendered":"&#8211; Hjertevarmen er stor"},"content":{"rendered":"<p class=\"t2-ingress wp-block-t2-ingress\"><strong>En lang rekke butikker, bedrifter, hoteller, kirker og kj\u00f8pesentre \u00f8nsker \u00e5\u00a0gj\u00f8re det de kan for \u00e5 hjelpe familiene som har utfordringer opp mot jul.\u00a0&#8211; Det gj\u00f8r et sterkt inntrykk \u00e5 se den hjertevarmen som folk har og som inneb\u00e6rer at vi kan hjelpe mange familier.<\/strong><\/p>\n\n\n<p>Av Ivar Eidsaa<\/p>\n\n\n\n<p>&#8211; Hele&nbsp;byen&nbsp;er g\u00e5tt&nbsp;sammen om \u00e5 hjelpe. Det&nbsp;sier Wenche T\u00f8nnessen, markedskoordinator i Bl\u00e5 Kors Kristiansand, etter at flere titalls butikker, kj\u00f8pesentre og bedrifter har tatt kontakt med Bl\u00e5 Kors Kristiansand og fortalt at de \u00f8nsker \u00e5 hjelpe dem som trenger en h\u00e5ndsrekning opp mot jul. Felles for disse er at de&nbsp;har plassert ut juletre i sine lokaler hvor ansatte, kunder og byens befolkning kan komme og legge ned en gave under juletreet.<\/p>\n\n\n\t<div class=\"custom-block-related-article \">\n\t\t\t<div class=\"image\">\n\t\t\t\t<a href=\"https:\/\/www.blakors.no\/kristiansand\/2023\/12\/11\/hele-byen-gar-sammen-om-a-hjelpe\/\">\n\t\t\t\t<img loading=\"lazy\" decoding=\"async\" width=\"300\" height=\"225\" src=\"https:\/\/www.blakors.no\/content\/uploads\/sites\/11\/2023\/12\/Wenche-Tonnessen-300x225.jpg\" class=\"attachment-medium size-medium wp-post-image\" alt=\"Wenche T\u00f8nnessen\" srcset=\"https:\/\/www.blakors.no\/content\/uploads\/sites\/11\/2023\/12\/Wenche-Tonnessen-300x225.jpg 300w, https:\/\/www.blakors.no\/content\/uploads\/sites\/11\/2023\/12\/Wenche-Tonnessen-1024x768.jpg 1024w, https:\/\/www.blakors.no\/content\/uploads\/sites\/11\/2023\/12\/Wenche-Tonnessen-768x576.jpg 768w, https:\/\/www.blakors.no\/content\/uploads\/sites\/11\/2023\/12\/Wenche-Tonnessen-1536x1152.jpg 1536w, https:\/\/www.blakors.no\/content\/uploads\/sites\/11\/2023\/12\/Wenche-Tonnessen-2048x1536.jpg 2048w, https:\/\/www.blakors.no\/content\/uploads\/sites\/11\/2023\/12\/Wenche-Tonnessen-1920x1440.jpg 1920w\" sizes=\"auto, (max-width: 300px) 100vw, 300px\" \/>\t\t\t\t<\/a>\n\t\t\t<\/div>\n\t\t\t<div class=\"content\">\n\t\t\t\t<a href=\"https:\/\/www.blakors.no\/kristiansand\/2023\/12\/11\/hele-byen-gar-sammen-om-a-hjelpe\/\">\n\t\t\t\t<span class=\"label\">Les ogs\u00e5<\/span><h3 id=\"hele-byen-gar-sammen-om-a-hjelpe\"  class=\"title\" >Hele byen g\u00e5r sammen om \u00e5 hjelpe<\/h3>\t\t\t\t<\/a>\n\t\t\t<\/div>\n\t<\/div>\n\t\n\n\n<h2 id=\"en-raus-og-varm-by\"  class=\"wp-block-heading\" ><strong>&#8211; En raus og varm by<\/strong><\/h2>\n\n\n\n<p>&#8211; Antallet har aldri v\u00e6rt st\u00f8rre. Vi bor i en enorm raus og varm by. Det er ufattelig hvor mange gode mennesker som finnes og som \u00f8nsker \u00e5 bidra med det de kan for \u00e5 hjelpe dem som av ulike \u00e5rsaker hat utfordringer i forbindelse med julen, sier T\u00f8nnessen.<\/p>\n\n\n<div class=\"wp-block-blakors-person-cards\">\n\t\t\t\n<div class=\"t2-featured-single-post compact-card-template t2-featured-content is-post-type-person compact-card-template wp-block-t2-featured-single-post\"><figure style=\"--t2-focal-point: 50% 50%;\" class=\"t2-post-featured-image has-image-ratio-1-1 wp-block-t2-post-featured-image\"><img loading=\"lazy\" decoding=\"async\" width=\"1920\" height=\"1280\" src=\"https:\/\/www.blakors.no\/content\/uploads\/sites\/11\/2020\/08\/Wenche-m.png\" class=\"attachment-post-thumbnail size-post-thumbnail wp-post-image\" alt=\"Wenche T\u00f8nnessen\" srcset=\"https:\/\/www.blakors.no\/content\/uploads\/sites\/11\/2020\/08\/Wenche-m.png 1920w, https:\/\/www.blakors.no\/content\/uploads\/sites\/11\/2020\/08\/Wenche-m-300x200.png 300w, https:\/\/www.blakors.no\/content\/uploads\/sites\/11\/2020\/08\/Wenche-m-1024x683.png 1024w, https:\/\/www.blakors.no\/content\/uploads\/sites\/11\/2020\/08\/Wenche-m-768x512.png 768w, https:\/\/www.blakors.no\/content\/uploads\/sites\/11\/2020\/08\/Wenche-m-1536x1024.png 1536w\" sizes=\"auto, (min-width: 782px) 768px, 100vw\" \/><\/figure>\n\n<div class=\"wp-block-group alignfull is-layout-flow wp-block-group-is-layout-flow\">\n\t<div class=\"t2-post-dynamic-part is-source-filter filter-person_card_meta post-meta wp-block-t2-post-dynamic-part\"><div class=\"title\"><h2 id=\"wenche-tonnessen\"  class=\"t2-post-title wp-block-t2-post-title\" >Wenche T\u00f8nnessen<\/h2><p class=\"position\">Bl\u00e5 Kors ferier<\/p><\/div><div class=\"contact-info\"><p class=\"phone\"><a href=\"tel:+4748133423\">481 33 423<\/a><\/p><p class=\"email\"><a href=\"mailto:wenche.tonnessen@blakorskrs.no\">wenche.tonnessen@blakorskrs.no<\/a><\/p><\/div><\/div>\n<\/div>\n\n<\/div>\n\n\t\t<\/div>\n\n\n<p>&#8211; Det bedriftene&nbsp;som er med&nbsp;forteller er at de \u00f8nsker \u00e5 ta et samfunnsansvar. De forteller at det bidrar til intern stolthet og engasjement&nbsp;hos de ansatte, og at det \u00e5 bidra&nbsp;er&nbsp;noe fint&nbsp;bedriften kan st\u00e5 sammen om, sier&nbsp;T\u00f8nnessen.<\/p>\n\n\n\n<p>Men det er ogs\u00e5 mange private som bidrar. <\/p>\n\n\n\n<blockquote class=\"wp-block-quote is-style-default is-layout-flow wp-block-quote-is-layout-flow\">\n<p>Ofte er det hele familien som kommer og legger gaver under treet.<\/p>\n<\/blockquote>\n\n\n\n<p>Et av juletr\u00e6rne hvor publikum kan legge ned en gave, st\u00e5r i Byhallen hos Kristiansand kommune.<\/p>\n\n\n\n<p>&#8211; Vi \u00f8nsket \u00e5 skulle bidra og tok kontakt med Bl\u00e5 Kors Kristiansand for en tre-fire \u00e5r siden. Siden da har vi hvert \u00e5r hatt et juletre st\u00e5ende hvor publikum kan legge ned gaver under treet,&nbsp;forteller Lisan Gjendem, prosjektleder i Kristiansand kommune.<\/p>\n\n\n\n<figure class=\"wp-block-image size-large\"><img loading=\"lazy\" decoding=\"async\" width=\"1024\" height=\"683\" src=\"https:\/\/www.blakors.no\/content\/uploads\/sites\/11\/2024\/12\/Juletreet-star-klart-til-a-ta-i-mot-mange-julepresanger-sier-Lisan-Gjendem-Hege-Sonsteby-og-Gunhild-Kristiansen-1024x683.jpg\" alt=\"Juletreet i Byhallen\" class=\"wp-image-8572\" srcset=\"https:\/\/www.blakors.no\/content\/uploads\/sites\/11\/2024\/12\/Juletreet-star-klart-til-a-ta-i-mot-mange-julepresanger-sier-Lisan-Gjendem-Hege-Sonsteby-og-Gunhild-Kristiansen-1024x683.jpg 1024w, https:\/\/www.blakors.no\/content\/uploads\/sites\/11\/2024\/12\/Juletreet-star-klart-til-a-ta-i-mot-mange-julepresanger-sier-Lisan-Gjendem-Hege-Sonsteby-og-Gunhild-Kristiansen-300x200.jpg 300w, https:\/\/www.blakors.no\/content\/uploads\/sites\/11\/2024\/12\/Juletreet-star-klart-til-a-ta-i-mot-mange-julepresanger-sier-Lisan-Gjendem-Hege-Sonsteby-og-Gunhild-Kristiansen-768x512.jpg 768w, https:\/\/www.blakors.no\/content\/uploads\/sites\/11\/2024\/12\/Juletreet-star-klart-til-a-ta-i-mot-mange-julepresanger-sier-Lisan-Gjendem-Hege-Sonsteby-og-Gunhild-Kristiansen-1536x1024.jpg 1536w, https:\/\/www.blakors.no\/content\/uploads\/sites\/11\/2024\/12\/Juletreet-star-klart-til-a-ta-i-mot-mange-julepresanger-sier-Lisan-Gjendem-Hege-Sonsteby-og-Gunhild-Kristiansen-2048x1365.jpg 2048w\" sizes=\"auto, (max-width: 1024px) 100vw, 1024px\" \/><figcaption class=\"wp-element-caption\">&#8211; Juletreet i Byhallen st\u00e5r klart til \u00e5 ta i mot mange julepresanger, sier Lisan Gjendem, Hege S\u00f8nsteby og Gunhild Kristiansen.<\/figcaption><\/figure>\n\n\n\n<h2 id=\"mange-vil-bidra\"  class=\"wp-block-heading\" ><strong>Mange vil bidra<\/strong><\/h2>\n\n\n\n<p>&#8211; Mange har f\u00e5tt med seg at vi har et \u00abvarmt juletre\u00bb st\u00e5ende. Bare her i R\u00e5dhuskvartalet arbeider&nbsp;det er over 300 medarbeidere&nbsp;som ser treet. Mange er innom Byhallen av ulike \u00e5rsaker, og vi har markedsf\u00f8rt det hele p\u00e5 v\u00e5re digitale plattformer og p\u00e5 sidene Julebyen Kristiansand,&nbsp;s\u00e5 vi n\u00e5r mange med informasjonen om at man kan bidra,&nbsp;sier Gjendem.<\/p>\n\n\n\n<p>&#8211; Det sier litt om hjertevarmen i Kristiansand at s\u00e5 mange \u00f8nsker \u00e5 bidra, sier Gjendem.<\/p>\n\n\n\n<blockquote class=\"wp-block-quote is-style-default is-layout-flow wp-block-quote-is-layout-flow\">\n<p>Gavene som legges ned er utstyrt med til og fra lapper, \u00abTil gutt 12 \u00e5r\u00bb, \u00abTil jente 5 \u00e5r\u00bb osv.<\/p>\n<\/blockquote>\n\n\n\n<p>&#8211; Selv i den dyrtiden vi n\u00e5 opplever, s\u00e5 er det likevel s\u00e5 mange som \u00f8nsker \u00e5 bidra, og utviser en raushet som er helt enorm,&nbsp;sier Wenche T\u00f8nnessen.<\/p>\n\n\n\n<p>Lisan Gjendem forteller at juletreet vil bli st\u00e5ende helt frem til jul.&nbsp;Medarbeidere fra Bl\u00e5 Kors Kristiansand vil jevnlig bes\u00f8ke butikker, kj\u00f8pesentre og alle som bidrar, med \u00e5 hente gavene som legges under treet.<\/p>\n\n\n\n<h2 id=\"hva-julen-egentlig-handler-om\"  class=\"wp-block-heading\" ><strong>Hva julen egentlig handler om<\/strong><\/h2>\n\n\n\n<p>&#8211;&nbsp;Julen handler om \u00e5 gi, og i \u00e5r samarbeider&nbsp;vi&nbsp;med Bl\u00e5 Kors for \u00e5 spre glede til dem som trenger det mest. I&nbsp;lobbyen her p\u00e5 hotellet&nbsp;st\u00e5r et \u00abensomt juletre\u00bb, klart til \u00e5 fylles med gaver&nbsp;til familier som har lite, sier Per R. Svendsen, hotelldirekt\u00f8r ved Hotell Radisson Blue&nbsp;Caledonien.<\/p>\n\n\n\n<figure class=\"wp-block-image size-full\"><img loading=\"lazy\" decoding=\"async\" width=\"800\" height=\"1000\" src=\"https:\/\/www.blakors.no\/content\/uploads\/sites\/11\/2024\/12\/Hotel-Caledonien-Per-R.-Svendsen-og-Wenche-Tonnessen.jpg\" alt=\"Juletreet hos Hotel Caledonien\" class=\"wp-image-8573\" srcset=\"https:\/\/www.blakors.no\/content\/uploads\/sites\/11\/2024\/12\/Hotel-Caledonien-Per-R.-Svendsen-og-Wenche-Tonnessen.jpg 800w, https:\/\/www.blakors.no\/content\/uploads\/sites\/11\/2024\/12\/Hotel-Caledonien-Per-R.-Svendsen-og-Wenche-Tonnessen-240x300.jpg 240w, https:\/\/www.blakors.no\/content\/uploads\/sites\/11\/2024\/12\/Hotel-Caledonien-Per-R.-Svendsen-og-Wenche-Tonnessen-768x960.jpg 768w\" sizes=\"auto, (max-width: 800px) 100vw, 800px\" \/><figcaption class=\"wp-element-caption\">Juletreet hos Hotel Caledonien, her med Per R. Svendsen og Wenche T\u00f8nnessen i Bl\u00e5 Kors Kristiansand<\/figcaption><\/figure>\n\n\n\n<p>&#8211;&nbsp;Dette er en viktig p\u00e5minnelse om hva julen egentlig handler om, og vi er stolte over \u00e5 v\u00e6re en del av dette initiativet,&nbsp;Svendsen.<\/p>\n\n\n\n<p>&#8211; I fjor bidrog butikker, n\u00e6ringsliv og private med&nbsp;mange hundre&nbsp;julepakker.&nbsp;Basert p\u00e5 oppslutningen i \u00e5r&nbsp;blir det trolig ikke noe mindre i \u00e5r. Gavene vil g\u00e5 til dem som er i v\u00e5r m\u00e5lgruppe, og som har utfordringer i hverdagen med rusavhengighet, psykiske utfordringer eller vedvarende lavinntekt,&nbsp;og er med og bidrar til at de kan feire jul p\u00e5 en god m\u00e5te,&nbsp;sier&nbsp;Wenche&nbsp;T\u00f8nnessen.<\/p>\n\n<div class=\"relations\">\n\t<div class=\"latest-updated\">\n\t\t<span class=\"label\">Senest oppdatert: <\/span>\n\t\t<span class=\"content\">29.07.2025<\/span>\n\t<\/div>\n\t<\/div>\n","protected":false},"excerpt":{"rendered":"<p>Av Ivar Eidsaa &#8211; Hele&nbsp;byen&nbsp;er g\u00e5tt&nbsp;sammen om \u00e5 hjelpe. Det&nbsp;sier Wenche T\u00f8nnessen, markedskoordinator i Bl\u00e5 Kors Kristiansand, etter at flere titalls butikker, kj\u00f8pesentre og bedrifter har tatt kontakt med Bl\u00e5 Kors Kristiansand og fortalt at de \u00f8nsker \u00e5 hjelpe dem som trenger en h\u00e5ndsrekning opp mot jul. Felles for disse er at de&nbsp;har plassert ut [&hellip;]<\/p>\n","protected":false},"author":25,"featured_media":8574,"comment_status":"closed","ping_status":"closed","sticky":false,"template":"","format":"standard","meta":{"_acf_changed":false,"_relevanssi_hide_post":"","_relevanssi_hide_content":"","_relevanssi_pin_for_all":"on","_relevanssi_pin_keywords":"","_relevanssi_unpin_keywords":"","_relevanssi_related_keywords":"","_relevanssi_related_include_ids":"","_relevanssi_related_exclude_ids":"","_relevanssi_related_no_append":"","_relevanssi_related_not_related":"","_relevanssi_related_posts":"8401,8256,8732,4532,4714,6689","_relevanssi_noindex_reason":"","_custom_cards_description":"","footnotes":""},"categories":[5],"tags":[],"internal_tags":[],"class_list":["post-8571","post","type-post","status-publish","format-standard","has-post-thumbnail","hentry","category-bla-kors-kristiansand"],"acf":[],"_links":{"self":[{"href":"https:\/\/www.blakors.no\/kristiansand\/wp-json\/wp\/v2\/posts\/8571","targetHints":{"allow":["GET"]}}],"collection":[{"href":"https:\/\/www.blakors.no\/kristiansand\/wp-json\/wp\/v2\/posts"}],"about":[{"href":"https:\/\/www.blakors.no\/kristiansand\/wp-json\/wp\/v2\/types\/post"}],"author":[{"embeddable":true,"href":"https:\/\/www.blakors.no\/kristiansand\/wp-json\/wp\/v2\/users\/25"}],"replies":[{"embeddable":true,"href":"https:\/\/www.blakors.no\/kristiansand\/wp-json\/wp\/v2\/comments?post=8571"}],"version-history":[{"count":4,"href":"https:\/\/www.blakors.no\/kristiansand\/wp-json\/wp\/v2\/posts\/8571\/revisions"}],"predecessor-version":[{"id":8946,"href":"https:\/\/www.blakors.no\/kristiansand\/wp-json\/wp\/v2\/posts\/8571\/revisions\/8946"}],"wp:featuredmedia":[{"embeddable":true,"href":"https:\/\/www.blakors.no\/kristiansand\/wp-json\/wp\/v2\/media\/8574"}],"wp:attachment":[{"href":"https:\/\/www.blakors.no\/kristiansand\/wp-json\/wp\/v2\/media?parent=8571"}],"wp:term":[{"taxonomy":"category","embeddable":true,"href":"https:\/\/www.blakors.no\/kristiansand\/wp-json\/wp\/v2\/categories?post=8571"},{"taxonomy":"post_tag","embeddable":true,"href":"https:\/\/www.blakors.no\/kristiansand\/wp-json\/wp\/v2\/tags?post=8571"},{"taxonomy":"internal_tags","embeddable":true,"href":"https:\/\/www.blakors.no\/kristiansand\/wp-json\/wp\/v2\/internal_tags?post=8571"}],"curies":[{"name":"wp","href":"https:\/\/api.w.org\/{rel}","templated":true}]}}