{"id":8659,"date":"2025-02-27T11:11:07","date_gmt":"2025-02-27T10:11:07","guid":{"rendered":"https:\/\/www.blakors.no\/kristiansand\/?p=8659"},"modified":"2025-03-14T13:18:50","modified_gmt":"2025-03-14T12:18:50","slug":"bla-kors-overtar-molla-bruktmarked","status":"publish","type":"post","link":"https:\/\/www.blakors.no\/kristiansand\/2025\/02\/27\/bla-kors-overtar-molla-bruktmarked\/","title":{"rendered":"Bl\u00e5 Kors overtar M\u00f8lla bruktmarked"},"content":{"rendered":"<p class=\"t2-ingress wp-block-t2-ingress\">&#8211; Torsdag 20. mars \u00e5pner vi d\u00f8rene til v\u00e5r nye, store gjenbruksbutikk som blir \u00e5 finne i de gamle lokalene til M\u00f8lla bruktmarked ved Setesdalsveien p\u00e5 Grim, sier Milad Masoodean, Cato Wiig og Julia Premak.<\/p>\n\n\n<p>Av Ivar Eidsaa<\/p>\n\n\n\n<p>&#8211; Gjenbruk er i vinden, og da muligheten kom til \u00e5 kunne drive gjenbruksbutikken p\u00e5 Grim, var ikke valget vanskelig, sier Milad Masoodean, virksomhetsleder for Bl\u00e5 Kors gjenbruk.<\/p>\n\n\n\n<p>&#8211; Olga og Oddvar Moy har i mange \u00e5r v\u00e6rt gode Bl\u00e5 Kors-venner, og har hatt flere av v\u00e5re brukere i arbeid. Da de \u00f8nsket \u00e5 gi seg, bad de oss om \u00e5 ta over driften, opplyser Arvid Solheim, daglig leder i Bl\u00e5 Kors Kristiansand.<\/p>\n\n\n\n<p>Olga og Oddvar Moy gav seg i slutten av november. Siden da er lokalene blitt ryddet. Noe oppussing er blitt gjennomf\u00f8rt og en god gjeng er n\u00e5 i full gang med \u00e5 gj\u00f8re butikken klar til \u00e5pning.<\/p>\n\n\n\n<figure class=\"wp-block-image size-large\"><img loading=\"lazy\" decoding=\"async\" width=\"1024\" height=\"768\" src=\"https:\/\/www.blakors.no\/content\/uploads\/sites\/11\/2025\/03\/Butikk-Tor-Kristian-Ludvigsen-1024x768.jpg\" alt=\"Butikk - Tor Kristian Ludvigsen\" class=\"wp-image-8660\" srcset=\"https:\/\/www.blakors.no\/content\/uploads\/sites\/11\/2025\/03\/Butikk-Tor-Kristian-Ludvigsen-1024x768.jpg 1024w, https:\/\/www.blakors.no\/content\/uploads\/sites\/11\/2025\/03\/Butikk-Tor-Kristian-Ludvigsen-300x225.jpg 300w, https:\/\/www.blakors.no\/content\/uploads\/sites\/11\/2025\/03\/Butikk-Tor-Kristian-Ludvigsen-768x576.jpg 768w, https:\/\/www.blakors.no\/content\/uploads\/sites\/11\/2025\/03\/Butikk-Tor-Kristian-Ludvigsen-1536x1152.jpg 1536w, https:\/\/www.blakors.no\/content\/uploads\/sites\/11\/2025\/03\/Butikk-Tor-Kristian-Ludvigsen-1920x1440.jpg 1920w, https:\/\/www.blakors.no\/content\/uploads\/sites\/11\/2025\/03\/Butikk-Tor-Kristian-Ludvigsen.jpg 2048w\" sizes=\"auto, (max-width: 1024px) 100vw, 1024px\" \/><figcaption class=\"wp-element-caption\">Gjenbruksbutikken til Bl\u00e5 Kors p\u00e5 Grim blir p\u00e5 ca 1.500 kvadratmeter. Foto: Tor Kristian Ludvigsen.<\/figcaption><\/figure>\n\n\n\n<h2 id=\"apner-torsdag-20-mars-kl-11\"  class=\"wp-block-heading\" >\u00c5pner torsdag 20. mars kl 11<\/h2>\n\n\n\n<p>&#8211; Vi gleder oss til \u00e5 \u00e5pne den 20. mars og jobber p\u00e5 spreng for \u00e5 f\u00e5 det meste ferdig til da, sier Masoodean.<\/p>\n\n\n\n<blockquote class=\"wp-block-quote is-style-default is-layout-flow wp-block-quote-is-layout-flow\">\n<p>Den nye gjenbruksbutikken vil gi jobb til mange.<\/p>\n<\/blockquote>\n\n\n\n<p>&#8211; Vi har flere prosjekter som handler om \u00e5 skape arbeidserfaring for ungdom, blant annet i samarbeid med kommunen. B\u00e5de Tidgivere og ungdommer som f\u00e5r l\u00f8nn vil f\u00e5 vakter i butikken, legger Masoodean til.<\/p>\n\n\n\n<p>Flere har f\u00e5tt med seg at Bl\u00e5 Kors Kristiansand tar over gjenbruksbutikken p\u00e5 Grim og har \u00f8nsket \u00e5 bidra, blant annet ga en stor klesbutikk i sentrum hele butikkinnredningen n\u00e5r de avviklet butikken sin.<\/p>\n\n\n\n<p>&#8211; Vi er utrolig takknemlige, de ga b\u00e5de butikkinnredning med kasse og det hele, til en verdi p\u00e5 over en million kroner, sier Masoodean.<\/p>\n\n\n\n<figure class=\"wp-block-image size-large\"><img loading=\"lazy\" decoding=\"async\" width=\"1024\" height=\"683\" src=\"https:\/\/www.blakors.no\/content\/uploads\/sites\/11\/2025\/03\/Milad-Masoodean-og-Julie-Premak-proverom-1024x683.jpg\" alt=\"Milad Masoodean og Julie Premak\" class=\"wp-image-8664\" srcset=\"https:\/\/www.blakors.no\/content\/uploads\/sites\/11\/2025\/03\/Milad-Masoodean-og-Julie-Premak-proverom-1024x683.jpg 1024w, https:\/\/www.blakors.no\/content\/uploads\/sites\/11\/2025\/03\/Milad-Masoodean-og-Julie-Premak-proverom-300x200.jpg 300w, https:\/\/www.blakors.no\/content\/uploads\/sites\/11\/2025\/03\/Milad-Masoodean-og-Julie-Premak-proverom-768x512.jpg 768w, https:\/\/www.blakors.no\/content\/uploads\/sites\/11\/2025\/03\/Milad-Masoodean-og-Julie-Premak-proverom-1536x1024.jpg 1536w, https:\/\/www.blakors.no\/content\/uploads\/sites\/11\/2025\/03\/Milad-Masoodean-og-Julie-Premak-proverom-2048x1365.jpg 2048w\" sizes=\"auto, (max-width: 1024px) 100vw, 1024px\" \/><figcaption class=\"wp-element-caption\">&#8211; I 2. etasje kommer klesavdelingen, sier Milad Masoodean og Julie Premak.<\/figcaption><\/figure>\n\n\n\n<h2 id=\"1-500-kvadratmeter-med-butikk\"  class=\"wp-block-heading\" >1.500 kvadratmeter med butikk<\/h2>\n\n\n\n<p>&#8211; I butikken f\u00e5r vi 1.500 kvadratmeter fordelt p\u00e5 to etasjer \u00e5 boltre oss p\u00e5, sier Julie Premak.<\/p>\n\n\n\n<p>En av dem som er i gang med \u00e5 f\u00e5 butikken klar, er Tidgiver Karin Jensen.<\/p>\n\n\n\n<blockquote class=\"wp-block-quote is-style-default is-layout-flow wp-block-quote-is-layout-flow\">\n<p>&#8211; Det er spennende \u00e5 v\u00e6re med p\u00e5 \u00e5 bygge opp en ny butikk. <\/p>\n<cite>Karin Jensen, Tidgiver<\/cite><\/blockquote>\n\n\n\n<p>&#8211; Det er moro og sv\u00e6rt meningsfylt \u00e5 kunne bidra, sier Karin Jensen som jobber i gjenbruksbutikken p\u00e5 Grim to dager i uken.<\/p>\n\n\n\n<p>&#8211; Det er jo s\u00e5 g\u00f8y \u00e5 holde p\u00e5 og v\u00e6re med at jeg gjerne kunne v\u00e6rt med hver dag, ler hun.<\/p>\n\n\n\n<p>Julie Premak forteller at gjenbruk og ombruk er i vinden som aldri f\u00f8r. Hun har ledet gjenbruksbutikken som Bl\u00e5 Kors Kristiansand har p\u00e5 gjenbruksanlegget til Avfall S\u00f8r p\u00e5 Mj\u00e5vann, og forteller om en kraftig \u00f8kning i mengden som publikum leverer inn til gjenvinning.<\/p>\n\n\n\n<h2 id=\"gjenvinner-flere-hundre-tonn\"  class=\"wp-block-heading\" >Gjenvinner flere hundre tonn<\/h2>\n\n\n\n<p>Bl\u00e5 Kors Kristiansand har ogs\u00e5 mottak og lagerbutikk ved den nye gjenvinningsstasjonen p\u00e5 Sydinga \u00f8st for Kristiansand.<\/p>\n\n\n\n<p>&#8211; P\u00e5 de to gjenvinningsstasjonene leveres det flere hundre tonn som vi selger videre. Vi h\u00e5per \u00e5 selge rundt en 150 tonn med kl\u00e6r, og selger allerede 250 tonn fra f\u00f8r av m\u00f8bler, leker, b\u00f8ker og nips. Det betyr at alt vi f\u00e5r inn, blir solgt videre gjennom v\u00e5re butikker. Det kommer inn s\u00e5 mye at vi ogs\u00e5 kan fylle opp den nye gjenbruksbutikken p\u00e5 Grim. Vi vil daglig hente inn det som publikum leverer p\u00e5 Sydinga og fylle p\u00e5 med disse produktene p\u00e5 Grim, s\u00e5 butikken vil fremst\u00e5 som \u00abny\u00bb s\u00e5 \u00e5 si hver eneste dag, sier Julie Premak.<\/p>\n\n\n\n<figure class=\"wp-block-image size-large is-resized\"><img loading=\"lazy\" decoding=\"async\" width=\"694\" height=\"1024\" src=\"https:\/\/www.blakors.no\/content\/uploads\/sites\/11\/2021\/11\/2021-11-22_Faedrelandsvennen-694x1024.jpg\" alt=\"Fedrelandsvennen om Bl\u00e5 Kors Gjenbruk\" class=\"wp-image-4581\" style=\"width:800px;height:auto\" srcset=\"https:\/\/www.blakors.no\/content\/uploads\/sites\/11\/2021\/11\/2021-11-22_Faedrelandsvennen-694x1024.jpg 694w, https:\/\/www.blakors.no\/content\/uploads\/sites\/11\/2021\/11\/2021-11-22_Faedrelandsvennen-203x300.jpg 203w, https:\/\/www.blakors.no\/content\/uploads\/sites\/11\/2021\/11\/2021-11-22_Faedrelandsvennen-768x1134.jpg 768w, https:\/\/www.blakors.no\/content\/uploads\/sites\/11\/2021\/11\/2021-11-22_Faedrelandsvennen-1040x1536.jpg 1040w, https:\/\/www.blakors.no\/content\/uploads\/sites\/11\/2021\/11\/2021-11-22_Faedrelandsvennen.jpg 1192w\" sizes=\"auto, (max-width: 694px) 100vw, 694px\" \/><figcaption class=\"wp-element-caption\">Faksimile fra <a href=\"https:\/\/www.fvn.no\/nyheter\/i\/Kzbo8e\/blaa-kors-tar-over-bruktbutikken-paa-mjaavann\" target=\"_blank\" rel=\"noopener\">Fedrelandsvennen<\/a> fra \u00e5pningen av Bl\u00e5 Kors gjenbruk p\u00e5 Mj\u00e5vann 22. november 2021.<\/figcaption><\/figure>\n\n\n\n<p>&#8211; Det er gull verd \u00e5 f\u00e5 l\u00f8ftet enda mer inn i gjenbruk og ombruk. Jo mer som kan gjenbrukes, jo mindre havner i avfallspyramiden. Ombruk er l\u00f8nnsomt, milj\u00f8vennlig og samfunns\u00f8konomisk b\u00e6rekraftig, sier Tor Kristian Ludvigsen fra Avfall S\u00f8r.<\/p>\n\n\n\n<h2 id=\"stor-klesavdeling-i-2-etasje\"  class=\"wp-block-heading\" >Stor klesavdeling i 2. etasje<\/h2>\n\n\n\n<p>&#8211; Vi skal ogs\u00e5 satse p\u00e5 salg av kl\u00e6r i gjenbruksbutikken p\u00e5 Grim. Planen er \u00e5 bruke 2. etasje til dette. Vi startet nylig med en liten klesavdeling i butikken v\u00e5r p\u00e5 Mj\u00e5vann, og ser at det har sl\u00e5tt godt an. Gjenbruk, ogs\u00e5 av kl\u00e6r, er i vinden som aldri f\u00f8r, vi mener at potensialet salg av t\u00f8y og sko vil v\u00e6re stort, sier Masoodean.<\/p>\n\n\n\n<p>Bl\u00e5 Kors Kristiansand har frem til n\u00e5 hatt m\u00e5nedlige lagerutsalg p\u00e5 Mj\u00e5vann, hvor produkter som ikke selges gjennom gjenbruksbutikken, selges videre p\u00e5 dette lagersalget. Omsetningen har \u00f8kt, og dermed ogs\u00e5 behov for mer plass.<\/p>\n\n\n\n<p>&#8211; Vi flytter alt av lagersalget til lageret v\u00e5rt i \u00c6girs vei p\u00e5 Lund, og vil i fortsettelsen ha lagersalg der en gang i m\u00e5neden, sier Dean.<\/p>\n\n\n\n<figure class=\"wp-block-image size-large\"><img loading=\"lazy\" decoding=\"async\" width=\"1024\" height=\"768\" src=\"https:\/\/www.blakors.no\/content\/uploads\/sites\/11\/2025\/03\/Stort-banner-apning-1024x768.jpg\" alt=\"Bl\u00e5 Kors gjenbruk - Fasaden har stort banner om \u00e5pningen\" class=\"wp-image-8666\" srcset=\"https:\/\/www.blakors.no\/content\/uploads\/sites\/11\/2025\/03\/Stort-banner-apning-1024x768.jpg 1024w, https:\/\/www.blakors.no\/content\/uploads\/sites\/11\/2025\/03\/Stort-banner-apning-300x225.jpg 300w, https:\/\/www.blakors.no\/content\/uploads\/sites\/11\/2025\/03\/Stort-banner-apning-768x576.jpg 768w, https:\/\/www.blakors.no\/content\/uploads\/sites\/11\/2025\/03\/Stort-banner-apning-1536x1152.jpg 1536w, https:\/\/www.blakors.no\/content\/uploads\/sites\/11\/2025\/03\/Stort-banner-apning.jpg 1920w\" sizes=\"auto, (max-width: 1024px) 100vw, 1024px\" \/><\/figure>\n<div class=\"article-meta--info\">\n<div class=\"dekode-module-was-this-helpful\">\n\t<div class=\"\">\n\t\t<h2>Var dette nyttig?<\/h2>\n\t\t<form id=\"dekode-wth-form\">\n\t\t\t<button id=\"dekode-wth-yes\" class=\"button\" name=\"dekode-wth-feedback\" type=\"submit\"\n\t\t\t\t\tvalue=\"1\">Ja<\/button>\n\t\t\t<button id=\"dekode-wth-no\" class=\"button\" name=\"dekode-wth-feedback\" type=\"submit\"\n\t\t\t\t\tvalue=\"0\">Nei<\/button>\n\t\t\t<input type=\"hidden\" name=\"post_id\" value=\"8659\"\/>\n\t\t<\/form>\n\t<\/div>\n<\/div>\n\n<div class=\"relations\">\n\t<div class=\"latest-updated\">\n\t\t<span class=\"label\">Senest oppdatert: <\/span>\n\t\t<span class=\"content\">14.03.2025<\/span>\n\t<\/div>\n\t<\/div>\n<\/div>","protected":false},"excerpt":{"rendered":"<p>Av Ivar Eidsaa &#8211; Gjenbruk er i vinden, og da muligheten kom til \u00e5 kunne drive gjenbruksbutikken p\u00e5 Grim, var ikke valget vanskelig, sier Milad Masoodean, virksomhetsleder for Bl\u00e5 Kors gjenbruk. &#8211; Olga og Oddvar Moy har i mange \u00e5r v\u00e6rt gode Bl\u00e5 Kors-venner, og har hatt flere av v\u00e5re brukere i arbeid. Da de [&hellip;]<\/p>\n","protected":false},"author":25,"featured_media":8665,"comment_status":"closed","ping_status":"closed","sticky":false,"template":"","format":"standard","meta":{"_acf_changed":false,"_relevanssi_hide_post":"","_relevanssi_hide_content":"","_relevanssi_pin_for_all":"on","_relevanssi_pin_keywords":"","_relevanssi_unpin_keywords":"","_relevanssi_related_keywords":"","_relevanssi_related_include_ids":"","_relevanssi_related_exclude_ids":"","_relevanssi_related_no_append":"","_relevanssi_related_not_related":"","_relevanssi_related_posts":"8732,6031,4574,6920,6613,8393","_relevanssi_noindex_reason":"","_custom_cards_description":"","footnotes":""},"categories":[5],"tags":[],"internal_tags":[],"class_list":["post-8659","post","type-post","status-publish","format-standard","has-post-thumbnail","hentry","category-bla-kors-kristiansand"],"acf":[],"_links":{"self":[{"href":"https:\/\/www.blakors.no\/kristiansand\/wp-json\/wp\/v2\/posts\/8659","targetHints":{"allow":["GET"]}}],"collection":[{"href":"https:\/\/www.blakors.no\/kristiansand\/wp-json\/wp\/v2\/posts"}],"about":[{"href":"https:\/\/www.blakors.no\/kristiansand\/wp-json\/wp\/v2\/types\/post"}],"author":[{"embeddable":true,"href":"https:\/\/www.blakors.no\/kristiansand\/wp-json\/wp\/v2\/users\/25"}],"replies":[{"embeddable":true,"href":"https:\/\/www.blakors.no\/kristiansand\/wp-json\/wp\/v2\/comments?post=8659"}],"version-history":[{"count":1,"href":"https:\/\/www.blakors.no\/kristiansand\/wp-json\/wp\/v2\/posts\/8659\/revisions"}],"predecessor-version":[{"id":8667,"href":"https:\/\/www.blakors.no\/kristiansand\/wp-json\/wp\/v2\/posts\/8659\/revisions\/8667"}],"wp:featuredmedia":[{"embeddable":true,"href":"https:\/\/www.blakors.no\/kristiansand\/wp-json\/wp\/v2\/media\/8665"}],"wp:attachment":[{"href":"https:\/\/www.blakors.no\/kristiansand\/wp-json\/wp\/v2\/media?parent=8659"}],"wp:term":[{"taxonomy":"category","embeddable":true,"href":"https:\/\/www.blakors.no\/kristiansand\/wp-json\/wp\/v2\/categories?post=8659"},{"taxonomy":"post_tag","embeddable":true,"href":"https:\/\/www.blakors.no\/kristiansand\/wp-json\/wp\/v2\/tags?post=8659"},{"taxonomy":"internal_tags","embeddable":true,"href":"https:\/\/www.blakors.no\/kristiansand\/wp-json\/wp\/v2\/internal_tags?post=8659"}],"curies":[{"name":"wp","href":"https:\/\/api.w.org\/{rel}","templated":true}]}}