{"id":8916,"date":"2025-07-04T12:27:40","date_gmt":"2025-07-04T10:27:40","guid":{"rendered":"https:\/\/www.blakors.no\/kristiansand\/?p=8916"},"modified":"2025-10-22T14:58:54","modified_gmt":"2025-10-22T12:58:54","slug":"populaert-gatenaert-tilbud-apent-i-hele-sommer","status":"publish","type":"post","link":"https:\/\/www.blakors.no\/kristiansand\/2025\/07\/04\/populaert-gatenaert-tilbud-apent-i-hele-sommer\/","title":{"rendered":"Popul\u00e6rt gaten\u00e6rt tilbud \u00e5pent i hele sommer"},"content":{"rendered":"<p class=\"t2-ingress wp-block-t2-ingress\">&#8211; Dette er bare den beste plassen \u00e5 v\u00e6re, smiler Oddveig Kalsnes. Innsatsen som ansatte og flere Tidgivere legger ned, gj\u00f8r at Bl\u00e5 Kors gaten\u00e6rt kan holde \u00e5pent gjennom hele sommeren.<\/p>\n\n\n<p>Av Ivar Eidsaa<\/p>\n\n\n\n<p>Bl\u00e5 Kors gaten\u00e6rt har flere tilbud til mennesker med rusrelaterte utfordringer. Et av de mest synlige er kafeen som holder til i flotte og tilrettelagte lokaler i Festningsgata, hvor mange av gjestene komme for \u00e5 spise, for \u00e5 hvile og for sl\u00e5 av en prat.<\/p>\n\n\n\n<p>&#8211; Vi serverer frokost og en varm lunch hver dag. Vi har stor p\u00e5gang, forteller Egil Oseberg. Gatekafeen er det eneste tilbudet til denne m\u00e5lgruppen som har \u00e5pent i sommer, og mange av dem som bruker andre tilbud n\u00e5r disse er \u00e5pne, kommer til gatekafeen for mat og sosialt samv\u00e6r.<\/p>\n\n\n\n<h2 id=\"apent-hver-dag\"  class=\"wp-block-heading\" >\u00c5pent hver dag<\/h2>\n\n\n\n<p>&#8211; Vi har \u00e5pent hver dag fra 11.00-15.00. Det er takket v\u00e6re de mange Tidgiverne at vi klarer \u00e5 holde \u00e5pent. De gj\u00f8r en stor innsats, sier Oseberg.<\/p>\n\n\n\n<p>Oddveig Kalsnes er en av Tidgiverne som er med.<\/p>\n\n\n\n<figure class=\"wp-block-image size-large\"><img loading=\"lazy\" decoding=\"async\" width=\"1024\" height=\"768\" src=\"https:\/\/www.blakors.no\/content\/uploads\/sites\/11\/2025\/07\/Egil-Oseberg-og-Oddveig-Kalsnes-1024x768.jpg\" alt=\"Egil Oseberg og Oddveig Kalsnes\" class=\"wp-image-8918\" srcset=\"https:\/\/www.blakors.no\/content\/uploads\/sites\/11\/2025\/07\/Egil-Oseberg-og-Oddveig-Kalsnes-1024x768.jpg 1024w, https:\/\/www.blakors.no\/content\/uploads\/sites\/11\/2025\/07\/Egil-Oseberg-og-Oddveig-Kalsnes-300x225.jpg 300w, https:\/\/www.blakors.no\/content\/uploads\/sites\/11\/2025\/07\/Egil-Oseberg-og-Oddveig-Kalsnes-768x576.jpg 768w, https:\/\/www.blakors.no\/content\/uploads\/sites\/11\/2025\/07\/Egil-Oseberg-og-Oddveig-Kalsnes-1536x1152.jpg 1536w, https:\/\/www.blakors.no\/content\/uploads\/sites\/11\/2025\/07\/Egil-Oseberg-og-Oddveig-Kalsnes.jpg 1920w\" sizes=\"auto, (max-width: 1024px) 100vw, 1024px\" \/><figcaption class=\"wp-element-caption\">&#8211; Dette er bare den beste plassen \u00e5 v\u00e6re, sier Oddveig Kalsnes. Her mer Egil Osestad (t.v)<\/figcaption><\/figure>\n\n\n\n<p>&#8211; Det betyr mye \u00e5 kunne komme hit og bidra. Det \u00e5 v\u00e6re med her, er rett og slett en ny m\u00e5te \u00e5 leve livet p\u00e5. Her snakkes det sant om livet. Det \u00e5 bli kjent med dem som benytter tilbudene som gis, er sterkt. Mange har sterke og gripende historier \u00e5 fortelle, sier Kalsnes.<\/p>\n\n\n\n<p>&#8211; Her kan man f\u00e5 de fineste konsertene. Det er s\u00e5 mange flinke sangere og musikere, at jeg mang en gang er blitt satt helt ut, sier hun.<\/p>\n\n\n\n<h2 id=\"gir-mye-tilbake\"  class=\"wp-block-heading\" >Gir mye tilbake<\/h2>\n\n\n\n<p>&#8211; Som pensjonister \u00f8nsket vi \u00e5 bidra, var med p\u00e5 et informasjonsm\u00f8te som Bl\u00e5 Kors Kristiansand inviterte til, og kom raskt i gang etterp\u00e5. Jeg hadde ikke trodd det skulle v\u00e6re s\u00e5 givende \u00e5 v\u00e6re med, sier Anne Fredriksen som sammen med sin ektefelle, Dag, er med som Tidgiver hver onsdag.<\/p>\n\n\n\n<p>Anne og Dag har denne onsdagen startet dagen med \u00e5 hente maten som blir servert til frokosten. Senere p\u00e5 dagen st\u00e5r de i Wergelandsparken og deler ut kjeks, kakao og kald drikke.<\/p>\n\n\n\n<p>&#8211; Tilbudet er sv\u00e6rt popul\u00e6rt. Mange kommer, og ettersom vi har holdt p\u00e5 litt over tid, blir vi godt kjente med dem. De har sterke og gripende historier \u00e5 fortelle, og det er fint \u00e5 f\u00e5 mulighet til \u00e5 kunne bidra, sier Anne Fredriksen.<\/p>\n\n\n\n<p>&#8211; Gaten\u00e6rt-kafeen betyr veldig mye, ikke bare for brukerne, men ogs\u00e5 for oss som jobber her, sier Egil Oseberg.<\/p>\n<div class=\"article-meta--info\">\n<div class=\"dekode-module-was-this-helpful\">\n\t<div class=\"\">\n\t\t<h2>Var dette nyttig?<\/h2>\n\t\t<form id=\"dekode-wth-form\">\n\t\t\t<button id=\"dekode-wth-yes\" class=\"button\" name=\"dekode-wth-feedback\" type=\"submit\"\n\t\t\t\t\tvalue=\"1\">Ja<\/button>\n\t\t\t<button id=\"dekode-wth-no\" class=\"button\" name=\"dekode-wth-feedback\" type=\"submit\"\n\t\t\t\t\tvalue=\"0\">Nei<\/button>\n\t\t\t<input type=\"hidden\" name=\"post_id\" value=\"8916\"\/>\n\t\t<\/form>\n\t<\/div>\n<\/div>\n\n<div class=\"relations\">\n\t<div class=\"latest-updated\">\n\t\t<span class=\"label\">Senest oppdatert: <\/span>\n\t\t<span class=\"content\">22.10.2025<\/span>\n\t<\/div>\n\t<\/div>\n<\/div>","protected":false},"excerpt":{"rendered":"<p>Av Ivar Eidsaa Bl\u00e5 Kors gaten\u00e6rt har flere tilbud til mennesker med rusrelaterte utfordringer. Et av de mest synlige er kafeen som holder til i flotte og tilrettelagte lokaler i Festningsgata, hvor mange av gjestene komme for \u00e5 spise, for \u00e5 hvile og for sl\u00e5 av en prat. &#8211; Vi serverer frokost og en varm [&hellip;]<\/p>\n","protected":false},"author":25,"featured_media":8917,"comment_status":"closed","ping_status":"closed","sticky":false,"template":"","format":"standard","meta":{"_acf_changed":false,"_relevanssi_hide_post":"","_relevanssi_hide_content":"","_relevanssi_pin_for_all":"on","_relevanssi_pin_keywords":"","_relevanssi_unpin_keywords":"","_relevanssi_related_keywords":"","_relevanssi_related_include_ids":"","_relevanssi_related_exclude_ids":"","_relevanssi_related_no_append":"","_relevanssi_related_not_related":"","_relevanssi_related_posts":"8407,8071,8899,8256,7752,8615","_relevanssi_noindex_reason":"","_custom_cards_description":"","footnotes":""},"categories":[5],"tags":[],"internal_tags":[],"class_list":["post-8916","post","type-post","status-publish","format-standard","has-post-thumbnail","hentry","category-bla-kors-kristiansand"],"acf":[],"_links":{"self":[{"href":"https:\/\/www.blakors.no\/kristiansand\/wp-json\/wp\/v2\/posts\/8916","targetHints":{"allow":["GET"]}}],"collection":[{"href":"https:\/\/www.blakors.no\/kristiansand\/wp-json\/wp\/v2\/posts"}],"about":[{"href":"https:\/\/www.blakors.no\/kristiansand\/wp-json\/wp\/v2\/types\/post"}],"author":[{"embeddable":true,"href":"https:\/\/www.blakors.no\/kristiansand\/wp-json\/wp\/v2\/users\/25"}],"replies":[{"embeddable":true,"href":"https:\/\/www.blakors.no\/kristiansand\/wp-json\/wp\/v2\/comments?post=8916"}],"version-history":[{"count":2,"href":"https:\/\/www.blakors.no\/kristiansand\/wp-json\/wp\/v2\/posts\/8916\/revisions"}],"predecessor-version":[{"id":9177,"href":"https:\/\/www.blakors.no\/kristiansand\/wp-json\/wp\/v2\/posts\/8916\/revisions\/9177"}],"wp:featuredmedia":[{"embeddable":true,"href":"https:\/\/www.blakors.no\/kristiansand\/wp-json\/wp\/v2\/media\/8917"}],"wp:attachment":[{"href":"https:\/\/www.blakors.no\/kristiansand\/wp-json\/wp\/v2\/media?parent=8916"}],"wp:term":[{"taxonomy":"category","embeddable":true,"href":"https:\/\/www.blakors.no\/kristiansand\/wp-json\/wp\/v2\/categories?post=8916"},{"taxonomy":"post_tag","embeddable":true,"href":"https:\/\/www.blakors.no\/kristiansand\/wp-json\/wp\/v2\/tags?post=8916"},{"taxonomy":"internal_tags","embeddable":true,"href":"https:\/\/www.blakors.no\/kristiansand\/wp-json\/wp\/v2\/internal_tags?post=8916"}],"curies":[{"name":"wp","href":"https:\/\/api.w.org\/{rel}","templated":true}]}}