{"id":9040,"date":"2025-08-22T13:22:00","date_gmt":"2025-08-22T11:22:00","guid":{"rendered":"https:\/\/www.blakors.no\/kristiansand\/?p=9040"},"modified":"2025-09-03T13:41:38","modified_gmt":"2025-09-03T11:41:38","slug":"apen-varm-og-mye-omsorg-hjerter-som-brenner-for-andre","status":"publish","type":"post","link":"https:\/\/www.blakors.no\/kristiansand\/2025\/08\/22\/apen-varm-og-mye-omsorg-hjerter-som-brenner-for-andre\/","title":{"rendered":"\u00c5pen, varm og mye omsorg: Hjerter som brenner for andre"},"content":{"rendered":"<p class=\"t2-ingress wp-block-t2-ingress\"><strong>De har alle utmerket seg med et solid engasjement for sine medmennesker. Torsdag fikk\u00a0Dagfinn Lund,\u00a0Helge\u00a0R\u00f8sstad, Jarle Knutsen\u00a0og\u00a0Egil Oseberg\u00a0fortjent heder og \u00e6re da Bl\u00e5 Kors Kristiansand hadde invitert til sommerfest p\u00e5 Kristiansand Feriesenter p\u00e5 Dvergsnestangen.<\/strong><\/p>\n\n\n<p>Av Ivar Eidsaa<\/p>\n\n\n\n<p>&#8211;\u00a0Det er en tradisjon med sommerfest i Bl\u00e5 Kors Kristiansand. Vi samles ikke bare for \u00e5 feire sommeren, men ogs\u00e5 for \u00e5 feire hverandre\u00a0&#8211;\u00a0Tidgivere, samarbeidspartnere og ansatte, for en fantastisk gjeng, hilste Linn\u00a0Tryfoss, en av kveldens to konferansierer, forsamlingen med innledningsvis.<\/p>\n\n\n\n<p>&#8211;&nbsp;Det er ikke uten grunn at vi&nbsp;hver dag&nbsp;kjenner p\u00e5 stor takknemlighet for \u00e5 f\u00e5 lov til \u00e5 v\u00e6re en del av Bl\u00e5 Kors Kristiansand-familien. Sammen med dere feirer vi byen bl\u00e5, la hun til.<\/p>\n\n\n\n<p>&#8211;\u00a0I Bl\u00e5 Kors har vi fire verdier, spor som skal gjenkjennes i menneskem\u00f8tene vi deler:<\/p>\n\n\n\n<p><strong>Medmenneskelighet<\/strong> \u2013 et \u00e5pent hjerte som ser, som lytter, som t\u00e5ler, fremholdt Marita Vet\u00e5s, en av kveldens to konferansierer.\u00a0<\/p>\n\n\n\n<p><strong>Verdighet<\/strong> \u2013 et blikk som l\u00f8fter, en anerkjennelse av hver\u00a0enkelts\u00a0verdi, er en annen, i tillegg til<br><strong>Egenkraft<\/strong> \u2013 troen p\u00e5 at styrken finnes, at sm\u00e5 skritt kan b\u00e6re langt, samt <br><strong>Kvalitet<\/strong> \u2013 et l\u00f8fte vi gir, i handling, i omsorg, i n\u00e6rv\u00e6r, la Linn\u00a0Tryfoss, kveldens andre konferansier til.\u00a0<\/p>\n\n\n\n<p>&#8211; Fire m\u00e5l som setter enkeltmennesket i sentrum,&nbsp;og dette vil vi feire i kveld,&nbsp;sa Vet\u00e5s.<\/p>\n\n\n\n<h2 id=\"arets-tidgiver\"  class=\"wp-block-heading\" ><strong>\u00c5rets&nbsp;<\/strong><strong>Tidgiver<\/strong><\/h2>\n\n\n\n<figure class=\"wp-block-image size-large\"><img loading=\"lazy\" decoding=\"async\" width=\"1024\" height=\"683\" src=\"https:\/\/www.blakors.no\/content\/uploads\/sites\/11\/2025\/09\/Linn-Tryfoss-delte-ur-prisen-som-Arets-Tidgiver-til-Jarle-Knutsen-1024x683.jpg\" alt=\"Linn\u00a0Tryfoss\u00a0delte ur prisen som A\u030arets\u00a0Tidgiver\u00a0til Jarle Knutsen\" class=\"wp-image-9044\" srcset=\"https:\/\/www.blakors.no\/content\/uploads\/sites\/11\/2025\/09\/Linn-Tryfoss-delte-ur-prisen-som-Arets-Tidgiver-til-Jarle-Knutsen-1024x683.jpg 1024w, https:\/\/www.blakors.no\/content\/uploads\/sites\/11\/2025\/09\/Linn-Tryfoss-delte-ur-prisen-som-Arets-Tidgiver-til-Jarle-Knutsen-300x200.jpg 300w, https:\/\/www.blakors.no\/content\/uploads\/sites\/11\/2025\/09\/Linn-Tryfoss-delte-ur-prisen-som-Arets-Tidgiver-til-Jarle-Knutsen-768x512.jpg 768w, https:\/\/www.blakors.no\/content\/uploads\/sites\/11\/2025\/09\/Linn-Tryfoss-delte-ur-prisen-som-Arets-Tidgiver-til-Jarle-Knutsen-1536x1024.jpg 1536w, https:\/\/www.blakors.no\/content\/uploads\/sites\/11\/2025\/09\/Linn-Tryfoss-delte-ur-prisen-som-Arets-Tidgiver-til-Jarle-Knutsen-2048x1365.jpg 2048w\" sizes=\"auto, (max-width: 1024px) 100vw, 1024px\" \/><figcaption class=\"wp-element-caption\">Linn\u00a0Tryfoss\u00a0delte ur prisen som A\u030arets\u00a0Tidgiver\u00a0til Jarle Knutsen.<\/figcaption><\/figure>\n\n\n\n<p>Jarle Knutsen er en av flere hundre som gir av sin tid for \u00e5 gj\u00f8re en innsats inn i det arbeidet som Bl\u00e5 Kors driver i Kristiansand, og torsdag ble han hedret med prisen \u00ab\u00c5rets&nbsp;Tidgiver\u00bb.<\/p>\n\n\n\n<p>&#8211;&nbsp;Dette er en&nbsp;Tidgiver&nbsp;som betyr mye for oss, og de menneskene han m\u00f8ter p\u00e5 sin vei. Han har gitt av sin tid siden 2023, og deltatt i mange ulike aktiviteter og arrangementene, blant annet Helaften, spr\u00e5kkafe, Steg for steg,&nbsp;og mange av de&nbsp;ulike arrangementene vi har gjennom \u00e5ret, og er n\u00e5 sv\u00e6rt raus med \u00e5 gi av sin tid til i prosjekter \u00abI sentrum st\u00e5r et menneske\u00bb, som er samarbeidsprosjektet vi har med S\u00f8rlandet Sykehus Helseforetak,&nbsp;fremholdt Linn&nbsp;Tryfoss&nbsp;i begrunnelsen for at nettopp Knutsen fikk \u00e5rets pris.<\/p>\n\n\n\n<p>Du&nbsp;er en raus, snill og omtenksom mann. En mann m ed et stort hjerte.&nbsp;Du&nbsp;er klok, skaper ro og trygghet, med et glimt i \u00f8yet.&nbsp;Du&nbsp;har en ro og en varme&nbsp;og en p\u00e5minnelse om hva ekte n\u00e6rv\u00e6r betyr.&nbsp;\u00c5rets&nbsp;Tidgiver&nbsp;g\u00e5r&nbsp;derfor&nbsp;til&nbsp;deg,&nbsp;v\u00e5r alles kj\u00e6re Jarle, la&nbsp;Tryfoss&nbsp;til.<\/p>\n\n\n\n<h2 id=\"arets-samarbeidspartner\"  class=\"wp-block-heading\" ><strong>\u00c5rets samarbeidspartner<\/strong><\/h2>\n\n\n\n<figure class=\"wp-block-image size-large\"><img loading=\"lazy\" decoding=\"async\" width=\"1024\" height=\"683\" src=\"https:\/\/www.blakors.no\/content\/uploads\/sites\/11\/2025\/09\/Trond-Furseth-delte-ut-prisen-Arets-samarbeidspartner-til-Helge-Rosstad-fra-Hageland-1024x683.jpg\" alt=\"Trond Furseth delte ut prisen A\u030arets samarbeidspartner til Helge\u00a0R\u00f8sstad\u00a0fra Hageland\" class=\"wp-image-9042\" srcset=\"https:\/\/www.blakors.no\/content\/uploads\/sites\/11\/2025\/09\/Trond-Furseth-delte-ut-prisen-Arets-samarbeidspartner-til-Helge-Rosstad-fra-Hageland-1024x683.jpg 1024w, https:\/\/www.blakors.no\/content\/uploads\/sites\/11\/2025\/09\/Trond-Furseth-delte-ut-prisen-Arets-samarbeidspartner-til-Helge-Rosstad-fra-Hageland-300x200.jpg 300w, https:\/\/www.blakors.no\/content\/uploads\/sites\/11\/2025\/09\/Trond-Furseth-delte-ut-prisen-Arets-samarbeidspartner-til-Helge-Rosstad-fra-Hageland-768x512.jpg 768w, https:\/\/www.blakors.no\/content\/uploads\/sites\/11\/2025\/09\/Trond-Furseth-delte-ut-prisen-Arets-samarbeidspartner-til-Helge-Rosstad-fra-Hageland-1536x1024.jpg 1536w, https:\/\/www.blakors.no\/content\/uploads\/sites\/11\/2025\/09\/Trond-Furseth-delte-ut-prisen-Arets-samarbeidspartner-til-Helge-Rosstad-fra-Hageland-2048x1365.jpg 2048w\" sizes=\"auto, (max-width: 1024px) 100vw, 1024px\" \/><figcaption class=\"wp-element-caption\">Trond Furseth delte ut prisen A\u030arets samarbeidspartner til Helge\u00a0R\u00f8sstad\u00a0fra Hageland.<\/figcaption><\/figure>\n\n\n\n<p>Bl\u00e5 Kors Kristiansand er helt avhengig av at gaver og donasjoner for \u00e5 kunne drive arbeidet. Derfor er det fast tradisjon under sommerfesten \u00e5 hedre en av samarbeidspartnerne.<\/p>\n\n\n\n<p>&#8211;&nbsp;\u00c5rets samarbeidspartner har v\u00e6rt en engasjert venn av Bl\u00e5 Kors Kristiansand i mange \u00e5r. Det er derfor p\u00e5 h\u00f8y tid \u00e5 gj\u00f8re \u00e6re p\u00e5 en bedrift som har bidratt med store verdier og tjenester over lang tid. Bedriften har betydd mye for Bl\u00e5 Kors og menneskene vi hjelper hver dag. Vi blir alltid m\u00f8tt med et stort smil og&nbsp;et&nbsp;varmt hjerte, og bedriften har et stort engasjement for de svakeste i v\u00e5rt n\u00e6romr\u00e5de. Samfunnsansvar st\u00e5r h\u00f8yt p\u00e5 agendaen, noe vi merker fruktene av i Bl\u00e5 Kors. Det er til stor inspirasjon og med ydmykhet at vi blir vist denne tilliten, og vi er utrolig takknemlige for det gode samarbeidet. P\u00e5 tross av store gaver og velvilje forventes det ingenting tilbake, noe som vitner om et ekte engasjement,&nbsp;sa Trond&nbsp;Furseth,&nbsp;fundraisingskoordinator&nbsp;i Bl\u00e5 Kors Kristiansand, da han begrunnet valget om \u00e5 tildele prisen som \u00ab\u00c5rets samarbeidspartner\u00bb til&nbsp;Hageland Oddernes&nbsp;ved&nbsp;daglig leder Helge&nbsp;R\u00f8sstad..<\/p>\n\n\n\n<p>&#8211; Jeg kjenner p\u00e5 en utrolig stolthet og glede over \u00e5 f\u00e5 denne prisen. Jeg takker p\u00e5 vegne av alle ansatte som har et flott engasjement for sine medmennesker.&nbsp;Det \u00e5 kunne v\u00e6re med \u00e5 bidra i samfunnet og v\u00e6re en lite st\u00f8rre til en s\u00e5 fantastisk organisasjon, er vi utrolig takknemlige for, sa Helge&nbsp;R\u00f8sstad&nbsp;da han mottok prisen.&nbsp;<\/p>\n\n\n\n<h2 id=\"arets-inspirasjon\"  class=\"wp-block-heading\" ><strong>\u00c5rets inspirasjon<\/strong><\/h2>\n\n\n\n<figure class=\"wp-block-image size-large\"><img loading=\"lazy\" decoding=\"async\" width=\"1024\" height=\"683\" src=\"https:\/\/www.blakors.no\/content\/uploads\/sites\/11\/2025\/09\/Camilla-Rasch-delte-ur-prisen-som-Arets-Inspirasjon-til-Egil-Oseberg-1024x683.jpg\" alt=\"Camilla Rasch delte ur prisen som A\u030arets Inspirasjon til Egil Oseberg\" class=\"wp-image-9043\" srcset=\"https:\/\/www.blakors.no\/content\/uploads\/sites\/11\/2025\/09\/Camilla-Rasch-delte-ur-prisen-som-Arets-Inspirasjon-til-Egil-Oseberg-1024x683.jpg 1024w, https:\/\/www.blakors.no\/content\/uploads\/sites\/11\/2025\/09\/Camilla-Rasch-delte-ur-prisen-som-Arets-Inspirasjon-til-Egil-Oseberg-300x200.jpg 300w, https:\/\/www.blakors.no\/content\/uploads\/sites\/11\/2025\/09\/Camilla-Rasch-delte-ur-prisen-som-Arets-Inspirasjon-til-Egil-Oseberg-768x512.jpg 768w, https:\/\/www.blakors.no\/content\/uploads\/sites\/11\/2025\/09\/Camilla-Rasch-delte-ur-prisen-som-Arets-Inspirasjon-til-Egil-Oseberg-1536x1024.jpg 1536w, https:\/\/www.blakors.no\/content\/uploads\/sites\/11\/2025\/09\/Camilla-Rasch-delte-ur-prisen-som-Arets-Inspirasjon-til-Egil-Oseberg-2048x1365.jpg 2048w\" sizes=\"auto, (max-width: 1024px) 100vw, 1024px\" \/><figcaption class=\"wp-element-caption\">Camilla Rasch delte ur prisen som A\u030arets Inspirasjon til Egil Oseberg.<\/figcaption><\/figure>\n\n\n\n<p>&#8211; \u00c5rets inspirasjon g\u00e5r til en person vi er veldig\u00a0glade\u00a0i, som ikke bare inspirerer n\u00e5r du st\u00e5r p\u00e5 scenen, men hver dag med de mange sm\u00e5 \u00f8yeblikkene. Du har v\u00e6rt gjennom ganske t\u00f8ffe tak helsemessig sett, og vi ble\u00a0bekymret da det stod p\u00e5. Men vi er s\u00e5 stolte over at du har klart \u00e5 reise deg og at du i dag er helt tilbake, sa Camilla Rasch, virksomhetsleder for Bl\u00e5 Kors gaten\u00e6rt, da hun overrakte prisen som \u00ab\u00c5rets inspirasjon\u00bb til Egil Oseberg.<\/p>\n\n\n\n<h2 id=\"arets-hederspris\"  class=\"wp-block-heading\" ><strong>\u00c5rets hederspris<\/strong><\/h2>\n\n\n\n<figure class=\"wp-block-image size-large\"><img loading=\"lazy\" decoding=\"async\" width=\"1024\" height=\"683\" src=\"https:\/\/www.blakors.no\/content\/uploads\/sites\/11\/2025\/09\/Arvid-Solheim-delte-ut-Arets-AErespris-til-Dagfinn-Lund-1024x683.jpg\" alt=\"Arvid Solheim delte ut A\u030arets \u00c6respris til\u00a0Dagfinn Lund\" class=\"wp-image-9041\" srcset=\"https:\/\/www.blakors.no\/content\/uploads\/sites\/11\/2025\/09\/Arvid-Solheim-delte-ut-Arets-AErespris-til-Dagfinn-Lund-1024x683.jpg 1024w, https:\/\/www.blakors.no\/content\/uploads\/sites\/11\/2025\/09\/Arvid-Solheim-delte-ut-Arets-AErespris-til-Dagfinn-Lund-300x200.jpg 300w, https:\/\/www.blakors.no\/content\/uploads\/sites\/11\/2025\/09\/Arvid-Solheim-delte-ut-Arets-AErespris-til-Dagfinn-Lund-768x512.jpg 768w, https:\/\/www.blakors.no\/content\/uploads\/sites\/11\/2025\/09\/Arvid-Solheim-delte-ut-Arets-AErespris-til-Dagfinn-Lund-1536x1024.jpg 1536w, https:\/\/www.blakors.no\/content\/uploads\/sites\/11\/2025\/09\/Arvid-Solheim-delte-ut-Arets-AErespris-til-Dagfinn-Lund-2048x1365.jpg 2048w\" sizes=\"auto, (max-width: 1024px) 100vw, 1024px\" \/><figcaption class=\"wp-element-caption\">Arvid Solheim delte ut A\u030arets \u00c6respris til\u00a0Dagfinn Lund.<\/figcaption><\/figure>\n\n\n\n<p>\u00c5rets hederspris ble delt ut til&nbsp;Dagfinn Lund&nbsp;som i en \u00e5rrekke har lagt ned et stort og betydningsfullt arbeid for Bl\u00e5 Kors Kristiansand.<\/p>\n\n\n\n<p>&#8211; Vi har mye \u00e5 takke deg for, Dagfinn, fremholdt Arvid Solheim, daglig leder for Bl\u00e5 Kors Kristiansand,&nbsp;da han skulle dele ut prisen.<\/p>\n\n\n\n<p>Dagfinn Lund og hans ektefelle, Margit,&nbsp;stod i&nbsp;24 \u00e5r&nbsp;i spissen for et omfattende hjelpearbeid&nbsp;og drift av&nbsp;et barnehjem i&nbsp;Lutsk&nbsp;i Ukraina.&nbsp;For noen \u00e5r siden&nbsp;avviklet stiftelsen som de to drev med&nbsp;arbeidet, og Dagfinn begynte som&nbsp;Tidgiver&nbsp;i Bl\u00e5 Kors Kristiansand, hvor han har gjort en&nbsp;stor innsats p\u00e5 flere omr\u00e5der.<\/p>\n\n\n\n<p>&#8211; Det mange ikke vet, er at Bl\u00e5 Kors barnas stasjon i Mandal hadde aldri eksistert i dag\u00a0uten Dagfinn og Margit skjenket Bl\u00e5 Kors Kristiansand og gaven p\u00e5 halvannen million kroner som de gav til oss da stiftelsen som drev barnehjemmet og hjelpearbeidet i Ukraina ble lagt ned, sa Solheim.\u00a0<\/p>\n\n\n\n<p>&#8211; Med denne gaven kunne vi renovere hele bygget, og sikre en god drift. I dag er det 200 familier som bruker Barnas Stasjon i Mandal, sa Solheim, som kunne overrekke blomster, et diplom og et bilde av Per Ove S\u00f8dal til Dagfinn Lund.&nbsp;<\/p>\n\n<div class=\"relations\">\n\t<div class=\"latest-updated\">\n\t\t<span class=\"label\">Senest oppdatert: <\/span>\n\t\t<span class=\"content\">03.09.2025<\/span>\n\t<\/div>\n\t<\/div>\n","protected":false},"excerpt":{"rendered":"<p>Av Ivar Eidsaa &#8211;\u00a0Det er en tradisjon med sommerfest i Bl\u00e5 Kors Kristiansand. Vi samles ikke bare for \u00e5 feire sommeren, men ogs\u00e5 for \u00e5 feire hverandre\u00a0&#8211;\u00a0Tidgivere, samarbeidspartnere og ansatte, for en fantastisk gjeng, hilste Linn\u00a0Tryfoss, en av kveldens to konferansierer, forsamlingen med innledningsvis. &#8211;&nbsp;Det er ikke uten grunn at vi&nbsp;hver dag&nbsp;kjenner p\u00e5 stor takknemlighet [&hellip;]<\/p>\n","protected":false},"author":25,"featured_media":9045,"comment_status":"closed","ping_status":"closed","sticky":false,"template":"","format":"standard","meta":{"_acf_changed":false,"_relevanssi_hide_post":"","_relevanssi_hide_content":"","_relevanssi_pin_for_all":"on","_relevanssi_pin_keywords":"","_relevanssi_unpin_keywords":"","_relevanssi_related_keywords":"","_relevanssi_related_include_ids":"","_relevanssi_related_exclude_ids":"","_relevanssi_related_no_append":"","_relevanssi_related_not_related":"","_relevanssi_related_posts":"8393,4597,4714,7846,8695,3403","_relevanssi_noindex_reason":"","_custom_cards_description":"","footnotes":""},"categories":[1],"tags":[],"internal_tags":[],"class_list":["post-9040","post","type-post","status-publish","format-standard","has-post-thumbnail","hentry","category-ukategorisert"],"acf":[],"_links":{"self":[{"href":"https:\/\/www.blakors.no\/kristiansand\/wp-json\/wp\/v2\/posts\/9040","targetHints":{"allow":["GET"]}}],"collection":[{"href":"https:\/\/www.blakors.no\/kristiansand\/wp-json\/wp\/v2\/posts"}],"about":[{"href":"https:\/\/www.blakors.no\/kristiansand\/wp-json\/wp\/v2\/types\/post"}],"author":[{"embeddable":true,"href":"https:\/\/www.blakors.no\/kristiansand\/wp-json\/wp\/v2\/users\/25"}],"replies":[{"embeddable":true,"href":"https:\/\/www.blakors.no\/kristiansand\/wp-json\/wp\/v2\/comments?post=9040"}],"version-history":[{"count":1,"href":"https:\/\/www.blakors.no\/kristiansand\/wp-json\/wp\/v2\/posts\/9040\/revisions"}],"predecessor-version":[{"id":9047,"href":"https:\/\/www.blakors.no\/kristiansand\/wp-json\/wp\/v2\/posts\/9040\/revisions\/9047"}],"wp:featuredmedia":[{"embeddable":true,"href":"https:\/\/www.blakors.no\/kristiansand\/wp-json\/wp\/v2\/media\/9045"}],"wp:attachment":[{"href":"https:\/\/www.blakors.no\/kristiansand\/wp-json\/wp\/v2\/media?parent=9040"}],"wp:term":[{"taxonomy":"category","embeddable":true,"href":"https:\/\/www.blakors.no\/kristiansand\/wp-json\/wp\/v2\/categories?post=9040"},{"taxonomy":"post_tag","embeddable":true,"href":"https:\/\/www.blakors.no\/kristiansand\/wp-json\/wp\/v2\/tags?post=9040"},{"taxonomy":"internal_tags","embeddable":true,"href":"https:\/\/www.blakors.no\/kristiansand\/wp-json\/wp\/v2\/internal_tags?post=9040"}],"curies":[{"name":"wp","href":"https:\/\/api.w.org\/{rel}","templated":true}]}}