{"id":9171,"date":"2025-10-16T14:21:34","date_gmt":"2025-10-16T12:21:34","guid":{"rendered":"https:\/\/www.blakors.no\/kristiansand\/?p=9171"},"modified":"2025-10-16T14:21:36","modified_gmt":"2025-10-16T12:21:36","slug":"bla-kors-med-nytt-lagerutsalg-vil-gi-jobb-til-mange-ungdommer","status":"publish","type":"post","link":"https:\/\/www.blakors.no\/kristiansand\/2025\/10\/16\/bla-kors-med-nytt-lagerutsalg-vil-gi-jobb-til-mange-ungdommer\/","title":{"rendered":"Bl\u00e5 Kors med nytt lagerutsalg: Vil gi jobb til mange ungdommer"},"content":{"rendered":"<p class=\"t2-ingress wp-block-t2-ingress\"><strong>&#8211; Vi f\u00e5r n\u00e5 muligheten til \u00e5 kunne tilby enda mer jobb til enda flere ungdommer. Det sier Milad Masoodean, virksomhetsleder i Bl\u00e5 Kors gjenbruk, som onsdag \u00e5pnet d\u00f8rene til Bl\u00e5 Kors Kristiansands nye lagerutsalg i \u00c6girs vei p\u00e5 Lund.<\/strong><\/p>\n\n\n<p>Av Ivar Eidsaa og Martin Granum (foto)<\/p>\n\n\n\n<p>Bl\u00e5 Kors Kristiansand har i flere m\u00e5neder allerede gitt et arbeidstilbud til ungdom i lokalene i \u00c6girs vei, som ogs\u00e5 brukes til vedsalg. Der har ungdom f\u00e5tt mulighet til \u00e5 pr\u00f8ve seg med \u00e5 reparere stort og sm\u00e5tt, samt \u00e5 fremstille sine egne produkter.<\/p>\n\n\n\n<p>N\u00e5 var tiden kommet for \u00e5 ta nye skritt.<\/p>\n\n\n\n<p>&#8211; Gjenbruksutsalget skal blant annet drives og driftes av ungdommen selv, forklarer han.<\/p>\n\n\n\n<figure class=\"wp-block-image size-large\"><img loading=\"lazy\" decoding=\"async\" width=\"1024\" height=\"683\" src=\"https:\/\/www.blakors.no\/content\/uploads\/sites\/11\/2025\/10\/Det-var-folksomt-hele-dagen-under-apningen-1024x683.png\" alt=\"Det var folksomt hele dagen under a\u030apningen\" class=\"wp-image-9173\" srcset=\"https:\/\/www.blakors.no\/content\/uploads\/sites\/11\/2025\/10\/Det-var-folksomt-hele-dagen-under-apningen-1024x683.png 1024w, https:\/\/www.blakors.no\/content\/uploads\/sites\/11\/2025\/10\/Det-var-folksomt-hele-dagen-under-apningen-300x200.png 300w, https:\/\/www.blakors.no\/content\/uploads\/sites\/11\/2025\/10\/Det-var-folksomt-hele-dagen-under-apningen-768x512.png 768w, https:\/\/www.blakors.no\/content\/uploads\/sites\/11\/2025\/10\/Det-var-folksomt-hele-dagen-under-apningen-1536x1024.png 1536w, https:\/\/www.blakors.no\/content\/uploads\/sites\/11\/2025\/10\/Det-var-folksomt-hele-dagen-under-apningen.png 1920w\" sizes=\"auto, (max-width: 1024px) 100vw, 1024px\" \/><figcaption class=\"wp-element-caption\">Det var folksomt hele dagen under a\u030apningen<\/figcaption><\/figure>\n\n\n\n<h2 id=\"gir-jobb-til-mange-ungdommer\"  class=\"wp-block-heading\" >Gir jobb til mange ungdommer<\/h2>\n\n\n\n<p>Bl\u00e5 Kors Kristiansand har i dag to store arbeidserfaringsprosjekter for ungdom g\u00e5ende, hvor \u00abCVidere\u00bb er det ene. Her f\u00e5r ungdom som g\u00e5r p\u00e5 skole mulighet for et l\u00f8nnet arbeidstilbud p\u00e5 ettermiddag- og kveldstid. I l\u00f8pet av de \u00e5rene CVidere har holdt p\u00e5, har om lag 400 ungdommer f\u00e5tt arbeidserfaring etter skoletid, og for tiden er over 50 ungdommer i jobb.<\/p>\n\n\n\n<p>Noe av hovedsatsingen p\u00e5 det nye lagerutsalget vil v\u00e6re salg av hvitevarer som ellers ville ha havnet i avfallsmottakene.<\/p>\n\n\n\n<p>&#8211; Ungdommene vil l\u00e6re \u00e5 reparere og sjekke hvitevarene slik at de kan havne hos nye eiere i stedet for \u00e5 bli kassert, sier Masoodean.<\/p>\n\n\n\n<figure class=\"wp-block-image size-large\"><img loading=\"lazy\" decoding=\"async\" width=\"1024\" height=\"683\" src=\"https:\/\/www.blakors.no\/content\/uploads\/sites\/11\/2025\/10\/Susanne-Svendsen-hadde-tatt-turen-fra-BK-gjenbruk-pa-Mjavann-for-a-vaere-med-pa-apningen-1024x683.png\" alt=\"Susanne Svendsen hadde tatt turen fra Bl\u00e5 Kors gjenbruk pa\u030a-Mja\u030avann for a\u030a v\u00e6re med pa\u030a a\u030apningen\" class=\"wp-image-9175\" srcset=\"https:\/\/www.blakors.no\/content\/uploads\/sites\/11\/2025\/10\/Susanne-Svendsen-hadde-tatt-turen-fra-BK-gjenbruk-pa-Mjavann-for-a-vaere-med-pa-apningen-1024x683.png 1024w, https:\/\/www.blakors.no\/content\/uploads\/sites\/11\/2025\/10\/Susanne-Svendsen-hadde-tatt-turen-fra-BK-gjenbruk-pa-Mjavann-for-a-vaere-med-pa-apningen-300x200.png 300w, https:\/\/www.blakors.no\/content\/uploads\/sites\/11\/2025\/10\/Susanne-Svendsen-hadde-tatt-turen-fra-BK-gjenbruk-pa-Mjavann-for-a-vaere-med-pa-apningen-768x512.png 768w, https:\/\/www.blakors.no\/content\/uploads\/sites\/11\/2025\/10\/Susanne-Svendsen-hadde-tatt-turen-fra-BK-gjenbruk-pa-Mjavann-for-a-vaere-med-pa-apningen-1536x1024.png 1536w, https:\/\/www.blakors.no\/content\/uploads\/sites\/11\/2025\/10\/Susanne-Svendsen-hadde-tatt-turen-fra-BK-gjenbruk-pa-Mjavann-for-a-vaere-med-pa-apningen.png 1920w\" sizes=\"auto, (max-width: 1024px) 100vw, 1024px\" \/><figcaption class=\"wp-element-caption\">Susanne Svendsen, butikkmedarbeider p\u00e5 Bl\u00e5 Kors gjenbruk p\u00e5 Mj\u00e5vann, hadde tatt turen til Lund for a\u030a v\u00e6re med pa\u030a a\u030apningen.<\/figcaption><\/figure>\n\n\n\n<h2 id=\"bredt-spekter\"  class=\"wp-block-heading\" >Bredt spekter<\/h2>\n\n\n\n<p>Gjenbruksutsalget har et bredt spekter av produkter: M\u00f8bler, pyntegjenstander, elektroniske produkter, b\u00f8ker, serviser, dekor- og interi\u00f8rprodukter, sko, kl\u00e6r, skiutstyr og mye mer.<\/p>\n\n\n\n<p>Ettersom ungdommene blir s\u00e5 sentrale i driften, vil \u00e5pningstidene samsvare med n\u00e5r det passer for ungdommene \u00e5 jobbe.<\/p>\n\n\n\n<p>&#8211; P\u00e5 dagtid g\u00e5r jo ungdommene p\u00e5 skole, og det er derfor ikke s\u00e5 lett \u00e5 ha \u00e5pent midt p\u00e5 dagen. Derfor vil utsalget ha \u00e5pent p\u00e5 l\u00f8rdager og s\u00f8ndager n\u00e5r ungdommene har fri fra skolen, sier Masoodean og kan videre fortelle at det er veldig mange ungdommer som har meldt sin interesse for \u00e5 bli med.<\/p>\n\n\n\n<p>&#8211; Vi har ogs\u00e5 en bod hvor vi selger kaffe, vafler og mineralvann, sier Masoodean.<\/p>\n\n\n\n<p>Ved siden av utsalget har Bl\u00e5 Kors gjenbruk etablert et eget kreativt verksted.<\/p>\n\n\n\n<p>Med et kreativt verksted f\u00e5r ungdommene muligheter til \u00e5 f\u00e5 mestringsf\u00f8lelse gjennom \u00e5 skape og v\u00e6re kreativ.<\/p>\n\n\n\n<figure class=\"wp-block-image size-large\"><img loading=\"lazy\" decoding=\"async\" width=\"1024\" height=\"683\" src=\"https:\/\/www.blakors.no\/content\/uploads\/sites\/11\/2025\/10\/Blant-varene-er-det-av-og-til-noen-skatter-som-far-nytt-liv-hos-nye-eiere-1024x683.png\" alt=\"Blant varene er det av og til noen skatter som fa\u030ar nytt liv hos nye eiere\" class=\"wp-image-9172\" srcset=\"https:\/\/www.blakors.no\/content\/uploads\/sites\/11\/2025\/10\/Blant-varene-er-det-av-og-til-noen-skatter-som-far-nytt-liv-hos-nye-eiere-1024x683.png 1024w, https:\/\/www.blakors.no\/content\/uploads\/sites\/11\/2025\/10\/Blant-varene-er-det-av-og-til-noen-skatter-som-far-nytt-liv-hos-nye-eiere-300x200.png 300w, https:\/\/www.blakors.no\/content\/uploads\/sites\/11\/2025\/10\/Blant-varene-er-det-av-og-til-noen-skatter-som-far-nytt-liv-hos-nye-eiere-768x512.png 768w, https:\/\/www.blakors.no\/content\/uploads\/sites\/11\/2025\/10\/Blant-varene-er-det-av-og-til-noen-skatter-som-far-nytt-liv-hos-nye-eiere-1536x1024.png 1536w, https:\/\/www.blakors.no\/content\/uploads\/sites\/11\/2025\/10\/Blant-varene-er-det-av-og-til-noen-skatter-som-far-nytt-liv-hos-nye-eiere.png 1920w\" sizes=\"auto, (max-width: 1024px) 100vw, 1024px\" \/><figcaption class=\"wp-element-caption\">Blant varene er det av og til noen skatter som fa\u030ar nytt liv hos nye eiere<\/figcaption><\/figure>\n\n\n\n<h2 id=\"gammelt-utstyr-far-nytt-liv\"  class=\"wp-block-heading\" >Gammelt utstyr f\u00e5r nytt liv<\/h2>\n\n\n\n<p>&#8211; Det er et sosialt og rusfritt milj\u00f8 som gir trygghet og gode innspill i hverdagen, og ikke minst erfaringer som de kan ta med seg og bruke i m\u00f8te de utfordringene som livet vil by p\u00e5, sier han videre.<\/p>\n\n\n\n<p>I lokalene er det ogs\u00e5 noen ungdommer som sitter og reparerer data- og kommunikasjonsutstyr. Ungdommene l\u00e6rer hva som skal til for \u00e5 kunne redde slikt utstyr.<\/p>\n\n\n\n<p>Nytt lagerutsalg, kreativt verksted og stor aktivitet til tross, Milad Masoodean lover at det stopper ikke med dette.<\/p>\n\n\n\n<p>&#8211; Vi har flere planer og prosjekter p\u00e5 lur, smiler han.<\/p>\n\n<div class=\"relations\">\n\t<div class=\"latest-updated\">\n\t\t<span class=\"label\">Senest oppdatert: <\/span>\n\t\t<span class=\"content\">16.10.2025<\/span>\n\t<\/div>\n\t<\/div>\n","protected":false},"excerpt":{"rendered":"<p>Av Ivar Eidsaa og Martin Granum (foto) Bl\u00e5 Kors Kristiansand har i flere m\u00e5neder allerede gitt et arbeidstilbud til ungdom i lokalene i \u00c6girs vei, som ogs\u00e5 brukes til vedsalg. Der har ungdom f\u00e5tt mulighet til \u00e5 pr\u00f8ve seg med \u00e5 reparere stort og sm\u00e5tt, samt \u00e5 fremstille sine egne produkter. N\u00e5 var tiden kommet [&hellip;]<\/p>\n","protected":false},"author":25,"featured_media":9174,"comment_status":"closed","ping_status":"closed","sticky":false,"template":"","format":"standard","meta":{"_acf_changed":false,"_relevanssi_hide_post":"","_relevanssi_hide_content":"","_relevanssi_pin_for_all":"on","_relevanssi_pin_keywords":"","_relevanssi_unpin_keywords":"","_relevanssi_related_keywords":"","_relevanssi_related_include_ids":"","_relevanssi_related_exclude_ids":"","_relevanssi_related_no_append":"","_relevanssi_related_not_related":"","_relevanssi_related_posts":"","_relevanssi_noindex_reason":"","_custom_cards_description":"","footnotes":""},"categories":[5],"tags":[],"internal_tags":[],"class_list":["post-9171","post","type-post","status-publish","format-standard","has-post-thumbnail","hentry","category-bla-kors-kristiansand"],"acf":[],"_links":{"self":[{"href":"https:\/\/www.blakors.no\/kristiansand\/wp-json\/wp\/v2\/posts\/9171","targetHints":{"allow":["GET"]}}],"collection":[{"href":"https:\/\/www.blakors.no\/kristiansand\/wp-json\/wp\/v2\/posts"}],"about":[{"href":"https:\/\/www.blakors.no\/kristiansand\/wp-json\/wp\/v2\/types\/post"}],"author":[{"embeddable":true,"href":"https:\/\/www.blakors.no\/kristiansand\/wp-json\/wp\/v2\/users\/25"}],"replies":[{"embeddable":true,"href":"https:\/\/www.blakors.no\/kristiansand\/wp-json\/wp\/v2\/comments?post=9171"}],"version-history":[{"count":1,"href":"https:\/\/www.blakors.no\/kristiansand\/wp-json\/wp\/v2\/posts\/9171\/revisions"}],"predecessor-version":[{"id":9176,"href":"https:\/\/www.blakors.no\/kristiansand\/wp-json\/wp\/v2\/posts\/9171\/revisions\/9176"}],"wp:featuredmedia":[{"embeddable":true,"href":"https:\/\/www.blakors.no\/kristiansand\/wp-json\/wp\/v2\/media\/9174"}],"wp:attachment":[{"href":"https:\/\/www.blakors.no\/kristiansand\/wp-json\/wp\/v2\/media?parent=9171"}],"wp:term":[{"taxonomy":"category","embeddable":true,"href":"https:\/\/www.blakors.no\/kristiansand\/wp-json\/wp\/v2\/categories?post=9171"},{"taxonomy":"post_tag","embeddable":true,"href":"https:\/\/www.blakors.no\/kristiansand\/wp-json\/wp\/v2\/tags?post=9171"},{"taxonomy":"internal_tags","embeddable":true,"href":"https:\/\/www.blakors.no\/kristiansand\/wp-json\/wp\/v2\/internal_tags?post=9171"}],"curies":[{"name":"wp","href":"https:\/\/api.w.org\/{rel}","templated":true}]}}