{"id":9246,"date":"2025-11-10T10:41:43","date_gmt":"2025-11-10T09:41:43","guid":{"rendered":"https:\/\/www.blakors.no\/kristiansand\/?p=9246"},"modified":"2025-11-10T10:41:47","modified_gmt":"2025-11-10T09:41:47","slug":"helaften-en-julefest-om-hap","status":"publish","type":"post","link":"https:\/\/www.blakors.no\/kristiansand\/2025\/11\/10\/helaften-en-julefest-om-hap\/","title":{"rendered":"Helaften: En julefest om h\u00e5p"},"content":{"rendered":"<p class=\"t2-ingress wp-block-t2-ingress\"><strong>Inntrykkene er mange, sterke og ekte. Det blir noe helt spesielt n\u00e5r Bl\u00e5 Kors Kristiansand inviterer over 200 gjester til den store julefesten hos Bl\u00e5 Kors Kristiansand: \u00abHelaften\u00bb.<\/strong><\/p>\n\n\n<p>Av Ivar Eidsaa<\/p>\n\n\n\n<p>Helaften blir alltid en fest av det uforglemmelige slaget. Til \u00e5rets julefest var 212 personer blitt invitert. Da m\u00f8teleder Egil Oseberg kunne \u00f8nske velkommen, satt 191 gjester ringside i Storsalen, nydelig pyntet til fest.<\/p>\n\n\n\n<p>&#8211; Vi begynte \u00e5 ordne til p\u00e5 tirsdag, s\u00e5 har en god og stor gjeng holdt p\u00e5 for \u00e5 pynte til fest, smiler&nbsp;arrangementskoordinat\u00f8r&nbsp;i Bl\u00e5 Kors Kristiansand, Mona Lindekleiv.<\/p>\n\n\n\n<p>Og p\u00e5 selve dagen stod over 80 Tidigivere klare til \u00e5 servere, hjelpe til, rydde og bidra, mange av dem mennesker som \u00f8nsker \u00e5 bruke av sin tid p\u00e5 \u00e5 hjelpe andre. Men ogs\u00e5 bedrifter og samarbeidspartnere som stilte med flere ansatte for \u00e5 bidra inn til denne storfesten.<\/p>\n\n\n\n<h2 id=\"dette-er-var-julaften\"  class=\"wp-block-heading\" ><strong>&#8211; Dette er v\u00e5r julaften<\/strong><\/h2>\n\n\n\n<p>&#8211; Helaften er\u00a0som julaften for mange av v\u00e5re gjester, og dermed\u00a0\u00e5rets store h\u00f8ydepunkt for oss i Bl\u00e5 Kors Kristiansand, sier\u00a0daglig leder Arvid Solheim.<\/p>\n\n\n\n<p>&#8211; Alt er sponset, fra maten og desserten, til gaveposene som hver enkelt gjest f\u00e5r med seg. Det er bare enormt \u00e5 se hvor mange som \u00f8nsker \u00e5 bidra, sier\u00a0sv\u00e6rt takknemlig\u00a0Trond Furseth,\u00a0fundraisingsansvarlig\u00a0hos Bl\u00e5 Kors Kristiansand og som f\u00f8lgelig har hatt kontakt med\u00a0en lang rekke bedrifter og organisasjoner med foresp\u00f8rsel om de kunne tenke seg \u00e5 bidra inn til Helaften.\u00a0<\/p>\n\n\n\n<p>For flere startet Helaften lenge f\u00f8r Egil Oseberg kunne \u00f8nske velkommen kl. 17.00. Allerede fra kl 13 stilte flere medarbeidere hos\u00a0Blivakker\u00a0opp hos Bl\u00e5 Kors gaten\u00e6rt som er Bl\u00e5 Kors-kafeen i Festningsgaten som mange i rusmilj\u00f8et s\u00f8ker til.<\/p>\n\n\n\n<figure class=\"wp-block-image size-large\"><img loading=\"lazy\" decoding=\"async\" width=\"1024\" height=\"768\" src=\"https:\/\/www.blakors.no\/content\/uploads\/sites\/11\/2025\/11\/Monica-Cecilie-er-blitt-sminket-og-er-klar-for-Helaften-1024x768.jpg\" alt=\"Monica Cecilie\" class=\"wp-image-9256\" srcset=\"https:\/\/www.blakors.no\/content\/uploads\/sites\/11\/2025\/11\/Monica-Cecilie-er-blitt-sminket-og-er-klar-for-Helaften-1024x768.jpg 1024w, https:\/\/www.blakors.no\/content\/uploads\/sites\/11\/2025\/11\/Monica-Cecilie-er-blitt-sminket-og-er-klar-for-Helaften-300x225.jpg 300w, https:\/\/www.blakors.no\/content\/uploads\/sites\/11\/2025\/11\/Monica-Cecilie-er-blitt-sminket-og-er-klar-for-Helaften-768x576.jpg 768w, https:\/\/www.blakors.no\/content\/uploads\/sites\/11\/2025\/11\/Monica-Cecilie-er-blitt-sminket-og-er-klar-for-Helaften-1536x1152.jpg 1536w, https:\/\/www.blakors.no\/content\/uploads\/sites\/11\/2025\/11\/Monica-Cecilie-er-blitt-sminket-og-er-klar-for-Helaften-2048x1536.jpg 2048w, https:\/\/www.blakors.no\/content\/uploads\/sites\/11\/2025\/11\/Monica-Cecilie-er-blitt-sminket-og-er-klar-for-Helaften-1920x1440.jpg 1920w\" sizes=\"auto, (max-width: 1024px) 100vw, 1024px\" \/><figcaption class=\"wp-element-caption\">Monica Cecilie er blitt sminket og er klar for Helaften.<\/figcaption><\/figure>\n\n\n\n<h2 id=\"den-toffeste-tiden-i-aret\"  class=\"wp-block-heading\" ><strong>&#8211; Den t\u00f8ffeste tiden i \u00e5ret<\/strong><\/h2>\n\n\n\n<p>&#8211;&nbsp;Blivakker&nbsp;\u00f8nsket \u00e5 bidra og her i dag kan alle som \u00f8nsker det f\u00e5 stelt og klippet h\u00e5ret. Jentene som \u00f8nsker det, blir sminket og vi har hentet fine kjoler, dresser og annet&nbsp;festt\u00f8y&nbsp;hos gjenbruksbutikken v\u00e5r p\u00e5 M\u00f8lla ved Setesdalsveien, hvor de som \u00f8nsker det kan f\u00e5 anledning til \u00e5 pynte seg, sier&nbsp;Julie Fossum Anderssen, veileder hos Bl\u00e5 Kors gaten\u00e6rt.<\/p>\n\n\n\n<p>Lenge f\u00f8r festen skal starte&nbsp;kl. 17.00, begynner gjestene \u00e5 komme, med spente og forventningsfulle blikk. D\u00f8rene \u00e5pnes. Gjestene str\u00f8mmer inn i lokalet som er blitt skikkelig pyntet til julefest.&nbsp;<\/p>\n\n\n\n<p>&#8211; For mange av dere er julaften den t\u00f8ffeste tiden i \u00e5ret. Jeg h\u00e5per at den julefesten som Bl\u00e5 Kors inviterer til, kan bidra til noe godt, og gi gode minner og energi, sa varaordf\u00f8rer Charlotte&nbsp;Beckmann&nbsp;Finnestad innledningsvis.&nbsp;<\/p>\n\n\n\n<figure class=\"wp-block-image size-large\"><img loading=\"lazy\" decoding=\"async\" width=\"1024\" height=\"768\" src=\"https:\/\/www.blakors.no\/content\/uploads\/sites\/11\/2025\/11\/Varaordforer-Charlotte-Beckmann-Finnestad-1024x768.jpg\" alt=\"Varaordf\u00f8rer Charlotte\u00a0Beckmann\u00a0Finnestad\" class=\"wp-image-9255\" srcset=\"https:\/\/www.blakors.no\/content\/uploads\/sites\/11\/2025\/11\/Varaordforer-Charlotte-Beckmann-Finnestad-1024x768.jpg 1024w, https:\/\/www.blakors.no\/content\/uploads\/sites\/11\/2025\/11\/Varaordforer-Charlotte-Beckmann-Finnestad-300x225.jpg 300w, https:\/\/www.blakors.no\/content\/uploads\/sites\/11\/2025\/11\/Varaordforer-Charlotte-Beckmann-Finnestad-768x576.jpg 768w, https:\/\/www.blakors.no\/content\/uploads\/sites\/11\/2025\/11\/Varaordforer-Charlotte-Beckmann-Finnestad-1536x1152.jpg 1536w, https:\/\/www.blakors.no\/content\/uploads\/sites\/11\/2025\/11\/Varaordforer-Charlotte-Beckmann-Finnestad-2048x1536.jpg 2048w, https:\/\/www.blakors.no\/content\/uploads\/sites\/11\/2025\/11\/Varaordforer-Charlotte-Beckmann-Finnestad-1920x1440.jpg 1920w\" sizes=\"auto, (max-width: 1024px) 100vw, 1024px\" \/><figcaption class=\"wp-element-caption\">&#8211; Jeg h\u00e5per at den julefesten som Bl\u00e5 Kors inviterer til, kan bidra til noe godt, og gi gode minner og energi, sa varaordf\u00f8rer Charlotte Beckmann Finnestad.<\/figcaption><\/figure>\n\n\n\n<p>Det gj\u00f8r inntrykk \u00e5 se&nbsp;gjestene&nbsp;komme til fest, pyntet, med forventningsfullt uttrykk i \u00f8ynene. Praten g\u00e5r livlig. Gjestene koser seg. I pausen ryddes bordene, f\u00f8r det blir trekning p\u00e5 loddene&nbsp;med fine premier til vinnerne.&nbsp;<\/p>\n\n\n\n<h2 id=\"fakkeltog\"  class=\"wp-block-heading\" ><strong>Fakkeltog<\/strong><\/h2>\n\n\n\n<figure class=\"wp-block-image size-large\"><img loading=\"lazy\" decoding=\"async\" width=\"1024\" height=\"768\" src=\"https:\/\/www.blakors.no\/content\/uploads\/sites\/11\/2025\/11\/Fakkeltog-1024x768.jpg\" alt=\"Fakkeltog\" class=\"wp-image-9253\" srcset=\"https:\/\/www.blakors.no\/content\/uploads\/sites\/11\/2025\/11\/Fakkeltog-1024x768.jpg 1024w, https:\/\/www.blakors.no\/content\/uploads\/sites\/11\/2025\/11\/Fakkeltog-300x225.jpg 300w, https:\/\/www.blakors.no\/content\/uploads\/sites\/11\/2025\/11\/Fakkeltog-768x576.jpg 768w, https:\/\/www.blakors.no\/content\/uploads\/sites\/11\/2025\/11\/Fakkeltog-1536x1152.jpg 1536w, https:\/\/www.blakors.no\/content\/uploads\/sites\/11\/2025\/11\/Fakkeltog-2048x1536.jpg 2048w, https:\/\/www.blakors.no\/content\/uploads\/sites\/11\/2025\/11\/Fakkeltog-1920x1440.jpg 1920w\" sizes=\"auto, (max-width: 1024px) 100vw, 1024px\" \/><figcaption class=\"wp-element-caption\">Etter festen i Gyldenl\u00f8vesgate gikk alle gjestene i fakkeltog til Teateret.<\/figcaption><\/figure>\n\n\n\n<p>Da arrangementet i storsalen hos Bl\u00e5 Kors Kristiansand er over,&nbsp;samles alle utenfor lokalene. Faklene tennes og et langt og lyssterkt fakkeltog begynner \u00e5 g\u00e5 og med Teateret som&nbsp;endestasjon, hvor Maria Arredondo, Torstein S\u00f8dal,&nbsp;Christian Ingebrigtsen, Gaute Orm\u00e5sen og Fr\u00f8ydis Grorud kjent fra sine mange sesonger som saksofonist i Beat for beat p\u00e5 NRK, hvor den svenske&nbsp;mezzosopranen Ebba&nbsp;Lejonclou&nbsp;og v\u00e5r egen Alexander&nbsp;Rybak&nbsp;stod klare.<\/p>\n\n\n\n<p>Kombinasjonen av julefest, god julemat i en hyggelig sosial atmosf\u00e6re&nbsp;og konsert&nbsp;appellerer.&nbsp;For konsertene blir som alltid noe helt spesielt.<\/p>\n\n\n\n<p>Av og til&nbsp;kan en konsert bli helt magisk, fylt med mange sterke inntrykk formidlet&nbsp;gjennom&nbsp;stor sang og musikk.&nbsp;<\/p>\n\n\n\n<p>Hele ensemblet klarte \u00e5 gj\u00f8re konserten til noe helt spesielt, en oase hvor&nbsp;det ble formidlet h\u00e5p, lys og kj\u00e6rlighet til&nbsp;mennesker som leve harde, t\u00f8ffe liv.&nbsp;<\/p>\n\n\n\n<figure class=\"wp-block-image size-large\"><img loading=\"lazy\" decoding=\"async\" width=\"1024\" height=\"683\" src=\"https:\/\/www.blakors.no\/content\/uploads\/sites\/11\/2025\/11\/Var-Jul-1024x683.jpg\" alt=\"Va\u030ar Jul\" class=\"wp-image-9249\" srcset=\"https:\/\/www.blakors.no\/content\/uploads\/sites\/11\/2025\/11\/Var-Jul-1024x683.jpg 1024w, https:\/\/www.blakors.no\/content\/uploads\/sites\/11\/2025\/11\/Var-Jul-300x200.jpg 300w, https:\/\/www.blakors.no\/content\/uploads\/sites\/11\/2025\/11\/Var-Jul-768x512.jpg 768w, https:\/\/www.blakors.no\/content\/uploads\/sites\/11\/2025\/11\/Var-Jul-1536x1024.jpg 1536w, https:\/\/www.blakors.no\/content\/uploads\/sites\/11\/2025\/11\/Var-Jul-2048x1365.jpg 2048w\" sizes=\"auto, (max-width: 1024px) 100vw, 1024px\" \/><figcaption class=\"wp-element-caption\">V\u00e5r Jul-ensemblet leverte en magisk julekonsert<\/figcaption><\/figure>\n\n\n\n<h2 id=\"et-glimt-av-lys-et-glimt-av-hap\"  class=\"wp-block-heading\" ><strong>Et glimt av lys, et glimt av h\u00e5p<\/strong><\/h2>\n\n\n\n<p>&#8211; Livet kan by p\u00e5 s\u00e5 mye, fortalte Maria Arredondo tidlig i konserten. Hun formidlet et m\u00f8te hvor hun i Oslo traff en mann. De kom i prat&nbsp;og snakket om livet og om alt som kunne v\u00e6rt annerledes.&nbsp;Noen uker senere traff&nbsp;hun p\u00e5&nbsp;ham igjen, og da kastet han seg rundt halsen p\u00e5&nbsp;henne.<\/p>\n\n\n\n<p>&#8211; N\u00e5 har jeg bestemt meg, kunne han fortelle, jeg skal p\u00e5 avrusing. Han snakket s\u00e5 ivrig om alle som en gang hadde v\u00e6rt en del av livet han, men som n\u00e5 var borte fordi rusen hadde skapt avstand. Kanskje kunne de alle komme tilbake.<\/p>\n\n\n\n<p>&#8211; Jeg gav ham noen nuggets, men det han gav i retur, var s\u00e5 mye mer. Det h\u00e5pet han bar p\u00e5, har jeg aldri klart \u00e5 glemme.. Midt i den svarteste natten, fant han et lite lysglimt i livet og som var nok til at han klarte \u00e5 starte p\u00e5 nytt, fortalte Maria Arredondo,&nbsp;hvor hun fulgte opp med \u00abHimmel p\u00e5 jord\u00bb, den sterke l\u00e5ten som Jan Vincents Johannessen har skrevet.<\/p>\n\n\n\n<figure class=\"wp-block-image size-large\"><img loading=\"lazy\" decoding=\"async\" width=\"1024\" height=\"683\" src=\"https:\/\/www.blakors.no\/content\/uploads\/sites\/11\/2025\/11\/Torstein-Sodal-1024x683.jpg\" alt=\"Torstein S\u00f8dal\" class=\"wp-image-9247\" srcset=\"https:\/\/www.blakors.no\/content\/uploads\/sites\/11\/2025\/11\/Torstein-Sodal-1024x683.jpg 1024w, https:\/\/www.blakors.no\/content\/uploads\/sites\/11\/2025\/11\/Torstein-Sodal-300x200.jpg 300w, https:\/\/www.blakors.no\/content\/uploads\/sites\/11\/2025\/11\/Torstein-Sodal-768x512.jpg 768w, https:\/\/www.blakors.no\/content\/uploads\/sites\/11\/2025\/11\/Torstein-Sodal-1536x1024.jpg 1536w, https:\/\/www.blakors.no\/content\/uploads\/sites\/11\/2025\/11\/Torstein-Sodal-2048x1365.jpg 2048w\" sizes=\"auto, (max-width: 1024px) 100vw, 1024px\" \/><figcaption class=\"wp-element-caption\">Torstein S\u00f8dal avsluttet konserten med \u00abO helga natt\u00bb.<\/figcaption><\/figure>\n\n\n\n<p>Arvid Solheim, daglig leder hos Bl\u00e5 Kors Kristiansand, kom med en sterk&nbsp;oppfordring mot slutten av konserten.<\/p>\n\n\n\n<p>&#8211; For fire \u00e5r siden kom Ole Gunnar&nbsp;til oss etter konserten og sa han \u00f8nsket \u00e5 bli rusfri.&nbsp;Hans liv ble mye bedre enn \u00e5rene forut. Min oppfordring er at&nbsp;det ogs\u00e5 i dag kan v\u00e6re en eller flere som bestemmer seg for \u00e5 ta grep i livet. Hele Bl\u00e5 Kors-familien vil st\u00e5 sammen med dere for \u00e5 hjelpe dere, sa Solheim.<\/p>\n\n\n\n<figure class=\"wp-block-image size-large\"><img loading=\"lazy\" decoding=\"async\" width=\"1024\" height=\"768\" src=\"https:\/\/www.blakors.no\/content\/uploads\/sites\/11\/2025\/11\/Arvid-takker-Var-Jul-1024x768.jpg\" alt=\"Arvid Solheim takker Va\u030ar Jul-ensemblet\" class=\"wp-image-9257\" srcset=\"https:\/\/www.blakors.no\/content\/uploads\/sites\/11\/2025\/11\/Arvid-takker-Var-Jul-1024x768.jpg 1024w, https:\/\/www.blakors.no\/content\/uploads\/sites\/11\/2025\/11\/Arvid-takker-Var-Jul-300x225.jpg 300w, https:\/\/www.blakors.no\/content\/uploads\/sites\/11\/2025\/11\/Arvid-takker-Var-Jul-768x576.jpg 768w, https:\/\/www.blakors.no\/content\/uploads\/sites\/11\/2025\/11\/Arvid-takker-Var-Jul-1536x1152.jpg 1536w, https:\/\/www.blakors.no\/content\/uploads\/sites\/11\/2025\/11\/Arvid-takker-Var-Jul-2048x1536.jpg 2048w, https:\/\/www.blakors.no\/content\/uploads\/sites\/11\/2025\/11\/Arvid-takker-Var-Jul-1920x1440.jpg 1920w\" sizes=\"auto, (max-width: 1024px) 100vw, 1024px\" \/><figcaption class=\"wp-element-caption\">Arvid Solheim takker Va\u030ar Jul-ensemblet p\u00e5 slutten av en fantastisk kveld.<\/figcaption><\/figure>\n<div class=\"article-meta--info\">\n<div class=\"dekode-module-was-this-helpful\">\n\t<div class=\"\">\n\t\t<h2>Var dette nyttig?<\/h2>\n\t\t<form id=\"dekode-wth-form\">\n\t\t\t<button id=\"dekode-wth-yes\" class=\"button\" name=\"dekode-wth-feedback\" type=\"submit\"\n\t\t\t\t\tvalue=\"1\">Ja<\/button>\n\t\t\t<button id=\"dekode-wth-no\" class=\"button\" name=\"dekode-wth-feedback\" type=\"submit\"\n\t\t\t\t\tvalue=\"0\">Nei<\/button>\n\t\t\t<input type=\"hidden\" name=\"post_id\" value=\"9246\"\/>\n\t\t<\/form>\n\t<\/div>\n<\/div>\n\n<div class=\"relations\">\n\t<div class=\"latest-updated\">\n\t\t<span class=\"label\">Senest oppdatert: <\/span>\n\t\t<span class=\"content\">10.11.2025<\/span>\n\t<\/div>\n\t<\/div>\n<\/div>","protected":false},"excerpt":{"rendered":"<p>Av Ivar Eidsaa Helaften blir alltid en fest av det uforglemmelige slaget. Til \u00e5rets julefest var 212 personer blitt invitert. Da m\u00f8teleder Egil Oseberg kunne \u00f8nske velkommen, satt 191 gjester ringside i Storsalen, nydelig pyntet til fest. &#8211; Vi begynte \u00e5 ordne til p\u00e5 tirsdag, s\u00e5 har en god og stor gjeng holdt p\u00e5 for [&hellip;]<\/p>\n","protected":false},"author":25,"featured_media":9259,"comment_status":"closed","ping_status":"closed","sticky":false,"template":"","format":"standard","meta":{"_acf_changed":false,"_relevanssi_hide_post":"","_relevanssi_hide_content":"","_relevanssi_pin_for_all":"on","_relevanssi_pin_keywords":"","_relevanssi_unpin_keywords":"","_relevanssi_related_keywords":"","_relevanssi_related_include_ids":"","_relevanssi_related_exclude_ids":"","_relevanssi_related_no_append":"","_relevanssi_related_not_related":"","_relevanssi_related_posts":"","_relevanssi_noindex_reason":"","_custom_cards_description":"","footnotes":""},"categories":[1],"tags":[],"internal_tags":[],"class_list":["post-9246","post","type-post","status-publish","format-standard","has-post-thumbnail","hentry","category-ukategorisert"],"acf":[],"_links":{"self":[{"href":"https:\/\/www.blakors.no\/kristiansand\/wp-json\/wp\/v2\/posts\/9246","targetHints":{"allow":["GET"]}}],"collection":[{"href":"https:\/\/www.blakors.no\/kristiansand\/wp-json\/wp\/v2\/posts"}],"about":[{"href":"https:\/\/www.blakors.no\/kristiansand\/wp-json\/wp\/v2\/types\/post"}],"author":[{"embeddable":true,"href":"https:\/\/www.blakors.no\/kristiansand\/wp-json\/wp\/v2\/users\/25"}],"replies":[{"embeddable":true,"href":"https:\/\/www.blakors.no\/kristiansand\/wp-json\/wp\/v2\/comments?post=9246"}],"version-history":[{"count":2,"href":"https:\/\/www.blakors.no\/kristiansand\/wp-json\/wp\/v2\/posts\/9246\/revisions"}],"predecessor-version":[{"id":9261,"href":"https:\/\/www.blakors.no\/kristiansand\/wp-json\/wp\/v2\/posts\/9246\/revisions\/9261"}],"wp:featuredmedia":[{"embeddable":true,"href":"https:\/\/www.blakors.no\/kristiansand\/wp-json\/wp\/v2\/media\/9259"}],"wp:attachment":[{"href":"https:\/\/www.blakors.no\/kristiansand\/wp-json\/wp\/v2\/media?parent=9246"}],"wp:term":[{"taxonomy":"category","embeddable":true,"href":"https:\/\/www.blakors.no\/kristiansand\/wp-json\/wp\/v2\/categories?post=9246"},{"taxonomy":"post_tag","embeddable":true,"href":"https:\/\/www.blakors.no\/kristiansand\/wp-json\/wp\/v2\/tags?post=9246"},{"taxonomy":"internal_tags","embeddable":true,"href":"https:\/\/www.blakors.no\/kristiansand\/wp-json\/wp\/v2\/internal_tags?post=9246"}],"curies":[{"name":"wp","href":"https:\/\/api.w.org\/{rel}","templated":true}]}}