{"id":9497,"date":"2026-03-02T12:46:43","date_gmt":"2026-03-02T11:46:43","guid":{"rendered":"https:\/\/www.blakors.no\/kristiansand\/?p=9497"},"modified":"2026-03-12T12:36:53","modified_gmt":"2026-03-12T11:36:53","slug":"de-populaere-bla-torsdag-konsertene-er-tilbake","status":"publish","type":"post","link":"https:\/\/www.blakors.no\/kristiansand\/2026\/03\/02\/de-populaere-bla-torsdag-konsertene-er-tilbake\/","title":{"rendered":"De popul\u00e6re Bl\u00e5 Torsdag-konsertene er tilbake"},"content":{"rendered":"<p class=\"t2-ingress wp-block-t2-ingress\"><strong>Etter syv \u00e5rs dvale er endelig de popul\u00e6re \u00abBl\u00e5 Torsdag\u00bb-konsertene i regi av Bl\u00e5 Kors Kristiansand tilbake. De to f\u00f8rste konsertene som er blitt arrangert til n\u00e5 i 2026 har v\u00e6rt for fulle hus.<\/strong><\/p>\n\n\n<p>Av Ivar Eidsaa<\/p>\n\n\n\n<p>&#8211; Det er mange som har spurt oss om n\u00e5r \u00abBl\u00e5 Torsdag\u00bb-konsertene starter opp igjen, sier arrangementsansvarlig i Bl\u00e5 Kors Kristiansand, Mona Lindekleiv.<\/p>\n\n\n\n<figure class=\"wp-block-image size-large\"><img loading=\"lazy\" decoding=\"async\" width=\"1024\" height=\"768\" src=\"https:\/\/www.blakors.no\/content\/uploads\/sites\/11\/2026\/03\/Mona-Lindekleiv-19.02.2026-nr-1-1024x768.jpg\" alt=\"Arrangementansvarlig i Bl\u00e5 Kors Kristiansand, Mona Lindekleiv\" class=\"wp-image-9498\" srcset=\"https:\/\/www.blakors.no\/content\/uploads\/sites\/11\/2026\/03\/Mona-Lindekleiv-19.02.2026-nr-1-1024x768.jpg 1024w, https:\/\/www.blakors.no\/content\/uploads\/sites\/11\/2026\/03\/Mona-Lindekleiv-19.02.2026-nr-1-300x225.jpg 300w, https:\/\/www.blakors.no\/content\/uploads\/sites\/11\/2026\/03\/Mona-Lindekleiv-19.02.2026-nr-1-768x576.jpg 768w, https:\/\/www.blakors.no\/content\/uploads\/sites\/11\/2026\/03\/Mona-Lindekleiv-19.02.2026-nr-1-1536x1152.jpg 1536w, https:\/\/www.blakors.no\/content\/uploads\/sites\/11\/2026\/03\/Mona-Lindekleiv-19.02.2026-nr-1-2048x1536.jpg 2048w, https:\/\/www.blakors.no\/content\/uploads\/sites\/11\/2026\/03\/Mona-Lindekleiv-19.02.2026-nr-1-1920x1440.jpg 1920w\" sizes=\"auto, (max-width: 1024px) 100vw, 1024px\" \/><figcaption class=\"wp-element-caption\">&#8211; Det er mange som har satt pris p\u00e5 at Bl\u00e5Torsdag-konsertene n\u00e5 er tilbake, sier arrangementansvarlig i Bl\u00e5 Kors Kristiansand, Mona Lindekleiv<\/figcaption><\/figure>\n\n\n\n<p>\u00abBl\u00e5 Torsdag\u00bb-konsertene s\u00e5 dagens lys i 2014. Konsertene ble sv\u00e6rt popul\u00e6re, med Ole Paus, \u00d8yvind \u00abElg\u00bb Elgenes, Christel Alsos, Amund Maarud, Terje Formoe, Erik Faber, Thom Hell, J\u00f8rn Hoel, Knut Reiersrud, Sigvart Dagsland og Anita Skorgan som noen av eksempler fra en lang, lang rekke med kjente og folkekj\u00e6re artister som har st\u00e5tt p\u00e5 scenen i Storsalen til Bl\u00e5 Kors Kristiansand i Gyldenl\u00f8vesgate.<\/p>\n\n\n\n<figure class=\"wp-block-image size-large\"><img loading=\"lazy\" decoding=\"async\" width=\"1024\" height=\"681\" src=\"https:\/\/www.blakors.no\/content\/uploads\/sites\/11\/2020\/11\/DSC_0382-1024x681.jpg\" alt=\"\" class=\"wp-image-1153\" srcset=\"https:\/\/www.blakors.no\/content\/uploads\/sites\/11\/2020\/11\/DSC_0382-1024x681.jpg 1024w, https:\/\/www.blakors.no\/content\/uploads\/sites\/11\/2020\/11\/DSC_0382-300x199.jpg 300w, https:\/\/www.blakors.no\/content\/uploads\/sites\/11\/2020\/11\/DSC_0382-768x511.jpg 768w, https:\/\/www.blakors.no\/content\/uploads\/sites\/11\/2020\/11\/DSC_0382-1536x1021.jpg 1536w, https:\/\/www.blakors.no\/content\/uploads\/sites\/11\/2020\/11\/DSC_0382-scaled.jpg 2048w\" sizes=\"auto, (max-width: 1024px) 100vw, 1024px\" \/><figcaption class=\"wp-element-caption\">Det var fullt hus da \u00abBl\u00e5 Torsdag\u00bb-konserten med Sigvart Dagsland gikk av stabelen i 2015. Han har siden v\u00e6rt hos Bl\u00e5 Kors Kristiansand ved flere anledninger.<\/figcaption><\/figure>\n\n\n\n<h2 id=\"fullt-hus\"  class=\"wp-block-heading\" >Fullt hus<\/h2>\n\n\n\n<p>I slutten av januar sto Gaute Orm\u00e5sen p\u00e5 scenen, som f\u00f8rste artist etter syv \u00e5rs pause for \u00abBl\u00e5 Torsdag\u00bb-konsertene.<\/p>\n\n\n\n<p>&#8211; Dette var noe mange satte pris p\u00e5. Det ble fullt hus, det er godt endelig \u00e5 v\u00e6re i gang igjen, smiler Mona Lindekleiv.<\/p>\n\n\n\n<figure class=\"wp-block-image size-large\"><img loading=\"lazy\" decoding=\"async\" width=\"1024\" height=\"677\" src=\"https:\/\/www.blakors.no\/content\/uploads\/sites\/11\/2026\/01\/Gaute-Ormasen-sjarmerte-publikum-1024x677.png\" alt=\"Gaute Orm\u00e5sen sjarmerte publikum\" class=\"wp-image-9394\" srcset=\"https:\/\/www.blakors.no\/content\/uploads\/sites\/11\/2026\/01\/Gaute-Ormasen-sjarmerte-publikum-1024x677.png 1024w, https:\/\/www.blakors.no\/content\/uploads\/sites\/11\/2026\/01\/Gaute-Ormasen-sjarmerte-publikum-300x198.png 300w, https:\/\/www.blakors.no\/content\/uploads\/sites\/11\/2026\/01\/Gaute-Ormasen-sjarmerte-publikum-768x508.png 768w, https:\/\/www.blakors.no\/content\/uploads\/sites\/11\/2026\/01\/Gaute-Ormasen-sjarmerte-publikum-1536x1016.png 1536w, https:\/\/www.blakors.no\/content\/uploads\/sites\/11\/2026\/01\/Gaute-Ormasen-sjarmerte-publikum.png 1920w\" sizes=\"auto, (max-width: 1024px) 100vw, 1024px\" \/><figcaption class=\"wp-element-caption\">Gaute Orm\u00e5sen sjarmerte publikum<\/figcaption><\/figure>\n\n\n\n<p>Og i slutten av februar stod popul\u00e6re Bj\u00f8rn Tomren p\u00e5 scenen, ogs\u00e5 det til fulle hus.<\/p>\n\n\n\n<figure class=\"wp-block-image size-large\"><img loading=\"lazy\" decoding=\"async\" width=\"1024\" height=\"676\" src=\"https:\/\/www.blakors.no\/content\/uploads\/sites\/11\/2026\/03\/Bjorn-Tomren-med-publikum-1024x676.jpg\" alt=\"Bj\u00f8rn Tomren med publikum\" class=\"wp-image-9500\" srcset=\"https:\/\/www.blakors.no\/content\/uploads\/sites\/11\/2026\/03\/Bjorn-Tomren-med-publikum-1024x676.jpg 1024w, https:\/\/www.blakors.no\/content\/uploads\/sites\/11\/2026\/03\/Bjorn-Tomren-med-publikum-300x198.jpg 300w, https:\/\/www.blakors.no\/content\/uploads\/sites\/11\/2026\/03\/Bjorn-Tomren-med-publikum-768x507.jpg 768w, https:\/\/www.blakors.no\/content\/uploads\/sites\/11\/2026\/03\/Bjorn-Tomren-med-publikum-1536x1014.jpg 1536w, https:\/\/www.blakors.no\/content\/uploads\/sites\/11\/2026\/03\/Bjorn-Tomren-med-publikum.jpg 1920w\" sizes=\"auto, (max-width: 1024px) 100vw, 1024px\" \/><figcaption class=\"wp-element-caption\">Storsalen var fylt til randen under Bj\u00f8r Tomrens konsert 26. februar.<\/figcaption><\/figure>\n\n\n\n<p>Konsertene arrangeres i samarbeid med Gama Booking. Gama Booking AS ble etablert i oktober 2023, og drives av Stein Roger Sordal og Tor Henning Leh. De har begge sin opprinnelse fra bygda Sordal i Setesdal, og er to \u00absord\u00f8ler\u00bb som har jobbet med musikk og kultur hele livet.<\/p>\n\n\n\n<p>Stein Roger Sordal sier ordet \u00abGAMA\u00bb &#8211; som betyr \u00abg\u00f8y\u00bb i Setesdal \u2013 og er valgt fordi det har en positiv betydning for oss begge, og det skal gjenspeile det arbeidet de to gj\u00f8r innen kulturformidling.<\/p>\n\n\n\n<p>Samarbeidet g\u00e5r ut p\u00e5 at GAMA tar seg av booking av artister og alt det praktiske, mens Bl\u00e5 Kors stiller med Storsalen i Gyldenl\u00f8ves gate som konsertlokale.<\/p>\n\n\n\n<h2 id=\"claudia-scott\"  class=\"wp-block-heading\" >Claudia Scott<\/h2>\n\n\n\n<p>Alt i alt er det blitt satt opp fire \u00abBl\u00e5 Torsdag\u00bb-konserter denne v\u00e5ren. I tillegg til Gaute Orm\u00e5sen og Bj\u00f8rn Tomren, s\u00e5 inntar Claudia Scott Bl\u00e5 Kors-scenen 12. mars, mens Erik Faber og Stein Roger Sordal avslutter v\u00e5rens konserter i mai.<\/p>\n\n\n\n<p>&#8211; Vi har jobbet en stund for \u00e5 f\u00e5 \u00abBl\u00e5 Torsdag\u00bb-konsertene tilbake. Det er mange som gleder seg over at vi har f\u00e5tt dette til, og jeg er selv en av dem. Jeg var p\u00e5 stort sett samtlige av de mange konsertene som er blitt arrangert.<\/p>\n\n\n\n<h2 id=\"fortsetter-til-hosten\"  class=\"wp-block-heading\" >Fortsetter til h\u00f8sten<\/h2>\n\n\n\n<p>Det var flere hensikten med konsertene i Bl\u00e5 Kors, blant annet \u00e5 tilby en trygg, rusfri kulturarena, gj\u00f8re det lokale Bl\u00e5 Kors-arbeidet kjent i byen og engasjere mennesker. Det er mange eksemplene p\u00e5 at det har f\u00f8rt til flere Tidgivere, flere som har f\u00e5tt hjelp og mange har f\u00e5tt konsertopplevelser de ellers aldri ville f\u00e5tt, sier Lindekleiv.<\/p>\n\n\n\n<p>N\u00e5r Eaber og Stein Roger Sordal er ferdige med sin konsert i mai, betyr ikke det at \u00abBl\u00e5 Torsdag\u00bb-konsertene tas av plakaten.<\/p>\n\n\n\n<p>&#8211; \u00abBl\u00e5 Torsdag\u00bb fortsetter til h\u00f8sten med fire nye konserter. Et par av navnene er allerede p\u00e5 blokken, men hvem dette er kommer vi tilbake til, sier Mona Lindekleiv hemmelighetsfullt.<\/p>\n\n\n\n<figure class=\"wp-block-image size-large\"><img loading=\"lazy\" decoding=\"async\" width=\"1024\" height=\"681\" src=\"https:\/\/www.blakors.no\/content\/uploads\/sites\/11\/2026\/03\/Ole-Paus-1024x681.jpg\" alt=\"Ole Paus\" class=\"wp-image-9501\" srcset=\"https:\/\/www.blakors.no\/content\/uploads\/sites\/11\/2026\/03\/Ole-Paus-1024x681.jpg 1024w, https:\/\/www.blakors.no\/content\/uploads\/sites\/11\/2026\/03\/Ole-Paus-300x200.jpg 300w, https:\/\/www.blakors.no\/content\/uploads\/sites\/11\/2026\/03\/Ole-Paus-768x511.jpg 768w, https:\/\/www.blakors.no\/content\/uploads\/sites\/11\/2026\/03\/Ole-Paus-1536x1022.jpg 1536w, https:\/\/www.blakors.no\/content\/uploads\/sites\/11\/2026\/03\/Ole-Paus.jpg 1920w\" sizes=\"auto, (max-width: 1024px) 100vw, 1024px\" \/><figcaption class=\"wp-element-caption\">Ole Paus er en av flere artister som har gjestet Bl\u00e5 Torsdag-scenen.<\/figcaption><\/figure>\n<div class=\"article-meta--info\">\n<div class=\"dekode-module-was-this-helpful\">\n\t<div class=\"\">\n\t\t<h2>Var dette nyttig?<\/h2>\n\t\t<form id=\"dekode-wth-form\">\n\t\t\t<button id=\"dekode-wth-yes\" class=\"button\" name=\"dekode-wth-feedback\" type=\"submit\"\n\t\t\t\t\tvalue=\"1\">Ja<\/button>\n\t\t\t<button id=\"dekode-wth-no\" class=\"button\" name=\"dekode-wth-feedback\" type=\"submit\"\n\t\t\t\t\tvalue=\"0\">Nei<\/button>\n\t\t\t<input type=\"hidden\" name=\"post_id\" value=\"9497\"\/>\n\t\t<\/form>\n\t<\/div>\n<\/div>\n\n<div class=\"relations\">\n\t<div class=\"latest-updated\">\n\t\t<span class=\"label\">Senest oppdatert: <\/span>\n\t\t<span class=\"content\">12.03.2026<\/span>\n\t<\/div>\n\t<\/div>\n<\/div>","protected":false},"excerpt":{"rendered":"<p>Av Ivar Eidsaa &#8211; Det er mange som har spurt oss om n\u00e5r \u00abBl\u00e5 Torsdag\u00bb-konsertene starter opp igjen, sier arrangementsansvarlig i Bl\u00e5 Kors Kristiansand, Mona Lindekleiv. \u00abBl\u00e5 Torsdag\u00bb-konsertene s\u00e5 dagens lys i 2014. Konsertene ble sv\u00e6rt popul\u00e6re, med Ole Paus, \u00d8yvind \u00abElg\u00bb Elgenes, Christel Alsos, Amund Maarud, Terje Formoe, Erik Faber, Thom Hell, J\u00f8rn Hoel, [&hellip;]<\/p>\n","protected":false},"author":25,"featured_media":9392,"comment_status":"closed","ping_status":"closed","sticky":false,"template":"","format":"standard","meta":{"_acf_changed":false,"_relevanssi_hide_post":"","_relevanssi_hide_content":"","_relevanssi_pin_for_all":"on","_relevanssi_pin_keywords":"","_relevanssi_unpin_keywords":"","_relevanssi_related_keywords":"","_relevanssi_related_include_ids":"","_relevanssi_related_exclude_ids":"","_relevanssi_related_no_append":"","_relevanssi_related_not_related":"","_relevanssi_related_posts":"6668,6021,9178,4439,7752,9203","_relevanssi_noindex_reason":"","_custom_cards_description":"","footnotes":""},"categories":[5],"tags":[],"internal_tags":[],"class_list":["post-9497","post","type-post","status-publish","format-standard","has-post-thumbnail","hentry","category-bla-kors-kristiansand"],"acf":[],"_links":{"self":[{"href":"https:\/\/www.blakors.no\/kristiansand\/wp-json\/wp\/v2\/posts\/9497","targetHints":{"allow":["GET"]}}],"collection":[{"href":"https:\/\/www.blakors.no\/kristiansand\/wp-json\/wp\/v2\/posts"}],"about":[{"href":"https:\/\/www.blakors.no\/kristiansand\/wp-json\/wp\/v2\/types\/post"}],"author":[{"embeddable":true,"href":"https:\/\/www.blakors.no\/kristiansand\/wp-json\/wp\/v2\/users\/25"}],"replies":[{"embeddable":true,"href":"https:\/\/www.blakors.no\/kristiansand\/wp-json\/wp\/v2\/comments?post=9497"}],"version-history":[{"count":3,"href":"https:\/\/www.blakors.no\/kristiansand\/wp-json\/wp\/v2\/posts\/9497\/revisions"}],"predecessor-version":[{"id":9504,"href":"https:\/\/www.blakors.no\/kristiansand\/wp-json\/wp\/v2\/posts\/9497\/revisions\/9504"}],"wp:featuredmedia":[{"embeddable":true,"href":"https:\/\/www.blakors.no\/kristiansand\/wp-json\/wp\/v2\/media\/9392"}],"wp:attachment":[{"href":"https:\/\/www.blakors.no\/kristiansand\/wp-json\/wp\/v2\/media?parent=9497"}],"wp:term":[{"taxonomy":"category","embeddable":true,"href":"https:\/\/www.blakors.no\/kristiansand\/wp-json\/wp\/v2\/categories?post=9497"},{"taxonomy":"post_tag","embeddable":true,"href":"https:\/\/www.blakors.no\/kristiansand\/wp-json\/wp\/v2\/tags?post=9497"},{"taxonomy":"internal_tags","embeddable":true,"href":"https:\/\/www.blakors.no\/kristiansand\/wp-json\/wp\/v2\/internal_tags?post=9497"}],"curies":[{"name":"wp","href":"https:\/\/api.w.org\/{rel}","templated":true}]}}