{"id":9516,"date":"2026-03-12T13:43:28","date_gmt":"2026-03-12T12:43:28","guid":{"rendered":"https:\/\/www.blakors.no\/kristiansand\/?p=9516"},"modified":"2026-03-12T13:43:55","modified_gmt":"2026-03-12T12:43:55","slug":"oppfordrer-ta-turen-innom-moteplassen","status":"publish","type":"post","link":"https:\/\/www.blakors.no\/kristiansand\/2026\/03\/12\/oppfordrer-ta-turen-innom-moteplassen\/","title":{"rendered":"Oppfordrer: &#8211; Ta turen innom \u00abM\u00f8teplassen\u00bb!"},"content":{"rendered":"<p class=\"t2-ingress wp-block-t2-ingress\"><strong>&#8211; M\u00f8teplassen er \u00e5pen for alle, og vi har plass til \u00e5 ta imot langt flere. Det sier Anette Nyg\u00e5rd Kristoffersen, som har ansvaret for M\u00f8teplassen hos Bl\u00e5 Kors Kristiansand.<\/strong><\/p>\n\n\n<p>Av Ivar Eidsaa<\/p>\n\n\n\n<p>&#8211; Vi tilbyr enkelt matservering, masse god kaffe og ikke minst en koselig atmosf\u00e6re hvor man kan senke skuldrene og m\u00f8te andre, forklarer hun.<\/p>\n\n\n\n<p>M\u00f8teplassen har i mange \u00e5r v\u00e6rt en viktig arena for mange. Tidligere var M\u00f8teplassen \u00e5 finne i 1. etasje i Gyldenl\u00f8ves gate, men ble flyttet ned i kjelleren for \u00e5 kunne ta imot enda flere da det rett og slett ble for trangt i 1. etasje. Av ulike grunner ble M\u00f8teplassen satt litt p\u00e5 vent i fjor, men p\u00e5 h\u00f8stparten ble Anette Nyg\u00e5rd Kristoffersen ansatt.<\/p>\n\n\n\n<blockquote class=\"wp-block-quote is-layout-flow wp-block-quote-is-layout-flow\">\n<p>Vi utvidet med \u00absuppetirsdag\u00bb og etter hvert \u00abvaffel-onsdag\u00bb, og n\u00e5 ogs\u00e5 \u00abtema-torsdag\u00bb.<\/p>\n<\/blockquote>\n\n\n\n<p>&#8211; Da jeg ble ansatt ved Bl\u00e5 Kors frivilligsentral i fjor h\u00f8st, var det f\u00f8rste jeg grep fatt i, \u00e5 utvide M\u00f8teplassen. \u00d8nsker noen \u00e5 ta lunchen i hyggelige omgivelser, s\u00e5 ta turen innom, oppfordrer Anette Nyg\u00e5rd Kristoffersen.<\/p>\n\n\n\n<h2 id=\"brikkene-falt-pa-plass\"  class=\"wp-block-heading\" >Brikkene falt p\u00e5 plass<\/h2>\n\n\n\n<p>For \u00e5 kunne servere god mat p\u00e5 tirsdagen, var hun p\u00e5 jakt etter noen som kunne f\u00e5 laget det hele.<\/p>\n\n\n\n<p>Ove Dahl og ektefellen \u00f8nsket \u00e5 bidra med noe p\u00e5 fritiden, og ettersom Dahl hadde arbeidet som kokk i Kristiansand kommune i mange, mange \u00e5r, og attp\u00e5til kunne tenke seg \u00e5 hjelpe til p\u00e5 M\u00f8teplassen, falt brikkene p\u00e5 plass. Hver tirsdag serverer Ove suppe av forskjellig smak som gjestene er blitt veldig glade i.<\/p>\n\n\n\n<figure class=\"wp-block-image size-large\"><img loading=\"lazy\" decoding=\"async\" width=\"1024\" height=\"768\" src=\"https:\/\/www.blakors.no\/content\/uploads\/sites\/11\/2026\/03\/Ove-Dahl-1024x768.jpg\" alt=\"Ove Dahl\" class=\"wp-image-9518\" srcset=\"https:\/\/www.blakors.no\/content\/uploads\/sites\/11\/2026\/03\/Ove-Dahl-1024x768.jpg 1024w, https:\/\/www.blakors.no\/content\/uploads\/sites\/11\/2026\/03\/Ove-Dahl-300x225.jpg 300w, https:\/\/www.blakors.no\/content\/uploads\/sites\/11\/2026\/03\/Ove-Dahl-768x576.jpg 768w, https:\/\/www.blakors.no\/content\/uploads\/sites\/11\/2026\/03\/Ove-Dahl-1536x1152.jpg 1536w, https:\/\/www.blakors.no\/content\/uploads\/sites\/11\/2026\/03\/Ove-Dahl-1920x1440.jpg 1920w, https:\/\/www.blakors.no\/content\/uploads\/sites\/11\/2026\/03\/Ove-Dahl.jpg 2000w\" sizes=\"auto, (max-width: 1024px) 100vw, 1024px\" \/><figcaption class=\"wp-element-caption\">&#8211; Hver tirsdag er det suppe som st\u00e5r p\u00e5 menyen, sier Ove Dahl.<\/figcaption><\/figure>\n\n\n\n<p>Det serveres mye godt, i tillegg til suppe p\u00e5 tirsdagene, s\u00e5 lager \u00c5se noen aldeles velsmakende lapper, og de har ikke overraskende en tendens til \u00e5 forsvinne litt fort.<\/p>\n\n\n\n<p>&#8211; Hemmeligheten er \u00e5 han tjukk r\u00f8re og ikke r\u00f8re i den s\u00e5 mye, smiler hun.<\/p>\n\n\n\n<h2 id=\"30-ars-erfaring-som-kokk\"  class=\"wp-block-heading\" >30 \u00e5rs erfaring som kokk<\/h2>\n\n\n\n<p>Da Ove Dahl gikk av med pensjon, kunne han se tilbake p\u00e5 30 \u00e5r som kokk i kj\u00f8kkendriften som Kristiansand kommune st\u00e5r for p\u00e5 Br\u00e5vann.<\/p>\n\n\n\n<p>&#8211; Der lages all maten til sykehjemmene i Kristiansand kommune og til over 400 hjemmeboende som f\u00e5r maten tilkj\u00f8rt hjem, alt i alt er det snakk om en 1.700-1.800 middagsporsjoner hver dag, forteller Dahl.<\/p>\n\n\n\n<h2 id=\"skaper-flere-moteplasser\"  class=\"wp-block-heading\" >Skaper flere m\u00f8teplasser<\/h2>\n\n\n\n<p>&#8211; Det er viktig \u00e5 skape gode m\u00f8teplasser. Vi trenger det, sier Anette Nyg\u00e5rd Kristoffersen ivrig.<\/p>\n\n\n\n<p>Hun har selv arbeidet mye med nettopp det, \u00e5 skape m\u00f8teplasser som kan bidra til \u00e5 utgj\u00f8re en forskjell.<\/p>\n\n\n\n<p>Hun har blant annet arbeidet ved et veiledningssenter for p\u00e5r\u00f8rende til rus og psykisk helse, har arbeidet som tiltaksarrang\u00f8r for NAV, i barnevernet og oppf\u00f8lgingstjenesten.<\/p>\n\n\n\n<p>I 2022 var hun med og etablerte PitStop p\u00e5 Flekker\u00f8y, som en egen avdeling under PitStop i Bergen hvor tilbudet hadde sitt utspring, og hvor form\u00e5let var \u00e5 drive forebygging og arbeidsinkludering, kursing, veiledning, aktivisering og arbeidstrening for \u00e5 forebygge og redusere ungt utenforskap for utsatte ungdom.<\/p>\n\n\n\n<p>I 2019 etablerte hun og mannen Geitodden, et selskapslokale og en sommerkafe som holder til i det gamle fiskemottaket p\u00e5 Flekker\u00f8y. Hensikten har v\u00e6rt \u00e5 gi ungdom gode muligheter, og de fleste som jobber p\u00e5 Geitodden er ungdom. I \u00e5r blir det \u00e5ttende \u00e5ret som kaf\u00e9en drives.<\/p>\n<div class=\"article-meta--info\">\n<div class=\"dekode-module-was-this-helpful\">\n\t<div class=\"\">\n\t\t<h2>Var dette nyttig?<\/h2>\n\t\t<form id=\"dekode-wth-form\">\n\t\t\t<button id=\"dekode-wth-yes\" class=\"button\" name=\"dekode-wth-feedback\" type=\"submit\"\n\t\t\t\t\tvalue=\"1\">Ja<\/button>\n\t\t\t<button id=\"dekode-wth-no\" class=\"button\" name=\"dekode-wth-feedback\" type=\"submit\"\n\t\t\t\t\tvalue=\"0\">Nei<\/button>\n\t\t\t<input type=\"hidden\" name=\"post_id\" value=\"9516\"\/>\n\t\t<\/form>\n\t<\/div>\n<\/div>\n\n<div class=\"relations\">\n\t<div class=\"latest-updated\">\n\t\t<span class=\"label\">Senest oppdatert: <\/span>\n\t\t<span class=\"content\">12.03.2026<\/span>\n\t<\/div>\n\t<\/div>\n<\/div>","protected":false},"excerpt":{"rendered":"<p>Av Ivar Eidsaa &#8211; Vi tilbyr enkelt matservering, masse god kaffe og ikke minst en koselig atmosf\u00e6re hvor man kan senke skuldrene og m\u00f8te andre, forklarer hun. M\u00f8teplassen har i mange \u00e5r v\u00e6rt en viktig arena for mange. Tidligere var M\u00f8teplassen \u00e5 finne i 1. etasje i Gyldenl\u00f8ves gate, men ble flyttet ned i kjelleren [&hellip;]<\/p>\n","protected":false},"author":25,"featured_media":9517,"comment_status":"closed","ping_status":"closed","sticky":false,"template":"","format":"standard","meta":{"_acf_changed":false,"_relevanssi_hide_post":"","_relevanssi_hide_content":"","_relevanssi_pin_for_all":"on","_relevanssi_pin_keywords":"","_relevanssi_unpin_keywords":"","_relevanssi_related_keywords":"","_relevanssi_related_include_ids":"","_relevanssi_related_exclude_ids":"","_relevanssi_related_no_append":"","_relevanssi_related_not_related":"","_relevanssi_related_posts":"","_relevanssi_noindex_reason":"","_custom_cards_description":"","footnotes":""},"categories":[1],"tags":[],"internal_tags":[],"class_list":["post-9516","post","type-post","status-publish","format-standard","has-post-thumbnail","hentry","category-ukategorisert"],"acf":[],"_links":{"self":[{"href":"https:\/\/www.blakors.no\/kristiansand\/wp-json\/wp\/v2\/posts\/9516","targetHints":{"allow":["GET"]}}],"collection":[{"href":"https:\/\/www.blakors.no\/kristiansand\/wp-json\/wp\/v2\/posts"}],"about":[{"href":"https:\/\/www.blakors.no\/kristiansand\/wp-json\/wp\/v2\/types\/post"}],"author":[{"embeddable":true,"href":"https:\/\/www.blakors.no\/kristiansand\/wp-json\/wp\/v2\/users\/25"}],"replies":[{"embeddable":true,"href":"https:\/\/www.blakors.no\/kristiansand\/wp-json\/wp\/v2\/comments?post=9516"}],"version-history":[{"count":2,"href":"https:\/\/www.blakors.no\/kristiansand\/wp-json\/wp\/v2\/posts\/9516\/revisions"}],"predecessor-version":[{"id":9520,"href":"https:\/\/www.blakors.no\/kristiansand\/wp-json\/wp\/v2\/posts\/9516\/revisions\/9520"}],"wp:featuredmedia":[{"embeddable":true,"href":"https:\/\/www.blakors.no\/kristiansand\/wp-json\/wp\/v2\/media\/9517"}],"wp:attachment":[{"href":"https:\/\/www.blakors.no\/kristiansand\/wp-json\/wp\/v2\/media?parent=9516"}],"wp:term":[{"taxonomy":"category","embeddable":true,"href":"https:\/\/www.blakors.no\/kristiansand\/wp-json\/wp\/v2\/categories?post=9516"},{"taxonomy":"post_tag","embeddable":true,"href":"https:\/\/www.blakors.no\/kristiansand\/wp-json\/wp\/v2\/tags?post=9516"},{"taxonomy":"internal_tags","embeddable":true,"href":"https:\/\/www.blakors.no\/kristiansand\/wp-json\/wp\/v2\/internal_tags?post=9516"}],"curies":[{"name":"wp","href":"https:\/\/api.w.org\/{rel}","templated":true}]}}