{"id":9586,"date":"2026-04-10T11:39:13","date_gmt":"2026-04-10T09:39:13","guid":{"rendered":"https:\/\/www.blakors.no\/kristiansand\/?p=9586"},"modified":"2026-04-10T11:39:16","modified_gmt":"2026-04-10T09:39:16","slug":"praktboligen-pa-royknes-offisielt-apnet","status":"publish","type":"post","link":"https:\/\/www.blakors.no\/kristiansand\/2026\/04\/10\/praktboligen-pa-royknes-offisielt-apnet\/","title":{"rendered":"Praktboligen p\u00e5 R\u00f8yknes offisielt \u00e5pnet"},"content":{"rendered":"<p class=\"t2-ingress wp-block-t2-ingress\"><strong>Utgangspunktet har v\u00e6rt \u00e5 skape det fineste og beste for dem som har minst, og bygget vil bli veldig mye brukt. Det fremholdt daglig leder Arvid Solheim da praktboligen, som Bl\u00e5 Kors Kristiansand fikk kj\u00f8pe av \u00c5 Energi, offisielt ble \u00e5pnet onsdag.<\/strong><\/p>\n\n\n<p>Av Ivar Eidsaa<\/p>\n\n\n\n<p>&#8211; Tanken har hele tiden v\u00e6rt at dette skal bli et sted som alle deltakere, ansatte og Tidgivere (frivillige) fra avdelinger og virksomheter i Bl\u00e5 Kors skal bruke, for rekreasjon, hygge og inspirasjon, sier Solheim videre.<\/p>\n\n\n\n<figure class=\"wp-block-image size-large\"><img loading=\"lazy\" decoding=\"async\" width=\"1024\" height=\"664\" src=\"https:\/\/www.blakors.no\/content\/uploads\/sites\/11\/2026\/04\/royknes-apning-8-Inne-1024x664.png\" alt=\"Arvid Solheim takker samarbeidspartnere og levereand\u00f8rer i stuen\" class=\"wp-image-9596\" srcset=\"https:\/\/www.blakors.no\/content\/uploads\/sites\/11\/2026\/04\/royknes-apning-8-Inne-1024x664.png 1024w, https:\/\/www.blakors.no\/content\/uploads\/sites\/11\/2026\/04\/royknes-apning-8-Inne-300x195.png 300w, https:\/\/www.blakors.no\/content\/uploads\/sites\/11\/2026\/04\/royknes-apning-8-Inne-768x498.png 768w, https:\/\/www.blakors.no\/content\/uploads\/sites\/11\/2026\/04\/royknes-apning-8-Inne-1536x996.png 1536w, https:\/\/www.blakors.no\/content\/uploads\/sites\/11\/2026\/04\/royknes-apning-8-Inne.png 1920w\" sizes=\"auto, (max-width: 1024px) 100vw, 1024px\" \/><figcaption class=\"wp-element-caption\">P\u00e5 vegne av Bl\u00e5 Kors Kristiansand takket Arvid Solheim b\u00e5de Sparebankstiftelsen SR-bank og \u00c5 Energi med bok og blomster. Samarbeidspartnere og levereand\u00f8rer ble ogs\u00e5 satt veldig pris p\u00e5.<\/figcaption><\/figure>\n\n\n\n<figure class=\"wp-block-image size-large\"><img loading=\"lazy\" decoding=\"async\" width=\"1024\" height=\"683\" src=\"https:\/\/www.blakors.no\/content\/uploads\/sites\/11\/2026\/04\/Arvid-Solheim-og-Rune-Nilsen-1024x683.jpg\" alt=\"Arvid Solheim og Rune Nilsen\" class=\"wp-image-9590\" srcset=\"https:\/\/www.blakors.no\/content\/uploads\/sites\/11\/2026\/04\/Arvid-Solheim-og-Rune-Nilsen-1024x683.jpg 1024w, https:\/\/www.blakors.no\/content\/uploads\/sites\/11\/2026\/04\/Arvid-Solheim-og-Rune-Nilsen-300x200.jpg 300w, https:\/\/www.blakors.no\/content\/uploads\/sites\/11\/2026\/04\/Arvid-Solheim-og-Rune-Nilsen-768x512.jpg 768w, https:\/\/www.blakors.no\/content\/uploads\/sites\/11\/2026\/04\/Arvid-Solheim-og-Rune-Nilsen-1536x1024.jpg 1536w, https:\/\/www.blakors.no\/content\/uploads\/sites\/11\/2026\/04\/Arvid-Solheim-og-Rune-Nilsen-2048x1365.jpg 2048w\" sizes=\"auto, (max-width: 1024px) 100vw, 1024px\" \/><figcaption class=\"wp-element-caption\">Arvid Solheim overrekker Bl\u00e5 Kors-bok og blomster til Rune Nilsen fra Sparebankstiftelsen SR-bank. <\/figcaption><\/figure>\n\n\n\n<p>Det var i 2023 at overtok den gamle praktboligen som i flere \u00e5r huset maskinmesteren ved Nomeland kraftverk p\u00e5 R\u00f8yknes. \u00c5 Energi tok kontakt med Bl\u00e5 Kors for \u00e5 h\u00f8re om Bl\u00e5 Kors kunne v\u00e6re interessert i \u00e5 overta den gamle maskinmesterboligen som ligger et par-tre lange steinkast fra Nomeland kraftstasjon.<\/p>\n\n\n\n<h2 id=\"fikk-solid-stotte\"  class=\"wp-block-heading\" >Fikk solid st\u00f8tte<\/h2>\n\n\n\n<p>Svaret var et ubetinget \u00abJA\u00bb. Noen f\u00e5 m\u00e5neder senere kunne Olav Ausel, leder for eiendomsavdelingen i \u00c5 Energi, og Arvid Solheim, daglig leder i Bl\u00e5 Kors Kristiansand, signere kontrakten hvor Bl\u00e5 Kors Kristiansand betalte \u00e9n kroner for den gamle og \u00e6rverdige boligen som ble oppf\u00f8rt i 1915.<\/p>\n\n\n\n<p>Boligen ligger p\u00e5 en solrik tomt, idyllisk plassert p\u00e5 en h\u00f8yde med utsikt over R\u00f8yknesfjorden.<br>l det store vannet nedenfor Nomeland kraftstasjon. Selve tomten er p\u00e5 tre m\u00e5l.<\/p>\n\n\n\n<p>Til et slikt prosjekt trengs det midler. Bl\u00e5 Kors Kristiansand fikk ja p\u00e5 s\u00f8knaden til Sparebankstiftelsen SR-bank om midler. Da alt det formelle var og midlene var p\u00e5 plass, gikk Trond Bjorvand, Kjetil Lund, Dagfinn Lund og Arne Bakke, i gang med \u00e5 renovere bygget.<\/p>\n\n\n\n<p>&#8211; Det har v\u00e6rt en omfattende jobb. Det meste innvendig er blitt revet, og bygget opp igjen, sier Trond Bjorvand.<\/p>\n\n\n\n<h2 id=\"2-500-arbeidstimer\"  class=\"wp-block-heading\" >2.500 arbeidstimer<\/h2>\n\n\n\n<p>Det sier litt om omfanget n\u00e5r Bjorvand og Kjetil Lund forteller at rundt en 2.500 arbeidstimer er blitt lagt ned for \u00e5 f\u00e5 totalrenovert bygget.<\/p>\n\n\n\n<figure class=\"wp-block-image size-large\"><img loading=\"lazy\" decoding=\"async\" width=\"1024\" height=\"683\" src=\"https:\/\/www.blakors.no\/content\/uploads\/sites\/11\/2026\/04\/Driftsgjengen-royknes3-1024x683.png\" alt=\"Kjetil Lund, Dagfinn Lund og Trond Bjorvand \" class=\"wp-image-9593\" srcset=\"https:\/\/www.blakors.no\/content\/uploads\/sites\/11\/2026\/04\/Driftsgjengen-royknes3-1024x683.png 1024w, https:\/\/www.blakors.no\/content\/uploads\/sites\/11\/2026\/04\/Driftsgjengen-royknes3-300x200.png 300w, https:\/\/www.blakors.no\/content\/uploads\/sites\/11\/2026\/04\/Driftsgjengen-royknes3-768x512.png 768w, https:\/\/www.blakors.no\/content\/uploads\/sites\/11\/2026\/04\/Driftsgjengen-royknes3-1536x1024.png 1536w, https:\/\/www.blakors.no\/content\/uploads\/sites\/11\/2026\/04\/Driftsgjengen-royknes3.png 1920w\" sizes=\"auto, (max-width: 1024px) 100vw, 1024px\" \/><figcaption class=\"wp-element-caption\">Kjetil Lund, Dagfinn Lund og Trond Bjorvand p\u00e5 driftsavdelingen i Bl\u00e5 Kors Kristiansand har st\u00e5tt for oppussingen.<\/figcaption><\/figure>\n\n\n\n<p>&#8211; Vi hadde aldri f\u00e5tt til dette uten den flotte st\u00f8tten fra Sparebanken S\u00f8r-Norge og Sparebankstiftelsen SR-Bank, forteller Arvid Solheim.<\/p>\n\n\n\n<p>&#8211; Vi er utrolig takknemlige for at vi har f\u00e5tt v\u00e6remed p\u00e5 en liten del av det som er blitt skapt her oppe, og vi vet at dette kommer utrolig mange mennesker til gode. Gratulerer med dagen, sa banksjef i Sparebanken S\u00f8r-Norge i Kristiansand, Rune Nilssen, i sin hilsningstale under \u00e5pningen.<\/p>\n\n\n\n<p>&#8211; Hvorfor valgte \u00c5 Energi valgt \u00e5 gi boligen til Bl\u00e5 Kors, Olav Ausel?<br>&#8211; Boligen har lenge v\u00e6rt en del av virksomheten v\u00e5r. Den huset maskinmesteren i mange \u00e5r, og er senere blitt brukt i undervisnings\u00f8yemed n\u00e5r vi har hatt skoleklasser p\u00e5 omvisning p\u00e5 kraftverket. Etter hvert er boligen blitt mindre og mindre brukt, og vi \u00f8nsket at boligen kunne komme samfunnet til gode, sier Olav Ausel.<\/p>\n\n\n\n<h2 id=\"ble-rort-og-stolt\"  class=\"wp-block-heading\" >Ble r\u00f8rt og stolt<\/h2>\n\n\n\n<p>Konsernsjef Steffen Syvertsen forteller at da \u00c5 Energi diskuterte hva kraftselskapet skulle gj\u00f8re med eiendommen, ble ledelsen raskt enige om \u00e5 selge til en akt\u00f8r som gjorde at boligen kunne komme til nytte og glede for mange.<\/p>\n\n\n\n<figure class=\"wp-block-image size-large\"><img loading=\"lazy\" decoding=\"async\" width=\"1024\" height=\"683\" src=\"https:\/\/www.blakors.no\/content\/uploads\/sites\/11\/2026\/04\/royknes-apning-cam2-Steffen-Syvertsen-1024x683.png\" alt=\"Steffen Syvertsen\" class=\"wp-image-9597\" srcset=\"https:\/\/www.blakors.no\/content\/uploads\/sites\/11\/2026\/04\/royknes-apning-cam2-Steffen-Syvertsen-1024x683.png 1024w, https:\/\/www.blakors.no\/content\/uploads\/sites\/11\/2026\/04\/royknes-apning-cam2-Steffen-Syvertsen-300x200.png 300w, https:\/\/www.blakors.no\/content\/uploads\/sites\/11\/2026\/04\/royknes-apning-cam2-Steffen-Syvertsen-768x512.png 768w, https:\/\/www.blakors.no\/content\/uploads\/sites\/11\/2026\/04\/royknes-apning-cam2-Steffen-Syvertsen-1536x1024.png 1536w, https:\/\/www.blakors.no\/content\/uploads\/sites\/11\/2026\/04\/royknes-apning-cam2-Steffen-Syvertsen.png 1920w\" sizes=\"auto, (max-width: 1024px) 100vw, 1024px\" \/><figcaption class=\"wp-element-caption\">&#8211; Dere har skapt en plass som f\u00e5r stor verdi for dem som skal bruke huset og plassen, sa konsernsjef i \u00c5 Energi, Steffen Syvertsen, i sin hilsningstale.<\/figcaption><\/figure>\n\n\n\n<p>Han sier i s\u00e5 m\u00e5te st\u00e5r Bl\u00e5 Kors Kristiansand i en s\u00e6rstilling.<\/p>\n\n\n\n<p>&#8211; Jeg ble r\u00f8rt og stolt da jeg kom hit i dag og s\u00e5 hvor mye dere har klart \u00e5 f\u00e5 til. Tusen takk for den store jobben dere har gjort. Det hele er blitt s\u00e5 fint. Dere har skapt en plass som f\u00e5r stor verdi for dem som skal bruke huset og plassen. Bl\u00e5 Kors utgj\u00f8r en stor forskjell i \u00e5 ta vare p\u00e5 dem som trenger oss mest. Gratulerer med et kjempefint nytt bygg, sier Syvertsen videre.<\/p>\n\n\n\n<blockquote class=\"wp-block-quote is-style-small is-layout-flow wp-block-quote-is-layout-flow\">\n<p>\u00abJeg er veldig imponert over det Bl\u00e5 Kors har f\u00e5tt til her.\u00bb<br>-Varaordf\u00f8rer i Vennesla, Odd Gr\u00f8nberg, i sin hilsningstale.<\/p>\n<\/blockquote>\n\n\n\n<p>&#8211; Huset vil bli til glede for mange, som kurssted og aktivitetssenter for hele virksomheten til b\u00e5de Bl\u00e5 Kors, mulighetenes hus i Vennesla og Bl\u00e5 Kors Kristiansand, sa Gr\u00f8nberg videre. <\/p>\n\n\n\n<p>Arvid Solheim peker p\u00e5 at boligen og plassen egner seg som et godt treffsted for alle virksomhetene.<\/p>\n\n\n\n<h2 id=\"stor-gapahuk\"  class=\"wp-block-heading\" >Stor gapahuk<\/h2>\n\n\n\n<p>&#8211; Her kan Bl\u00e5 Kors ferier ta med seg feriegjester, her kan dem som er i behandling og ettervern komme for rekreasjon og gode aktiviteter, for \u00e5 ha nevnt noen eksempler, sier Arvid Solheim.<\/p>\n\n\n\n<p>Omr\u00e5det har en naturrik plassering slik at alt ligger til rette for gode opplevelser for store og sm\u00e5. Ved vannet kan man bade. Det ligger godt til rette for kajakkturer. Turterrenget er godt, og bare ti minutters gange unna, ligger endestasjonen til Setesdalsbanen p\u00e5 R\u00f8yknes.<\/p>\n\n\n\n<figure class=\"wp-block-image size-large\"><img loading=\"lazy\" decoding=\"async\" width=\"1024\" height=\"768\" src=\"https:\/\/www.blakors.no\/content\/uploads\/sites\/11\/2026\/04\/Gapahuk-av-Jan-Thommassen-1024x768.jpg\" alt=\"Gapahuk av Jan Thommassen\" class=\"wp-image-9587\" srcset=\"https:\/\/www.blakors.no\/content\/uploads\/sites\/11\/2026\/04\/Gapahuk-av-Jan-Thommassen-1024x768.jpg 1024w, https:\/\/www.blakors.no\/content\/uploads\/sites\/11\/2026\/04\/Gapahuk-av-Jan-Thommassen-300x225.jpg 300w, https:\/\/www.blakors.no\/content\/uploads\/sites\/11\/2026\/04\/Gapahuk-av-Jan-Thommassen-768x576.jpg 768w, https:\/\/www.blakors.no\/content\/uploads\/sites\/11\/2026\/04\/Gapahuk-av-Jan-Thommassen-1536x1152.jpg 1536w, https:\/\/www.blakors.no\/content\/uploads\/sites\/11\/2026\/04\/Gapahuk-av-Jan-Thommassen-1920x1440.jpg 1920w, https:\/\/www.blakors.no\/content\/uploads\/sites\/11\/2026\/04\/Gapahuk-av-Jan-Thommassen.jpg 2000w\" sizes=\"auto, (max-width: 1024px) 100vw, 1024px\" \/><\/figure>\n\n\n\n<p>Rett utenfor boligen, har Jan Thomassen fra Vennesla bygd en stor gapahuk.<\/p>\n\n\n\n<p>&#8211; Jeg har kjent Arvid Solheim i 40 \u00e5r og har selv arbeidet innen rusomsorgen i flere \u00e5r, og jeg \u00f8nsket \u00e5 bidra p\u00e5 min m\u00e5te etter at Bl\u00e5 Kors fikk kj\u00f8pe boligen, sier Thomassen.<\/p>\n\n\n\n<figure class=\"wp-block-image size-large\"><img loading=\"lazy\" decoding=\"async\" width=\"1024\" height=\"684\" src=\"https:\/\/www.blakors.no\/content\/uploads\/sites\/11\/2026\/04\/Jan-Thomassen-1024x684.jpg\" alt=\"\" class=\"wp-image-9592\" srcset=\"https:\/\/www.blakors.no\/content\/uploads\/sites\/11\/2026\/04\/Jan-Thomassen-1024x684.jpg 1024w, https:\/\/www.blakors.no\/content\/uploads\/sites\/11\/2026\/04\/Jan-Thomassen-300x201.jpg 300w, https:\/\/www.blakors.no\/content\/uploads\/sites\/11\/2026\/04\/Jan-Thomassen-768x513.jpg 768w, https:\/\/www.blakors.no\/content\/uploads\/sites\/11\/2026\/04\/Jan-Thomassen-1536x1027.jpg 1536w, https:\/\/www.blakors.no\/content\/uploads\/sites\/11\/2026\/04\/Jan-Thomassen-2048x1369.jpg 2048w\" sizes=\"auto, (max-width: 1024px) 100vw, 1024px\" \/><figcaption class=\"wp-element-caption\">Jan Thomassen<\/figcaption><\/figure>\n\n\n\n<p>&#8211; Her kan gjester og bes\u00f8kende sitte i ro og fred og bare nyte naturen, soloppgangen og solnedgangen. Her er det et riktig fugle- og dyreliv og det \u00e5 sitte og bare sanse naturen sammen, har en stor, stor verdi i seg selv, sier Jan Thomassen.<\/p>\n\n\n\n<figure class=\"wp-block-gallery has-nested-images columns-default is-cropped wp-block-gallery-1 is-layout-flex wp-block-gallery-is-layout-flex\">\n<figure class=\"wp-block-image size-large\"><img loading=\"lazy\" decoding=\"async\" width=\"1024\" height=\"684\" data-id=\"9599\" src=\"https:\/\/www.blakors.no\/content\/uploads\/sites\/11\/2026\/04\/Galleri-finstue-royknes-apning-15-1024x684.png\" alt=\"\" class=\"wp-image-9599\" srcset=\"https:\/\/www.blakors.no\/content\/uploads\/sites\/11\/2026\/04\/Galleri-finstue-royknes-apning-15-1024x684.png 1024w, https:\/\/www.blakors.no\/content\/uploads\/sites\/11\/2026\/04\/Galleri-finstue-royknes-apning-15-300x200.png 300w, https:\/\/www.blakors.no\/content\/uploads\/sites\/11\/2026\/04\/Galleri-finstue-royknes-apning-15-768x513.png 768w, https:\/\/www.blakors.no\/content\/uploads\/sites\/11\/2026\/04\/Galleri-finstue-royknes-apning-15-1536x1026.png 1536w, https:\/\/www.blakors.no\/content\/uploads\/sites\/11\/2026\/04\/Galleri-finstue-royknes-apning-15.png 1920w\" sizes=\"auto, (max-width: 1024px) 100vw, 1024px\" \/><figcaption class=\"wp-element-caption\">Fra stua i 1. etg<\/figcaption><\/figure>\n\n\n\n<figure class=\"wp-block-image size-large\"><img loading=\"lazy\" decoding=\"async\" width=\"1024\" height=\"684\" data-id=\"9600\" src=\"https:\/\/www.blakors.no\/content\/uploads\/sites\/11\/2026\/04\/Galleri-kjokken-royknes-apning-14-1024x684.png\" alt=\"\" class=\"wp-image-9600\" srcset=\"https:\/\/www.blakors.no\/content\/uploads\/sites\/11\/2026\/04\/Galleri-kjokken-royknes-apning-14-1024x684.png 1024w, https:\/\/www.blakors.no\/content\/uploads\/sites\/11\/2026\/04\/Galleri-kjokken-royknes-apning-14-300x200.png 300w, https:\/\/www.blakors.no\/content\/uploads\/sites\/11\/2026\/04\/Galleri-kjokken-royknes-apning-14-768x513.png 768w, https:\/\/www.blakors.no\/content\/uploads\/sites\/11\/2026\/04\/Galleri-kjokken-royknes-apning-14-1536x1026.png 1536w, https:\/\/www.blakors.no\/content\/uploads\/sites\/11\/2026\/04\/Galleri-kjokken-royknes-apning-14.png 1920w\" sizes=\"auto, (max-width: 1024px) 100vw, 1024px\" \/><figcaption class=\"wp-element-caption\">Kj\u00f8kkenet med kake<\/figcaption><\/figure>\n\n\n\n<figure class=\"wp-block-image size-large\"><img loading=\"lazy\" decoding=\"async\" width=\"1024\" height=\"684\" data-id=\"9601\" src=\"https:\/\/www.blakors.no\/content\/uploads\/sites\/11\/2026\/04\/Galleri-soverom-gront-royknes-apning-11-1024x684.png\" alt=\"\" class=\"wp-image-9601\" srcset=\"https:\/\/www.blakors.no\/content\/uploads\/sites\/11\/2026\/04\/Galleri-soverom-gront-royknes-apning-11-1024x684.png 1024w, https:\/\/www.blakors.no\/content\/uploads\/sites\/11\/2026\/04\/Galleri-soverom-gront-royknes-apning-11-300x200.png 300w, https:\/\/www.blakors.no\/content\/uploads\/sites\/11\/2026\/04\/Galleri-soverom-gront-royknes-apning-11-768x513.png 768w, https:\/\/www.blakors.no\/content\/uploads\/sites\/11\/2026\/04\/Galleri-soverom-gront-royknes-apning-11-1536x1026.png 1536w, https:\/\/www.blakors.no\/content\/uploads\/sites\/11\/2026\/04\/Galleri-soverom-gront-royknes-apning-11.png 1920w\" sizes=\"auto, (max-width: 1024px) 100vw, 1024px\" \/><figcaption class=\"wp-element-caption\">Det &laquo;gr\u00f8nne&raquo; soverommet<\/figcaption><\/figure>\n\n\n\n<figure class=\"wp-block-image size-large\"><img loading=\"lazy\" decoding=\"async\" width=\"1024\" height=\"684\" data-id=\"9602\" src=\"https:\/\/www.blakors.no\/content\/uploads\/sites\/11\/2026\/04\/Galleri-soverrom-royknes-apning-12-1024x684.png\" alt=\"\" class=\"wp-image-9602\" srcset=\"https:\/\/www.blakors.no\/content\/uploads\/sites\/11\/2026\/04\/Galleri-soverrom-royknes-apning-12-1024x684.png 1024w, https:\/\/www.blakors.no\/content\/uploads\/sites\/11\/2026\/04\/Galleri-soverrom-royknes-apning-12-300x200.png 300w, https:\/\/www.blakors.no\/content\/uploads\/sites\/11\/2026\/04\/Galleri-soverrom-royknes-apning-12-768x513.png 768w, https:\/\/www.blakors.no\/content\/uploads\/sites\/11\/2026\/04\/Galleri-soverrom-royknes-apning-12-1536x1026.png 1536w, https:\/\/www.blakors.no\/content\/uploads\/sites\/11\/2026\/04\/Galleri-soverrom-royknes-apning-12.png 1920w\" sizes=\"auto, (max-width: 1024px) 100vw, 1024px\" \/><figcaption class=\"wp-element-caption\">Det &laquo;bl\u00e5&raquo; soverommet<\/figcaption><\/figure>\n\n\n\n<figure class=\"wp-block-image size-large\"><img loading=\"lazy\" decoding=\"async\" width=\"1024\" height=\"684\" data-id=\"9603\" src=\"https:\/\/www.blakors.no\/content\/uploads\/sites\/11\/2026\/04\/Galleri-stue-2etg-royknes-apning-10-1024x684.png\" alt=\"\" class=\"wp-image-9603\" srcset=\"https:\/\/www.blakors.no\/content\/uploads\/sites\/11\/2026\/04\/Galleri-stue-2etg-royknes-apning-10-1024x684.png 1024w, https:\/\/www.blakors.no\/content\/uploads\/sites\/11\/2026\/04\/Galleri-stue-2etg-royknes-apning-10-300x200.png 300w, https:\/\/www.blakors.no\/content\/uploads\/sites\/11\/2026\/04\/Galleri-stue-2etg-royknes-apning-10-768x513.png 768w, https:\/\/www.blakors.no\/content\/uploads\/sites\/11\/2026\/04\/Galleri-stue-2etg-royknes-apning-10-1536x1026.png 1536w, https:\/\/www.blakors.no\/content\/uploads\/sites\/11\/2026\/04\/Galleri-stue-2etg-royknes-apning-10.png 1920w\" sizes=\"auto, (max-width: 1024px) 100vw, 1024px\" \/><figcaption class=\"wp-element-caption\">Stuen i 2. etg<\/figcaption><\/figure>\n\n\n\n<figure class=\"wp-block-image size-large\"><img loading=\"lazy\" decoding=\"async\" width=\"1024\" height=\"684\" data-id=\"9604\" src=\"https:\/\/www.blakors.no\/content\/uploads\/sites\/11\/2026\/04\/Galleri-stue-royknes-apning-16-1024x684.png\" alt=\"\" class=\"wp-image-9604\" srcset=\"https:\/\/www.blakors.no\/content\/uploads\/sites\/11\/2026\/04\/Galleri-stue-royknes-apning-16-1024x684.png 1024w, https:\/\/www.blakors.no\/content\/uploads\/sites\/11\/2026\/04\/Galleri-stue-royknes-apning-16-300x200.png 300w, https:\/\/www.blakors.no\/content\/uploads\/sites\/11\/2026\/04\/Galleri-stue-royknes-apning-16-768x513.png 768w, https:\/\/www.blakors.no\/content\/uploads\/sites\/11\/2026\/04\/Galleri-stue-royknes-apning-16-1536x1026.png 1536w, https:\/\/www.blakors.no\/content\/uploads\/sites\/11\/2026\/04\/Galleri-stue-royknes-apning-16.png 1920w\" sizes=\"auto, (max-width: 1024px) 100vw, 1024px\" \/><figcaption class=\"wp-element-caption\">Stua i 1. etg<\/figcaption><\/figure>\n\n\n\n<figure class=\"wp-block-image size-large\"><img loading=\"lazy\" decoding=\"async\" width=\"1024\" height=\"684\" data-id=\"9605\" src=\"https:\/\/www.blakors.no\/content\/uploads\/sites\/11\/2026\/04\/Galleri-trapp-lysekrone-royknes-apning-13-1024x684.png\" alt=\"\" class=\"wp-image-9605\" srcset=\"https:\/\/www.blakors.no\/content\/uploads\/sites\/11\/2026\/04\/Galleri-trapp-lysekrone-royknes-apning-13-1024x684.png 1024w, https:\/\/www.blakors.no\/content\/uploads\/sites\/11\/2026\/04\/Galleri-trapp-lysekrone-royknes-apning-13-300x200.png 300w, https:\/\/www.blakors.no\/content\/uploads\/sites\/11\/2026\/04\/Galleri-trapp-lysekrone-royknes-apning-13-768x513.png 768w, https:\/\/www.blakors.no\/content\/uploads\/sites\/11\/2026\/04\/Galleri-trapp-lysekrone-royknes-apning-13-1536x1026.png 1536w, https:\/\/www.blakors.no\/content\/uploads\/sites\/11\/2026\/04\/Galleri-trapp-lysekrone-royknes-apning-13.png 1920w\" sizes=\"auto, (max-width: 1024px) 100vw, 1024px\" \/><figcaption class=\"wp-element-caption\">Trappeopppgangen med den flotte lysekrona<\/figcaption><\/figure>\n<\/figure>\n<div class=\"article-meta--info\">\n<div class=\"dekode-module-was-this-helpful\">\n\t<div class=\"\">\n\t\t<h2>Var dette nyttig?<\/h2>\n\t\t<form id=\"dekode-wth-form\">\n\t\t\t<button id=\"dekode-wth-yes\" class=\"button\" name=\"dekode-wth-feedback\" type=\"submit\"\n\t\t\t\t\tvalue=\"1\">Ja<\/button>\n\t\t\t<button id=\"dekode-wth-no\" class=\"button\" name=\"dekode-wth-feedback\" type=\"submit\"\n\t\t\t\t\tvalue=\"0\">Nei<\/button>\n\t\t\t<input type=\"hidden\" name=\"post_id\" value=\"9586\"\/>\n\t\t<\/form>\n\t<\/div>\n<\/div>\n\n<div class=\"relations\">\n\t<div class=\"latest-updated\">\n\t\t<span class=\"label\">Senest oppdatert: <\/span>\n\t\t<span class=\"content\">10.04.2026<\/span>\n\t<\/div>\n\t<\/div>\n<\/div>","protected":false},"excerpt":{"rendered":"<p>Av Ivar Eidsaa &#8211; Tanken har hele tiden v\u00e6rt at dette skal bli et sted som alle deltakere, ansatte og Tidgivere (frivillige) fra avdelinger og virksomheter i Bl\u00e5 Kors skal bruke, for rekreasjon, hygge og inspirasjon, sier Solheim videre. Det var i 2023 at overtok den gamle praktboligen som i flere \u00e5r huset maskinmesteren ved [&hellip;]<\/p>\n","protected":false},"author":25,"featured_media":9595,"comment_status":"closed","ping_status":"closed","sticky":false,"template":"","format":"standard","meta":{"_acf_changed":false,"_relevanssi_hide_post":"","_relevanssi_hide_content":"","_relevanssi_pin_for_all":"on","_relevanssi_pin_keywords":"","_relevanssi_unpin_keywords":"","_relevanssi_related_keywords":"","_relevanssi_related_include_ids":"","_relevanssi_related_exclude_ids":"","_relevanssi_related_no_append":"","_relevanssi_related_not_related":"","_relevanssi_related_posts":"","_relevanssi_noindex_reason":"","_custom_cards_description":"","footnotes":""},"categories":[5],"tags":[],"internal_tags":[],"class_list":["post-9586","post","type-post","status-publish","format-standard","has-post-thumbnail","hentry","category-bla-kors-kristiansand"],"acf":[],"_links":{"self":[{"href":"https:\/\/www.blakors.no\/kristiansand\/wp-json\/wp\/v2\/posts\/9586","targetHints":{"allow":["GET"]}}],"collection":[{"href":"https:\/\/www.blakors.no\/kristiansand\/wp-json\/wp\/v2\/posts"}],"about":[{"href":"https:\/\/www.blakors.no\/kristiansand\/wp-json\/wp\/v2\/types\/post"}],"author":[{"embeddable":true,"href":"https:\/\/www.blakors.no\/kristiansand\/wp-json\/wp\/v2\/users\/25"}],"replies":[{"embeddable":true,"href":"https:\/\/www.blakors.no\/kristiansand\/wp-json\/wp\/v2\/comments?post=9586"}],"version-history":[{"count":1,"href":"https:\/\/www.blakors.no\/kristiansand\/wp-json\/wp\/v2\/posts\/9586\/revisions"}],"predecessor-version":[{"id":9606,"href":"https:\/\/www.blakors.no\/kristiansand\/wp-json\/wp\/v2\/posts\/9586\/revisions\/9606"}],"wp:featuredmedia":[{"embeddable":true,"href":"https:\/\/www.blakors.no\/kristiansand\/wp-json\/wp\/v2\/media\/9595"}],"wp:attachment":[{"href":"https:\/\/www.blakors.no\/kristiansand\/wp-json\/wp\/v2\/media?parent=9586"}],"wp:term":[{"taxonomy":"category","embeddable":true,"href":"https:\/\/www.blakors.no\/kristiansand\/wp-json\/wp\/v2\/categories?post=9586"},{"taxonomy":"post_tag","embeddable":true,"href":"https:\/\/www.blakors.no\/kristiansand\/wp-json\/wp\/v2\/tags?post=9586"},{"taxonomy":"internal_tags","embeddable":true,"href":"https:\/\/www.blakors.no\/kristiansand\/wp-json\/wp\/v2\/internal_tags?post=9586"}],"curies":[{"name":"wp","href":"https:\/\/api.w.org\/{rel}","templated":true}]}}