{"id":11630,"date":"2021-03-18T15:30:19","date_gmt":"2021-03-18T14:30:19","guid":{"rendered":"https:\/\/www.blakors.no\/lade\/?p=11630"},"modified":"2021-03-18T15:42:34","modified_gmt":"2021-03-18T14:42:34","slug":"brua-livet-etter-behandling","status":"publish","type":"post","link":"https:\/\/www.blakors.no\/lade\/2021\/03\/18\/brua-livet-etter-behandling\/","title":{"rendered":"Brua &#8211; livet etter behandling"},"content":{"rendered":"\n<div class=\"wp-block-lib-header alignfull hide\"><div class=\"image-wrapper\"><img decoding=\"async\" src=\"https:\/\/www.blakors.no\/content\/uploads\/sites\/12\/2020\/10\/BRUA.png\"\/><\/div><div class=\"header-innercontent\"><\/div><\/div>\n\n\n\n<figure class=\"wp-block-image size-large\"><img loading=\"lazy\" decoding=\"async\" width=\"1024\" height=\"505\" src=\"https:\/\/www.blakors.no\/content\/uploads\/sites\/12\/2020\/10\/BRUA-1024x505.png\" alt=\"Stor bru over vann.\" class=\"wp-image-10173\" srcset=\"https:\/\/www.blakors.no\/content\/uploads\/sites\/12\/2020\/10\/BRUA-1024x505.png 1024w, https:\/\/www.blakors.no\/content\/uploads\/sites\/12\/2020\/10\/BRUA-300x148.png 300w, https:\/\/www.blakors.no\/content\/uploads\/sites\/12\/2020\/10\/BRUA-768x379.png 768w, https:\/\/www.blakors.no\/content\/uploads\/sites\/12\/2020\/10\/BRUA-1536x757.png 1536w, https:\/\/www.blakors.no\/content\/uploads\/sites\/12\/2020\/10\/BRUA.png 1824w\" sizes=\"auto, (max-width: 1024px) 100vw, 1024px\" \/><\/figure>\n\n\n\n<h2 id=\"en-brukerstyrt-moteplass-med-blikket-rettet-mot-livet-etter-behandling\"  class=\"wp-block-heading\" >En brukerstyrt m\u00f8teplass med blikket rettet mot livet etter behandling<\/h2>\n\n\n\n<p><strong>Bagen og en pose med turkl\u00e6r st\u00e5r ute i gangen. I fellesstua er det morgenm\u00f8te, og han som eier bagasjen sitter i sofaen. Men han er ikke helt til stede. Magen er urolig, og hodet er et annet sted. Bussen g\u00e5r nemlig om 50 minutter. N\u00e5 gjelder det.<\/strong><\/p>\n\n\n\n<h2 id=\"avhengigheten-lever-ikke-isolert\"  class=\"wp-block-heading\" >Avhengigheten lever ikke isolert<\/h2>\n\n\n\n<p>Mange som kommer til Bl\u00e5 Kors Lade Behandlingssenter for behandling, har erfart hvordan avhengighet til rusmidler eller spill virker \u00f8deleggende for n\u00e6re relasjoner og forpliktelser i familie og arbeidsliv. Avhengigheten lever sjelden isolert, den flytter inn i hverdagen og p\u00e5virker \u00f8konomi, bosituasjon, helse og nettverk. <\/p>\n\n\n\n<h2 id=\"hverdagen-etter-behandling\"  class=\"wp-block-heading\" >Hverdagen etter behandling<\/h2>\n\n\n\n<p>Hvis behandling skal f\u00e5 virkning over tid, m\u00e5 en f\u00e5 hverdagen til \u00e5 fungere igjen. Da m\u00e5 vi bidra til \u00e5 trygge de s\u00e5rbare overgangene mellom behandling og livet der hjemme.<\/p>\n\n\n\n<p>Mange pasienter etterlyser bedre kjennskap og tilgjengelighet til st\u00f8tte og fellesskap som kan styrke rus- og hverdagsmestring.<\/p>\n\n\n\n<h2 id=\"bru-mellom-behandling-og-hverdagslivet\"  class=\"wp-block-heading\" >Bru mellom behandling og hverdagslivet<\/h2>\n\n\n\n<p>\u2013 Skap ditt eget ettervern, sier Jens Solem og Erik Holm fra brukerorganisasjonen A-larm. If\u00f8lge dem er ikke problemet mangelen p\u00e5 tilbud i kommunene, men at det mangler ei solid bru mellom behandling og hverdagslivet. Det var utgangspunktet for at de tidlig p\u00e5 h\u00f8sten i 2020 tok initiativ til et samarbeid med Bl\u00e5 Kors Lade Behandlingssenter, som resulterte i en samarbeidsavtale og oppstart av tilbudet Brua.<\/p>\n\n\n\n<div class=\"wp-block-lib-accentuated-link\"><a class=\"lib-link__link\" href=\"https:\/\/www.blakors.no\/lade\/brukerradet\/\" rel=\"noreferrer noopener\" target=\"_blank\"><div class=\"lib-link__text-content\"><h6 id=\"les-ogsa\"  class=\"lib-link__tagline\" >Les ogs\u00e5<\/h6><h3 id=\"brukerradet-ved-bla-kors-lade-behandlingssenter\"  class=\"lib-link__title\" >Brukerr\u00e5det ved Bl\u00e5 Kors Lade Behandlingssenter<\/h3><\/div><\/a><\/div>\n\n\n\n<h2 id=\"brua-handler-om-livet-etter-behandling\"  class=\"wp-block-heading\" ><strong>Brua<\/strong> handler om livet etter behandling <\/h2>\n\n\n\n<ul class=\"wp-block-list\"><li>hva er viktig for deg og dine?<\/li><li>hva trenger du \u00e5 ha p\u00e5 plass i din hverdag?<\/li><li>hva dr\u00f8mmer du om?<\/li><li>har du en heiagjeng?<\/li><li>hvordan kan du komme i gang &#8211; gjerne mens du enn\u00e5 er i behandling?<\/li><\/ul>\n\n\n\n<h2 id=\"nytt-tilbud-for-pasienter\"  class=\"wp-block-heading\" >Nytt tilbud for pasienter<\/h2>\n\n\n\n<p>Hver tirsdagskveld siden 20.oktober 2020, fra kl. 18-21, har A-larm invitert pasientene ved Bl\u00e5 Kors Lade Behandlingssenter til \u00e5 m\u00f8te dem i konferanserommet eller rundt b\u00e5lpanna p\u00e5 nedsida av hovedhuset. Korona-situasjonen har medf\u00f8rt at pasientene m\u00f8ter avdelingsvis med sine kohorter.<\/p>\n\n\n\n<h2 id=\"gode-tilbakemeldinger\"  class=\"wp-block-heading\" >Gode tilbakemeldinger<\/h2>\n\n\n\n<p>Oppm\u00f8tet har s\u00e5 langt v\u00e6rt stabilt og bra. Tilbakemeldingene fra de som deltar, er at vi skulle startet dette tidligere. \u00c5 m\u00f8te noen som har v\u00e6rt i behandling, og som har erfaring fra \u00e5 takle utfordringer i overgangen til livet der hjemme, er inspirerende og nyttig. <\/p>\n\n\n\n<p>A-larm vil utvikle tilbudet sammen med pasientene, og kan p\u00e5 foresp\u00f8rsel invitere andre lag, organisasjoner og fritidstilbud som orienterer om det de har \u00e5 tilby, eller andre med egenerfaring som deler sine erfaringer.<\/p>\n\n\n\n<h2 id=\"brukerorganisasjonen-a-larm\"  class=\"wp-block-heading\" >Brukerorganisasjonen A-larm<\/h2>\n\n\n\n<p>A-larm er en landsdekkende brukerorganisasjon for rusavhengige og p\u00e5r\u00f8rende. De etablerte seg i Trondheim i mars 2020, og flyttet nylig inn i eget lokale i Fjordgata i Trondheim Sentrum. Der vil de etter hvert kunne invitere til rusfritt samv\u00e6r, noe som ogs\u00e5 vil v\u00e6re tilgjengelig for v\u00e5re pasienter.<\/p>\n\n\n\n<div class=\"wp-block-buttons aligncenter is-layout-flex wp-block-buttons-is-layout-flex\">\n<div class=\"wp-block-button is-style-primary\"><a class=\"wp-block-button__link\" href=\"https:\/\/www.blakors.no\/lade\/sok-behandling\/\">S\u00f8k behandling<\/a><\/div>\n<\/div>\n<div class=\"article-meta--info\">\n<div class=\"dekode-module-was-this-helpful\">\n\t<div class=\"\">\n\t\t<h2>Var dette nyttig?<\/h2>\n\t\t<form id=\"dekode-wth-form\">\n\t\t\t<button id=\"dekode-wth-yes\" class=\"button\" name=\"dekode-wth-feedback\" type=\"submit\"\n\t\t\t\t\tvalue=\"1\">Ja<\/button>\n\t\t\t<button id=\"dekode-wth-no\" class=\"button\" name=\"dekode-wth-feedback\" type=\"submit\"\n\t\t\t\t\tvalue=\"0\">Nei<\/button>\n\t\t\t<input type=\"hidden\" name=\"post_id\" value=\"11630\"\/>\n\t\t<\/form>\n\t<\/div>\n<\/div>\n\n<div class=\"relations\">\n\t<div class=\"latest-updated\">\n\t\t<span class=\"label\">Senest oppdatert: <\/span>\n\t\t<span class=\"content\">18.03.2021<\/span>\n\t<\/div>\n\t<\/div>\n<\/div>","protected":false},"excerpt":{"rendered":"<p>En brukerstyrt m\u00f8teplass med blikket rettet mot livet etter behandling Bagen og en pose med turkl\u00e6r st\u00e5r ute i gangen. I fellesstua er det morgenm\u00f8te, og han som eier bagasjen sitter i sofaen. Men han er ikke helt til stede. Magen er urolig, og hodet er et annet sted. Bussen g\u00e5r nemlig om 50 minutter. [&hellip;]<\/p>\n","protected":false},"author":30,"featured_media":10173,"comment_status":"closed","ping_status":"closed","sticky":false,"template":"","format":"standard","meta":{"_acf_changed":false,"_relevanssi_hide_post":"","_relevanssi_hide_content":"","_relevanssi_pin_for_all":"","_relevanssi_pin_keywords":"","_relevanssi_unpin_keywords":"","_relevanssi_related_keywords":"","_relevanssi_related_include_ids":"","_relevanssi_related_exclude_ids":"","_relevanssi_related_no_append":"","_relevanssi_related_not_related":"","_relevanssi_related_posts":"11830,8963,10171,13210,13224,11855","_relevanssi_noindex_reason":"","sync_status":"","episode_type":"","audio_file":"","podmotor_file_id":"","podmotor_episode_id":"","castos_file_data":"","cover_image":"","cover_image_id":"","duration":"","filesize":"","filesize_raw":"","date_recorded":"","explicit":"","block":"","_custom_cards_description":"","footnotes":""},"categories":[18,11,7,8,1],"tags":[],"internal_tags":[],"class_list":["post-11630","post","type-post","status-publish","format-standard","has-post-thumbnail","hentry","category-aktuelt","category-alkohol-og-rusbehandling","category-forskning","category-pasienthistorie","category-ukategorisert"],"acf":[],"_links":{"self":[{"href":"https:\/\/www.blakors.no\/lade\/wp-json\/wp\/v2\/posts\/11630","targetHints":{"allow":["GET"]}}],"collection":[{"href":"https:\/\/www.blakors.no\/lade\/wp-json\/wp\/v2\/posts"}],"about":[{"href":"https:\/\/www.blakors.no\/lade\/wp-json\/wp\/v2\/types\/post"}],"author":[{"embeddable":true,"href":"https:\/\/www.blakors.no\/lade\/wp-json\/wp\/v2\/users\/30"}],"replies":[{"embeddable":true,"href":"https:\/\/www.blakors.no\/lade\/wp-json\/wp\/v2\/comments?post=11630"}],"version-history":[{"count":19,"href":"https:\/\/www.blakors.no\/lade\/wp-json\/wp\/v2\/posts\/11630\/revisions"}],"predecessor-version":[{"id":11649,"href":"https:\/\/www.blakors.no\/lade\/wp-json\/wp\/v2\/posts\/11630\/revisions\/11649"}],"wp:featuredmedia":[{"embeddable":true,"href":"https:\/\/www.blakors.no\/lade\/wp-json\/wp\/v2\/media\/10173"}],"wp:attachment":[{"href":"https:\/\/www.blakors.no\/lade\/wp-json\/wp\/v2\/media?parent=11630"}],"wp:term":[{"taxonomy":"category","embeddable":true,"href":"https:\/\/www.blakors.no\/lade\/wp-json\/wp\/v2\/categories?post=11630"},{"taxonomy":"post_tag","embeddable":true,"href":"https:\/\/www.blakors.no\/lade\/wp-json\/wp\/v2\/tags?post=11630"},{"taxonomy":"internal_tags","embeddable":true,"href":"https:\/\/www.blakors.no\/lade\/wp-json\/wp\/v2\/internal_tags?post=11630"}],"curies":[{"name":"wp","href":"https:\/\/api.w.org\/{rel}","templated":true}]}}